{"id":3485,"date":"2019-12-06T14:47:33","date_gmt":"2019-12-06T13:47:33","guid":{"rendered":"http:\/\/fleschmazowsza.com.pl\/?p=3485"},"modified":"2019-12-06T14:47:34","modified_gmt":"2019-12-06T13:47:34","slug":"grodziszczanin-na-fudzi","status":"publish","type":"post","link":"https:\/\/fleschmazowsza.com.pl\/?p=3485","title":{"rendered":"Grodziszczanin na Fud\u017ci"},"content":{"rendered":"\n<p><strong>Mieszka\u0144cy Grodziska Mazowieckiego zn\u00f3w triumfuj\u0105. Tym razem, jeden z nich, Mariusz Smys\u0142o zdoby\u0142 Fud\u017ci \u2013 najwy\u017cszy szczyt Japonii. Ten czynny stratowulkan zosta\u0142 wpisany na list\u0119 \u015bwiatowego dziedzictwa UNESCO, a ponadto jest wa\u017cnym dla kultury japo\u0144skiej miejscem kultu oraz \u017ar\u00f3d\u0142em artystycznej inspiracji.  <\/strong><\/p>\n\n\n\n<p>Fud\u017ci jest wa\u017cnym obiektem zar\u00f3wno\ndla miejscowych, jak i turyst\u00f3w, szczeg\u00f3lnie zainteresowanych\nwspinaczk\u0105. Wysoko\u015b\u0107 g\u00f3ry szacuje si\u0119 bowiem na 3776 m n.p.m. Za\nmiesi\u0105ce najbardziej dogodne do zdobywania szczytu uznaje si\u0119\nprze\u0142om lipca i sierpnia. Mariusz Smys\u0142o postanowi\u0142 jednak podj\u0105\u0107\nwspinaczk\u0119 teraz. G\u00f3ra z pewno\u015bci\u0105 zachwyca pi\u0119knymi widokami,\ncho\u0107 sam proces wspinania jest du\u017co trudniejszy o tej porze roku.<\/p>\n\n\n\n<p>Na profilu facebookowym \u201eGrodzisk\nPONAD chmurami\u201d Mariusz Smys\u0142o opisuje swoj\u0105 podr\u00f3\u017c w taki\nspos\u00f3b: \u201eNoc d\u0142u\u017cy\u0142a mi si\u0119 strasznie, nadesz\u0142a wreszcie\n3:30, chwila na szybki posi\u0142ek, spakowanie rzeczy i w drog\u0119 zgodnie\nz planem. G\u00f3ra pokryta jest \u015bniegiem, wiec zak\u0142adam raki,\nprzygotowuj\u0119 kije trekingowe, zak\u0142adam plecak i przemieszczam si\u0119\nw g\u00f3r\u0119. Podziwiam pi\u0119kne gwie\u017adziste niebo i ksi\u0119\u017cyc w pe\u0142ni\nzapieraj\u0105cy dech w piersiach. Jest cudownie, jednak skupiam si\u0119 na\nrobocie, bo jest ciemno i nie chce pope\u0142ni\u0107 b\u0142\u0119du lub zboczy\u0107 ze\nszlaku. Droga jest bardzo dobrze oznaczona i nie sprawia \u017cadnego\nproblemu. Mimo \u015bniegu i czarnego py\u0142u wulkanicznego przemieszczam\nsi\u0119 do\u015b\u0107 szybko, \u017ceby jak najwy\u017cej przywita\u0107 wsch\u00f3d s\u0142o\u0144ca.\nCo\u015b pi\u0119knego, stoj\u0119 nad chmurami, zaczyna \u015bwita\u0107 i s\u0142o\u0144ce\no\u015bwietla szczyt \u015awi\u0119tej G\u00f3ry Fud\u017ci \u2013 \u015bwiatowego dziedzictwa\nUNESCO. Mega widoki wynagradzaj\u0105 zm\u0119czenie i walk\u0119 o ka\u017cdy metr w\ndrodze na szczyt. Wreszcie 13 listopada 2019 r. o 8:52 melduj\u0119 si\u0119\nna wysoko\u015bci 3775 m n.p.m. Zadanie wykonane.\u201d<\/p>\n\n\n\n<p>Warto odwiedzi\u0107 stron\u0119 na Facebooku\nmieszka\u0144ca Grodziska Mazowieckiego cho\u0107by po to, aby obejrze\u0107\nfotorelacj\u0119 z wyprawy i popodziwia\u0107 niezwyk\u0142e widoki ze\nwspinaczki. Ponadto znajdziemy tam wiele interesuj\u0105cych informacji\nna temat samej g\u00f3ry Fud\u017ci. Mo\u017cemy prze\u015bledzi\u0107 r\u00f3wnie\u017c zdobycie\nszczytu pocz\u0105wszy od przygotowa\u0144.<\/p>\n\n\n\n<p class=\"has-text-align-right\"><strong>Aneta Czarnecka<\/strong><br>Fot.: <em><strong>Facebook (Grodzisk PONAD chmurami)<\/strong><\/em><\/p>\n","protected":false},"excerpt":{"rendered":"<p>Mieszka\u0144cy Grodziska Mazowieckiego zn\u00f3w triumfuj\u0105. Tym razem, jeden z nich, Mariusz Smys\u0142o zdoby\u0142 Fud\u017ci \u2013 najwy\u017cszy szczyt Japonii. Ten czynny stratowulkan zosta\u0142 wpisany na list\u0119 \u015bwiatowego dziedzictwa UNESCO, a ponadto jest wa\u017cnym dla kultury japo\u0144skiej miejscem kultu oraz \u017ar\u00f3d\u0142em artystycznej inspiracji. Fud\u017ci jest wa\u017cnym obiektem zar\u00f3wno dla miejscowych, jak i turyst\u00f3w, szczeg\u00f3lnie zainteresowanych wspinaczk\u0105. Wysoko\u015b\u0107 [&hellip;]<\/p>\n","protected":false},"author":2,"featured_media":3486,"comment_status":"closed","ping_status":"open","sticky":false,"template":"","format":"standard","meta":{"footnotes":""},"categories":[5],"tags":[],"class_list":["post-3485","post","type-post","status-publish","format-standard","has-post-thumbnail","hentry","category-wiadomosci"],"_links":{"self":[{"href":"https:\/\/fleschmazowsza.com.pl\/index.php?rest_route=\/wp\/v2\/posts\/3485","targetHints":{"allow":["GET"]}}],"collection":[{"href":"https:\/\/fleschmazowsza.com.pl\/index.php?rest_route=\/wp\/v2\/posts"}],"about":[{"href":"https:\/\/fleschmazowsza.com.pl\/index.php?rest_route=\/wp\/v2\/types\/post"}],"author":[{"embeddable":true,"href":"https:\/\/fleschmazowsza.com.pl\/index.php?rest_route=\/wp\/v2\/users\/2"}],"replies":[{"embeddable":true,"href":"https:\/\/fleschmazowsza.com.pl\/index.php?rest_route=%2Fwp%2Fv2%2Fcomments&post=3485"}],"version-history":[{"count":1,"href":"https:\/\/fleschmazowsza.com.pl\/index.php?rest_route=\/wp\/v2\/posts\/3485\/revisions"}],"predecessor-version":[{"id":3487,"href":"https:\/\/fleschmazowsza.com.pl\/index.php?rest_route=\/wp\/v2\/posts\/3485\/revisions\/3487"}],"wp:featuredmedia":[{"embeddable":true,"href":"https:\/\/fleschmazowsza.com.pl\/index.php?rest_route=\/wp\/v2\/media\/3486"}],"wp:attachment":[{"href":"https:\/\/fleschmazowsza.com.pl\/index.php?rest_route=%2Fwp%2Fv2%2Fmedia&parent=3485"}],"wp:term":[{"taxonomy":"category","embeddable":true,"href":"https:\/\/fleschmazowsza.com.pl\/index.php?rest_route=%2Fwp%2Fv2%2Fcategories&post=3485"},{"taxonomy":"post_tag","embeddable":true,"href":"https:\/\/fleschmazowsza.com.pl\/index.php?rest_route=%2Fwp%2Fv2%2Ftags&post=3485"}],"curies":[{"name":"wp","href":"https:\/\/api.w.org\/{rel}","templated":true}]}}