{"id":3478,"date":"2019-12-06T14:35:05","date_gmt":"2019-12-06T13:35:05","guid":{"rendered":"http:\/\/fleschmazowsza.com.pl\/?p=3478"},"modified":"2019-12-06T14:35:06","modified_gmt":"2019-12-06T13:35:06","slug":"co-z-torami-rowerowymi-w-milanowku","status":"publish","type":"post","link":"https:\/\/fleschmazowsza.com.pl\/?p=3478","title":{"rendered":"Co z torami rowerowymi w Milan\u00f3wku?"},"content":{"rendered":"\n<p><strong>W Milan\u00f3wku od 2018 roku trwa poszukiwanie wykonawcy budowy tor\u00f3w rowerowych \u2013 pumtrack i dirt jump. W\u0142adze miasta bezskutecznie prowadz\u0105 dzia\u0142ania w tym zakresie. Czy tory rowerowe powstan\u0105?<\/strong><\/p>\n\n\n\n<p>W\u0142adze miasta odpowiadaj\u0105, \u017ce w tym\nroku tor\u00f3w nie b\u0119dzie, to pewne. Jest jednak szansa na to, aby tory\nrowerowe powsta\u0142y za rok.<\/p>\n\n\n\n<p>\u2013 W sprawie realizacji inwestycji\nbudowy pumptracka i toru do dirt jumpu w Milan\u00f3wku informuj\u0119, i\u017c\ngmina jest w trakcie przygotowywania post\u0119powania przetargowego na\nww. inwestycj\u0119, tak aby w przysz\u0142ym roku dosz\u0142a rzeczywi\u015bcie do\nskutku. W projekcie bud\u017cetu na 2020 r. zosta\u0142y zabezpieczone \u015brodki\nna realizacj\u0119 zadania \u2013 twierdzi Tomasz Hajdus, kierownik Referatu\nTechnicznej Obs\u0142ugi Miasta w Milan\u00f3wku.<\/p>\n\n\n\n<p>Podobne obiekty powsta\u0142y ju\u017c w\nokolicach Milan\u00f3wka, m.in. w Brwinowie i Grodzisku Mazowieckim.\nW\u0142adze miasta planowa\u0142y przeznaczy\u0107 na realizacj\u0119 projektu nie\nwi\u0119cej ni\u017c 250 tys. z\u0142otych. Zastanawiaj\u0105cy jest jednak fakt, \u017ce\npumptrack w Brwinowie kosztowa\u0142 ok. 467 tys. z\u0142otych, a plan\ndotyczy\u0142 budowy jednego toru. Kierownik Referatu Technicznej Obs\u0142ugi\nMiasta w Milan\u00f3wku t\u0142umaczy:<\/p>\n\n\n\n<p>\u2013 Trudno odnie\u015b\u0107 si\u0119 do\nprzedstawionych cen ze wzgl\u0119du na brak informacji co do zawarto\u015bci\nprojektu pumptracka w Brwinowie, a tym samym braku mo\u017cliwo\u015bci\npor\u00f3wnania zakres\u00f3w, natomiast w uog\u00f3lnieniu mo\u017cemy domniemywa\u0107,\n\u017ce poruszamy si\u0119 w podobnej wielko\u015bci cenowej. Nie mniej jednak\ngminie Milan\u00f3wek bardzo zale\u017cy na powstaniu niniejszego pumptracka\ni toru do dirt jumpu ze wzgl\u0119du na otrzymane dofinansowanie na\nrealizacj\u0119 tej inwestycji, sukcesy mi\u0119dzynarodowe naszych m\u0142odych\nmieszka\u0144c\u00f3w, propagowanie tych\u017ce sport\u00f3w w Milan\u00f3wku oraz\nmo\u017cliwo\u015b\u0107 zach\u0119cenia m\u0142odzie\u017cy do uprawiania sportu na \u015bwie\u017cym\npowietrzu.<\/p>\n\n\n\n<p>Tory rowerowe zgodnie z projektem\nmia\u0142yby powsta\u0107 przy ul. Turczynek, a ich d\u0142ugo\u015bci mia\u0142yby\nwynosi\u0107 odpowiednio: 80 m do dirty jumpu oraz 100 m toru pumptrack.<\/p>\n\n\n\n<p class=\"has-text-align-right\"><strong>Aneta Czarnecka<\/strong><br>Fot.: <em><strong>brwinow.pl<\/strong><\/em><\/p>\n","protected":false},"excerpt":{"rendered":"<p>W Milan\u00f3wku od 2018 roku trwa poszukiwanie wykonawcy budowy tor\u00f3w rowerowych \u2013 pumtrack i dirt jump. W\u0142adze miasta bezskutecznie prowadz\u0105 dzia\u0142ania w tym zakresie. Czy tory rowerowe powstan\u0105? W\u0142adze miasta odpowiadaj\u0105, \u017ce w tym roku tor\u00f3w nie b\u0119dzie, to pewne. Jest jednak szansa na to, aby tory rowerowe powsta\u0142y za rok. \u2013 W sprawie realizacji [&hellip;]<\/p>\n","protected":false},"author":2,"featured_media":3479,"comment_status":"closed","ping_status":"open","sticky":false,"template":"","format":"standard","meta":{"footnotes":""},"categories":[5],"tags":[],"class_list":["post-3478","post","type-post","status-publish","format-standard","has-post-thumbnail","hentry","category-wiadomosci"],"_links":{"self":[{"href":"https:\/\/fleschmazowsza.com.pl\/index.php?rest_route=\/wp\/v2\/posts\/3478","targetHints":{"allow":["GET"]}}],"collection":[{"href":"https:\/\/fleschmazowsza.com.pl\/index.php?rest_route=\/wp\/v2\/posts"}],"about":[{"href":"https:\/\/fleschmazowsza.com.pl\/index.php?rest_route=\/wp\/v2\/types\/post"}],"author":[{"embeddable":true,"href":"https:\/\/fleschmazowsza.com.pl\/index.php?rest_route=\/wp\/v2\/users\/2"}],"replies":[{"embeddable":true,"href":"https:\/\/fleschmazowsza.com.pl\/index.php?rest_route=%2Fwp%2Fv2%2Fcomments&post=3478"}],"version-history":[{"count":1,"href":"https:\/\/fleschmazowsza.com.pl\/index.php?rest_route=\/wp\/v2\/posts\/3478\/revisions"}],"predecessor-version":[{"id":3480,"href":"https:\/\/fleschmazowsza.com.pl\/index.php?rest_route=\/wp\/v2\/posts\/3478\/revisions\/3480"}],"wp:featuredmedia":[{"embeddable":true,"href":"https:\/\/fleschmazowsza.com.pl\/index.php?rest_route=\/wp\/v2\/media\/3479"}],"wp:attachment":[{"href":"https:\/\/fleschmazowsza.com.pl\/index.php?rest_route=%2Fwp%2Fv2%2Fmedia&parent=3478"}],"wp:term":[{"taxonomy":"category","embeddable":true,"href":"https:\/\/fleschmazowsza.com.pl\/index.php?rest_route=%2Fwp%2Fv2%2Fcategories&post=3478"},{"taxonomy":"post_tag","embeddable":true,"href":"https:\/\/fleschmazowsza.com.pl\/index.php?rest_route=%2Fwp%2Fv2%2Ftags&post=3478"}],"curies":[{"name":"wp","href":"https:\/\/api.w.org\/{rel}","templated":true}]}}