{"id":3472,"date":"2019-12-06T14:25:39","date_gmt":"2019-12-06T13:25:39","guid":{"rendered":"http:\/\/fleschmazowsza.com.pl\/?p=3472"},"modified":"2019-12-06T14:25:40","modified_gmt":"2019-12-06T13:25:40","slug":"mazowsze-wprowadzi-karte-dla-rodzin-z-dzieckiem-z-niepelnosprawnoscia","status":"publish","type":"post","link":"https:\/\/fleschmazowsza.com.pl\/?p=3472","title":{"rendered":"MAZOWSZE WPROWADZI KART\u0118 DLA RODZIN Z DZIECKIEM Z NIEPE\u0141NOSPRAWNO\u015aCI\u0104"},"content":{"rendered":"\n<p><strong>Ju\u017c od 1 stycznia ruszy pilota\u017cowo Mazowiecka karta dla rodzin z dzieckiem z  niepe\u0142nosprawno\u015bci\u0105. Dzieci i ich opiekunowie b\u0119d\u0105 mogli liczy\u0107 na 100 proc. zni\u017ck\u0119 w poci\u0105gach Kolei Mazowieckich i Warszawskiej Kolei Dojazdowej i du\u017ce zni\u017cki w mazowieckich instytucjach kultury. Samorz\u0105d zamierza zaprosi\u0107 do katalogu partner\u00f3w nie tylko samorz\u0105dy, ale i  mazowieckich przedsi\u0119biorc\u00f3w.<\/strong><\/p>\n\n\n\n<p>Prace nad wprowadzeniem karty rozpocz\u0119\u0142y si\u0119 z inicjatywy\nrodzic\u00f3w i os\u00f3b zwi\u0105zanych zawodowo z dzie\u0107mi z\nniepe\u0142nosprawno\u015bci\u0105. Karta ma od 2020 r. obejmowa\u0107 preferencjami\nniepe\u0142nosprawne dzieci i m\u0142odzie\u017c do 18 r.\u017c. oraz opiekuna.\nMazowsze by\u0142oby pierwszym wojew\u00f3dztwem wprowadzaj\u0105cym takie\nrozwi\u0105zanie.<\/p>\n\n\n\n<p>\u2013 Naszym celem by\u0142o wypracowanie systemu ulg, ale przede\nwszystkim stworzenie jednej karty na Mazowszu, do kt\u00f3rej mog\u0105\nprzyst\u0105pi\u0107 nie tylko instytucje samorz\u0105du wojew\u00f3dztwa, ale i\nsamorz\u0105dy lokalne oraz przedsi\u0119biorcy i podmioty ekonomii\nspo\u0142ecznej czyli np. sp\u00f3\u0142dzielnie socjalne \u2013 m\u00f3wi\u0142a cz\u0142onek\nzarz\u0105du wojew\u00f3dztwa El\u017cbieta Lanc.<\/p>\n\n\n\n<p>Obecnie trwaj\u0105 prace nad regulaminem, wzorem karty i katalogiem\npartner\u00f3w. Akces do projektu zg\u0142osi\u0142y ju\u017c instytucje kultury\nsamorz\u0105du wojew\u00f3dztwa mazowieckiego \u2013 teatry, muzea czy skanseny.\nZni\u017cki przez nie oferowane wynios\u0105 od 50 proc.<\/p>\n\n\n\n<p>Ulgi dotyczy\u0142yby r\u00f3wnie\u017c \u015brodk\u00f3w transportu (w tej chwili \u2013\nKolei Mazowieckich oraz Warszawskiej Kolei Dojazdowej). Do tej pory\ndzieciom z niepe\u0142nosprawno\u015bci\u0105 i opiekunowi w KM ustawowo\nprzys\u0142ugiwa\u0142a zni\u017cka od 78 proc. Mazowiecka karta pozwoli\nskorzysta\u0107 z bezp\u0142atnych przejazd\u00f3w, czyli 100-procentowej ulgi.<\/p>\n\n\n\n<p>Do partner\u00f3w karty zapraszane s\u0105 podmioty ekonomii spo\u0142ecznej \u2013\nm.in. jad\u0142odajnie, kawiarnie, sklepy i sklepy z r\u0119kodzie\u0142ami.<\/p>\n\n\n\n<p>\u2013 Zach\u0119camy r\u00f3wnie\u017c przedsi\u0119biorc\u00f3w, by zaanga\u017cowali si\u0119\nw ten projekt. Chodzi przecie\u017c o to, by zaktywizowa\u0107 dzieci\nniepe\u0142nosprawne, u\u0142atwi\u0107 im dost\u0119p do wydarze\u0144 kulturalnych, do\nr\u00f3\u017cnego typu zaj\u0119\u0107, ale te\u017c u\u0142atwi\u0107 \u017cycie ich rodzinom \u2013\npodkre\u015bla\u0142a El\u017cbieta Lanc.<\/p>\n\n\n\n<p>Na Mazowszu mieszka ok. 50 tys. dzieci z niepe\u0142nosprawno\u015bci\u0105.\nSamorz\u0105d wojew\u00f3dztwa planuje zabezpieczy\u0107 na pilota\u017c zwi\u0105zany z\nwprowadzeniem Mazowieckiej karty dla rodzin z dzieckiem z\nniepe\u0142nosprawno\u015bci\u0105 2 mln z\u0142. \n<\/p>\n\n\n\n<p class=\"has-text-align-right\"><strong>Marta Milewska<\/strong><br><em>Rzeczniczka Prasowa<br>Urz\u0105d Marsza\u0142kowski Wojew\u00f3dztwa Mazowieckiego  <\/em><\/p>\n","protected":false},"excerpt":{"rendered":"<p>Ju\u017c od 1 stycznia ruszy pilota\u017cowo Mazowiecka karta dla rodzin z dzieckiem z niepe\u0142nosprawno\u015bci\u0105. Dzieci i ich opiekunowie b\u0119d\u0105 mogli liczy\u0107 na 100 proc. zni\u017ck\u0119 w poci\u0105gach Kolei Mazowieckich i Warszawskiej Kolei Dojazdowej i du\u017ce zni\u017cki w mazowieckich instytucjach kultury. Samorz\u0105d zamierza zaprosi\u0107 do katalogu partner\u00f3w nie tylko samorz\u0105dy, ale i mazowieckich przedsi\u0119biorc\u00f3w. Prace nad [&hellip;]<\/p>\n","protected":false},"author":2,"featured_media":3473,"comment_status":"closed","ping_status":"open","sticky":false,"template":"","format":"standard","meta":{"footnotes":""},"categories":[5],"tags":[],"class_list":["post-3472","post","type-post","status-publish","format-standard","has-post-thumbnail","hentry","category-wiadomosci"],"_links":{"self":[{"href":"https:\/\/fleschmazowsza.com.pl\/index.php?rest_route=\/wp\/v2\/posts\/3472","targetHints":{"allow":["GET"]}}],"collection":[{"href":"https:\/\/fleschmazowsza.com.pl\/index.php?rest_route=\/wp\/v2\/posts"}],"about":[{"href":"https:\/\/fleschmazowsza.com.pl\/index.php?rest_route=\/wp\/v2\/types\/post"}],"author":[{"embeddable":true,"href":"https:\/\/fleschmazowsza.com.pl\/index.php?rest_route=\/wp\/v2\/users\/2"}],"replies":[{"embeddable":true,"href":"https:\/\/fleschmazowsza.com.pl\/index.php?rest_route=%2Fwp%2Fv2%2Fcomments&post=3472"}],"version-history":[{"count":1,"href":"https:\/\/fleschmazowsza.com.pl\/index.php?rest_route=\/wp\/v2\/posts\/3472\/revisions"}],"predecessor-version":[{"id":3474,"href":"https:\/\/fleschmazowsza.com.pl\/index.php?rest_route=\/wp\/v2\/posts\/3472\/revisions\/3474"}],"wp:featuredmedia":[{"embeddable":true,"href":"https:\/\/fleschmazowsza.com.pl\/index.php?rest_route=\/wp\/v2\/media\/3473"}],"wp:attachment":[{"href":"https:\/\/fleschmazowsza.com.pl\/index.php?rest_route=%2Fwp%2Fv2%2Fmedia&parent=3472"}],"wp:term":[{"taxonomy":"category","embeddable":true,"href":"https:\/\/fleschmazowsza.com.pl\/index.php?rest_route=%2Fwp%2Fv2%2Fcategories&post=3472"},{"taxonomy":"post_tag","embeddable":true,"href":"https:\/\/fleschmazowsza.com.pl\/index.php?rest_route=%2Fwp%2Fv2%2Ftags&post=3472"}],"curies":[{"name":"wp","href":"https:\/\/api.w.org\/{rel}","templated":true}]}}