{"id":3464,"date":"2019-11-22T13:27:09","date_gmt":"2019-11-22T12:27:09","guid":{"rendered":"http:\/\/fleschmazowsza.com.pl\/?p=3464"},"modified":"2019-11-22T13:27:11","modified_gmt":"2019-11-22T12:27:11","slug":"czy-smog-szkodzi-dzieciom","status":"publish","type":"post","link":"https:\/\/fleschmazowsza.com.pl\/?p=3464","title":{"rendered":"Czy smog szkodzi dzieciom?"},"content":{"rendered":"\n<p><strong>W okresie grzewczym coraz cz\u0119\u015bciej og\u0142aszane s\u0105 alarmy smogowe. W jaki spos\u00f3b smog wp\u0142ywa na zdrowie naszych dzieci ujawniaj\u0105 wyniki pierwszego og\u00f3lnopolskiego badania epidemiologicznego.<\/strong><\/p>\n\n\n\n<p>Zanieczyszczenie powietrza, a dok\u0142adnie\npy\u0142y zawieszone PM2,5 i PM10 stanowi\u0105ce kluczow\u0105 grup\u0119 czynnik\u00f3w\nwp\u0142ywaj\u0105cych na formowanie si\u0119 zjawiska smogu, ma negatywny wp\u0142yw\nna zdrowie dzieci.<\/p>\n\n\n\n<p>Wyniki\npierwszego og\u00f3lnopolskiego badania epidemiologicznego zrealizowanego\nprzez Warszawski Uniwersytet Medyczny, ARC Rynek i Opinia oraz\nPolitechnik\u0119 Warszawsk\u0105 pokazuj\u0105, \u017ce w miejscach z najwy\u017cszym\nst\u0119\u017ceniem py\u0142\u00f3w PM2,5 i PM10 dzieci cz\u0119\u015bciej kaszl\u0105, kichaj\u0105,\nmaj\u0105 katar oraz objawy alergii wziewnej. Co wi\u0119cej, na tych\nobszarach liczba dzieci z astm\u0105 jest czterokrotnie wy\u017csza ni\u017c tam,\ngdzie zanieczyszcze\u0144 jest najmniej.<\/p>\n\n\n\n<p class=\"has-text-align-center\"><strong>Nowatorski projekt naukowo-badawczy<\/strong><\/p>\n\n\n\n<p>W ci\u0105gu ostatniego stulecia powsta\u0142o\nwiele prac wskazuj\u0105cych na negatywny wp\u0142yw zanieczyszczonego\npowietrza na chorobowo\u015b\u0107 i \u015bmiertelno\u015b\u0107. Ameryka\u0144ska Agencja\nOchrony \u015arodowiska opisuje zanieczyszczenia powietrza jako jeden z 5\ng\u0142\u00f3wnych \u015brodowiskowych zagro\u017ce\u0144 dla zdrowia. Zgodnie z\nszacunkami \u015awiatowej Organizacji Zdrowia WHO na \u015bwiecie oko\u0142o 92%\nos\u00f3b oddycha zanieczyszczonym powietrzem.<\/p>\n\n\n\n<p>Celem nowatorskiego projektu\nnaukowo-badawczego \u201eWp\u0142yw st\u0119\u017cenia py\u0142\u00f3w zawieszonych PM10 i\nPM2,5 na wyst\u0119powanie dolegliwo\u015bci g\u00f3rnych dr\u00f3g oddechowych u\ndzieci w wieku 3-12 lat\u201d, przygotowanego we wsp\u00f3\u0142pracy z\nSamorz\u0105dem Wojew\u00f3dztwa Mazowieckiego, Philips, Okam Capital,\nOknoplast, oraz Airly by\u0142o sprawdzenie, na ile zanieczyszczenie\npowietrza py\u0142ami zawieszonymi oddzia\u0142uje na zdrowie dzieci, a\nszczeg\u00f3lnie na ich drogi oddechowe.<\/p>\n\n\n\n<p class=\"has-text-align-center\"><strong>Jakie s\u0105 g\u0142\u00f3wne wnioski z\nbadania?<\/strong><\/p>\n\n\n\n<ul class=\"wp-block-list\"><li>py\u0142y zawieszone PM2,5 i PM10\n\tdzia\u0142aj\u0105 \u201epo cichu\u201d \u2013 objawy zdrowotne przy wy\u017cszych\n\tst\u0119\u017ceniach nie s\u0105 widoczne od razu, lecz wida\u0107 je w perspektywie\n\td\u0142ugoterminowej;\n\t<\/li><li>wysokie st\u0119\u017cenia py\u0142u PM2,5\n\toraz py\u0142u PM10 powoduj\u0105 niemal takie same objawy;\n\t<\/li><li>w miejscowo\u015bciach o wysokim\n\tst\u0119\u017ceniu py\u0142\u00f3w PM2,5 i PM10 dzieci wykazuj\u0105 objawy infekcji\n\tg\u00f3rnych dr\u00f3g oddechowych cz\u0119\u015bciej, ni\u017c w miejscowo\u015bciach z\n\tniskim st\u0119\u017ceniem, na przyk\u0142ad:\n\t<ul><li>10% wi\u0119cej dzieci ma katar\n\t\t<\/li><li>\u015brednio 8,5% wi\u0119cej dzieci ma\n\t\tkaszel\n\t\t<\/li><li>11% wi\u0119cej dzieci kicha\n\t<\/li><\/ul>\n\t<\/li><li>g\u0142\u00f3wnie wysokie (vs. niskie i\n\t\u015brednie) st\u0119\u017cenie py\u0142\u00f3w zawieszonych ma negatywny wp\u0142yw na\n\tzdrowie i poznawcze funkcjonowanie dzieci. Widoczne s\u0105 w tym\n\tobszarze r\u00f3\u017cnice mi\u0119dzy poszczeg\u00f3lnymi miejscowo\u015bciami, w\n\tzale\u017cno\u015bci od st\u0119\u017cenia zanieczyszcze\u0144 powietrza. Najwi\u0119ksze\n\tr\u00f3\u017cnice wyst\u0119puj\u0105 mi\u0119dzy miastami z wysokim st\u0119\u017ceniem a\n\tniskim;\n\t<\/li><li>w miejscowo\u015bciach z wysokim\n\tst\u0119\u017ceniem py\u0142\u00f3w zawieszonych dwa razy cz\u0119\u015bciej rodzice\n\tzg\u0142aszaj\u0105 fakt alergii wziewnej u dziecka;\n\t<\/li><li>nara\u017cenie na zanieczyszczenie\n\tpowietrza to 4-krotnie wi\u0119ksze ryzyko wyst\u0105pienia objaw\u00f3w astmy\n\tzg\u0142aszanych u dziecka przez jego rodzic\u00f3w.\n<\/li><\/ul>\n\n\n\n<p class=\"has-text-align-center\"><strong>Informacja na temat metodologii\nbadania<\/strong><\/p>\n\n\n\n<p>W badaniu uwzgl\u0119dniono dwa \u017ar\u00f3d\u0142a\ndanych \u2013 pierwsze z nich to informacje z ankiet dotycz\u0105cych\nsamopoczucia dzieci wype\u0142nianych przez rodzic\u00f3w, drugie to\ninformacje z czujnik\u00f3w mierz\u0105cych st\u0119\u017cenia py\u0142\u00f3w\nzlokalizowanych w miejscowo\u015bciach, z kt\u00f3rych pochodzili\nrespondenci.<\/p>\n\n\n\n<p>Pr\u00f3ba zosta\u0142a dobrana w taki spos\u00f3b,\naby w badaniu uwzgl\u0119dnione by\u0142y dzieci z miejscowo\u015bci o r\u00f3\u017cnym\nst\u0119\u017ceniu py\u0142\u00f3w. W projekcie wzi\u0119\u0142o udzia\u0142 1475 respondent\u00f3w.\nPr\u00f3ba w badaniu mia\u0142a charakter kliniczny. Badanie by\u0142o prowadzone\nod listopada 2018 roku do marca 2019 roku, a nad analiz\u0105 wynik\u00f3w\nprzez kolejne miesi\u0105ce pracowa\u0142 zesp\u00f3\u0142 naukowc\u00f3w, badaczy i\nanalityk\u00f3w.<\/p>\n\n\n\n<p>Wi\u0119cej informacji na temat projektu,\njego organizator\u00f3w, partner\u00f3w i ekspert\u00f3w znajd\u0105 Pa\u0144stwo na\nstronie: <a href=\"https:\/\/zdrowiedzieciasmog.arc.com.pl\/\"><strong>https:\/\/zdrowiedzieciasmog.arc.com.pl\/<\/strong><\/a><\/p>\n\n\n\n<p class=\"has-text-align-right\">\u0179r\u00f3d\u0142o: <strong>www.mazovia.pl<\/strong><br>Fot. <strong><em>pixabay.com<\/em><\/strong><\/p>\n","protected":false},"excerpt":{"rendered":"<p>W okresie grzewczym coraz cz\u0119\u015bciej og\u0142aszane s\u0105 alarmy smogowe. W jaki spos\u00f3b smog wp\u0142ywa na zdrowie naszych dzieci ujawniaj\u0105 wyniki pierwszego og\u00f3lnopolskiego badania epidemiologicznego. Zanieczyszczenie powietrza, a dok\u0142adnie py\u0142y zawieszone PM2,5 i PM10 stanowi\u0105ce kluczow\u0105 grup\u0119 czynnik\u00f3w wp\u0142ywaj\u0105cych na formowanie si\u0119 zjawiska smogu, ma negatywny wp\u0142yw na zdrowie dzieci. Wyniki pierwszego og\u00f3lnopolskiego badania epidemiologicznego zrealizowanego [&hellip;]<\/p>\n","protected":false},"author":2,"featured_media":3465,"comment_status":"closed","ping_status":"open","sticky":false,"template":"","format":"standard","meta":{"footnotes":""},"categories":[9],"tags":[],"class_list":["post-3464","post","type-post","status-publish","format-standard","has-post-thumbnail","hentry","category-edukacja"],"_links":{"self":[{"href":"https:\/\/fleschmazowsza.com.pl\/index.php?rest_route=\/wp\/v2\/posts\/3464","targetHints":{"allow":["GET"]}}],"collection":[{"href":"https:\/\/fleschmazowsza.com.pl\/index.php?rest_route=\/wp\/v2\/posts"}],"about":[{"href":"https:\/\/fleschmazowsza.com.pl\/index.php?rest_route=\/wp\/v2\/types\/post"}],"author":[{"embeddable":true,"href":"https:\/\/fleschmazowsza.com.pl\/index.php?rest_route=\/wp\/v2\/users\/2"}],"replies":[{"embeddable":true,"href":"https:\/\/fleschmazowsza.com.pl\/index.php?rest_route=%2Fwp%2Fv2%2Fcomments&post=3464"}],"version-history":[{"count":1,"href":"https:\/\/fleschmazowsza.com.pl\/index.php?rest_route=\/wp\/v2\/posts\/3464\/revisions"}],"predecessor-version":[{"id":3466,"href":"https:\/\/fleschmazowsza.com.pl\/index.php?rest_route=\/wp\/v2\/posts\/3464\/revisions\/3466"}],"wp:featuredmedia":[{"embeddable":true,"href":"https:\/\/fleschmazowsza.com.pl\/index.php?rest_route=\/wp\/v2\/media\/3465"}],"wp:attachment":[{"href":"https:\/\/fleschmazowsza.com.pl\/index.php?rest_route=%2Fwp%2Fv2%2Fmedia&parent=3464"}],"wp:term":[{"taxonomy":"category","embeddable":true,"href":"https:\/\/fleschmazowsza.com.pl\/index.php?rest_route=%2Fwp%2Fv2%2Fcategories&post=3464"},{"taxonomy":"post_tag","embeddable":true,"href":"https:\/\/fleschmazowsza.com.pl\/index.php?rest_route=%2Fwp%2Fv2%2Ftags&post=3464"}],"curies":[{"name":"wp","href":"https:\/\/api.w.org\/{rel}","templated":true}]}}