{"id":3461,"date":"2019-11-22T13:16:37","date_gmt":"2019-11-22T12:16:37","guid":{"rendered":"http:\/\/fleschmazowsza.com.pl\/?p=3461"},"modified":"2019-11-22T13:16:38","modified_gmt":"2019-11-22T12:16:38","slug":"edukacja-globalna-dla-dzieci","status":"publish","type":"post","link":"https:\/\/fleschmazowsza.com.pl\/?p=3461","title":{"rendered":"Edukacja globalna dla dzieci"},"content":{"rendered":"\n<p><strong>W podkowia\u0144skiej Szkole Podstawowej im. Bohater\u00f3w Warszawy dobiega ko\u0144ca projekt \u201eZiemia naszym domem! Warsztaty z edukacji globalnej\u201d. Idealnie trafia on w potrzeby edukacyjne wsp\u00f3\u0142czesnych dzieci. Autorem warsztat\u00f3w jest milanowska Fundacja Musszelka, w osobach Joanny Mi\u015b-Skrzypczak i Beaty Frankowskiej-Patrzykont. Od kilku ju\u017c lat prowadz\u0105 one w  lokalnych szko\u0142ach, przedszkolach, o\u015brodkach kultury, bibliotekach zaj\u0119cia dla najm\u0142odszych, kt\u00f3rych wsp\u00f3lnym mianownikiem jest ekologia, wielokulturowo\u015b\u0107 oraz sztuka opowiadania. Fina\u0142 warsztat\u00f3w odb\u0119dzie si\u0119 w Pa\u0142acyku Kasyno, 24 listopada o godz. 12.30. Na prezentacj\u0119 dzieci\u0119cej wiedzy o ekologii oraz na spektakl \u201eMali Sindbadzi. Dzieci w drodze\u201d zaproszeni s\u0105 wszyscy mieszka\u0144cy Podkowy Le\u015bnej i okolic.<\/strong><\/p>\n\n\n\n<p>Czym jest edukacja globalna? Obejmuje\nona takie zagadnienia, jak: \u017cycie spo\u0142eczne, ekologia i prawa\ncz\u0142owieka, uj\u0119te w perspektywie globalnej. S\u0142owem: jednostkowe\ndzia\u0142ania ka\u017cdego cz\u0142owieka, tu i teraz, w najbli\u017cszej okolicy\nmaj\u0105 znaczenie dla ca\u0142ego \u015bwiata.<\/p>\n\n\n\n<p class=\"has-text-align-center\"><strong>Dzieci maj\u0105 prawa<\/strong><\/p>\n\n\n\n<p>Fundacja Musszelka w projekcie\nskierowanym do dzieci wychodzi od praw dziecka, zakorzenionych w\npolskiej pedagogice dzi\u0119ki Januszowi Korczakowi. Prawa te \nzagwarantowane s\u0105 w mi\u0119dzynarodowej Konwencji o Prawach Dziecka i\ndotycz\u0105 m.in. wolno\u015bci wypowiadania przez dzieci w\u0142asnych pogl\u0105d\u00f3w\noraz zrzeszania si\u0119 w kwestiach dla dzieci wa\u017cnych, a wi\u0119c r\u00f3wnie\u017c\nekologicznych.<\/p>\n\n\n\n<p>Przyk\u0142ady wyst\u0105pie\u0144 proekologicznych\nzagwarantowanych przez prawa dziecka to M\u0142odzie\u017cowy Strajk\nKlimatyczny oraz wyst\u0105pienia w obronie klimatu Grety Thunberg i\ngrodziszczanki Ingi Zasowskiej.<\/p>\n\n\n\n<p>Celem warsztat\u00f3w Musszelki jest\nu\u015bwiadomienie dzieciom, \u017ce maj\u0105 prawo do dzia\u0142ania na rzecz\nplanety i \u017ce s\u0105 tu potencjalnie sprawcze. Cho\u0107 dzieci s\u0105 r\u00f3\u017cne\n\u2013 w r\u00f3\u017cnych zak\u0105tkach \u015bwiata \u017cyj\u0105 inaczej, ich codzienno\u015b\u0107\njest inna \u2013 maj\u0105 te same prawa.<\/p>\n\n\n\n<p class=\"has-text-align-center\"><strong>Ziemia jest dobrem wsp\u00f3lnym<\/strong><\/p>\n\n\n\n<p>Dzieci maj\u0105 prawo zadba\u0107 o przyrod\u0119\nnie tylko we w\u0142asnym kraju, ale r\u00f3wnie\u017c w innych, cho\u0107 nie s\u0105\nich obywatelami. Ziemia jest dobrem wsp\u00f3lnym, procesy przyrodnicze\nna Ziemi s\u0105 po\u0142\u0105czone, zatem przyroda, nie tylko lokalna czy\nrodzima, ale i w innych krajach powinna by\u0107 przedmiotem dzieci\u0119cej\ntroski. Dzieci na warsztatach poznaj\u0105 r\u00f3\u017cne gatunki drzew \u2013 bo\ndla ochrony klimatu kluczowe s\u0105 lasy na ca\u0142ym \u015bwiecie. Dzi\u0119ki\ntemu, \u017ce w\u015br\u00f3d uczni\u00f3w podkowia\u0144skiej szko\u0142y s\u0105 dzieci z\ninnych kraj\u00f3w i dziel\u0105 si\u0119 swoj\u0105 wiedz\u0105 przyrodnicz\u0105, edukacja\ndotycz\u0105ca drzew i las\u00f3w przybiera automatycznie charakter globalny.<\/p>\n\n\n\n<p class=\"has-text-align-center\"><strong>Lepszy wyb\u00f3r<\/strong><\/p>\n\n\n\n<p>Istotnym w\u0105tkiem warsztat\u00f3w s\u0105\nekologiczne konsekwencje wybor\u00f3w i nawyk\u00f3w konsumenckich\npojedynczych os\u00f3b. Zakup produkt\u00f3w zawieraj\u0105cych olej palmowy,\nkt\u00f3re mo\u017cna znale\u017a\u0107 w naszym lokalnym sklepie, ma wa\u017cne\nkonsekwencje dla flory i fauny w dalekiej Indonezji. Cierpi\u0105\norangutany \u017cyj\u0105ce w lasach deszczowych, cierpi\u0105 lasy deszczowe\nwypalane pod uprawy palm, cierpi klimat na ca\u0142ym \u015bwiecie.<\/p>\n\n\n\n<p>Dziecko \u015bwiadome tych zale\u017cno\u015bci ma\nszans\u0119 na co dzie\u0144 dokonywa\u0107 lepszych wybor\u00f3w jako m\u0142ody\nkonsument. \u015awiadoma konsumpcja to rezygnacja z nawyk\u00f3w, kt\u00f3re\nwpaja dzieciom wsp\u00f3\u0142czesny rynek za pomoc\u0105 reklam.<\/p>\n\n\n\n<p>Obecna nadprodukcja wszystkiego sk\u0142ania\nkonsument\u00f3w do szybkiej zamiany starego na nowe \u2013 konsekwencj\u0105\njest rosn\u0105ce za\u015bmiecanie \u015bwiata. Aby nie przyczynia\u0107 si\u0119 do\nprodukcji \u015bmieci, dzieci mog\u0105 dokonywa\u0107 wymiany zabawek mi\u0119dzy\nsob\u0105, zamiast kupowa\u0107 kolejne, a rzeczy zepsute mog\u0105 pr\u00f3bowa\u0107\nnaprawia\u0107, zamiast wyrzuca\u0107.<\/p>\n\n\n\n<p class=\"has-text-align-center\"><strong>Metody pracy<\/strong><\/p>\n\n\n\n<p>Warsztaty Fundacji Musszelka\nprzemawiaj\u0105 do dzieci poprzez opowie\u015bci, wsp\u00f3lny \u015bpiew, wsp\u00f3lne\nrozmowy, zaj\u0119cia manualne. Punktem wyj\u015bcia s\u0105 mityczne opowie\u015bci\nz r\u00f3\u017cnych kraj\u00f3w, spisane w ksi\u0105\u017cce \u201eOpowie\u015bci Ziemi\u201d,\nkt\u00f3r\u0105 opracowa\u0142y fundatorki Musszelki. Beata Frankowska, zawodowa\nopowiadaczka historii, anga\u017cuje dzieci sztuk\u0105 opowiadania i\nwsp\u00f3lnym \u015bpiewem.<\/p>\n\n\n\n<p>Przyk\u0142adowo: indyjska opowie\u015b\u0107 o\ndrzewach albo walijska opowie\u015b\u0107 o pomyjach wylewanych na elfy\npozwalaj\u0105 na obrazowe ukazanie problem\u00f3w wsp\u00f3\u0142czesnej\ncywilizacji. Chodzi o to, aby o ekologii m\u00f3wi\u0107 j\u0119zykiem sztuki,\nj\u0119zykiem dawnych mit\u00f3w \u2013 bo przekaz kulturowy apeluje do emocji,\nzapada g\u0142\u0119biej w cz\u0142owieku. Same nakazy, jak ekologicznie dzia\u0142a\u0107,\nto zbyt ma\u0142o. Ekologiczne dzia\u0142ania powinny p\u0142yn\u0105\u0107 z duszy i z\nserca.<\/p>\n\n\n\n<p class=\"has-text-align-center\"><strong>***<\/strong><\/p>\n\n\n\n<p>Dzia\u0142ania Fundacji Musszelka finansowane s\u0105 ze \u015brodk\u00f3w samorz\u0105dowych i instytucjonalnych. Realizacja obecnych podkowia\u0144skich warsztat\u00f3w jest wsp\u00f3\u0142finansowana przez Ministerstwo Spraw Zagranicznych w ramach programu \u201ePolska Pomoc\u201d. O dzia\u0142aniach Musszelki mo\u017cna przeczyta\u0107 na stronie: lub <a href=\"http:\/\/www.musszelka.pl\/\">www.musszelka.pl<\/a> pod linkiem: <em><strong>https:\/\/www.facebook.com\/Musszelka\/<\/strong><\/em><\/p>\n\n\n\n<p class=\"has-text-align-right\">Tekst i foto: <strong>Sylwia Pa\u0144k\u00f3w<\/strong><\/p>\n","protected":false},"excerpt":{"rendered":"<p>W podkowia\u0144skiej Szkole Podstawowej im. Bohater\u00f3w Warszawy dobiega ko\u0144ca projekt \u201eZiemia naszym domem! Warsztaty z edukacji globalnej\u201d. Idealnie trafia on w potrzeby edukacyjne wsp\u00f3\u0142czesnych dzieci. Autorem warsztat\u00f3w jest milanowska Fundacja Musszelka, w osobach Joanny Mi\u015b-Skrzypczak i Beaty Frankowskiej-Patrzykont. Od kilku ju\u017c lat prowadz\u0105 one w lokalnych szko\u0142ach, przedszkolach, o\u015brodkach kultury, bibliotekach zaj\u0119cia dla najm\u0142odszych, kt\u00f3rych [&hellip;]<\/p>\n","protected":false},"author":2,"featured_media":3462,"comment_status":"closed","ping_status":"open","sticky":false,"template":"","format":"standard","meta":{"footnotes":""},"categories":[9],"tags":[],"class_list":["post-3461","post","type-post","status-publish","format-standard","has-post-thumbnail","hentry","category-edukacja"],"_links":{"self":[{"href":"https:\/\/fleschmazowsza.com.pl\/index.php?rest_route=\/wp\/v2\/posts\/3461","targetHints":{"allow":["GET"]}}],"collection":[{"href":"https:\/\/fleschmazowsza.com.pl\/index.php?rest_route=\/wp\/v2\/posts"}],"about":[{"href":"https:\/\/fleschmazowsza.com.pl\/index.php?rest_route=\/wp\/v2\/types\/post"}],"author":[{"embeddable":true,"href":"https:\/\/fleschmazowsza.com.pl\/index.php?rest_route=\/wp\/v2\/users\/2"}],"replies":[{"embeddable":true,"href":"https:\/\/fleschmazowsza.com.pl\/index.php?rest_route=%2Fwp%2Fv2%2Fcomments&post=3461"}],"version-history":[{"count":1,"href":"https:\/\/fleschmazowsza.com.pl\/index.php?rest_route=\/wp\/v2\/posts\/3461\/revisions"}],"predecessor-version":[{"id":3463,"href":"https:\/\/fleschmazowsza.com.pl\/index.php?rest_route=\/wp\/v2\/posts\/3461\/revisions\/3463"}],"wp:featuredmedia":[{"embeddable":true,"href":"https:\/\/fleschmazowsza.com.pl\/index.php?rest_route=\/wp\/v2\/media\/3462"}],"wp:attachment":[{"href":"https:\/\/fleschmazowsza.com.pl\/index.php?rest_route=%2Fwp%2Fv2%2Fmedia&parent=3461"}],"wp:term":[{"taxonomy":"category","embeddable":true,"href":"https:\/\/fleschmazowsza.com.pl\/index.php?rest_route=%2Fwp%2Fv2%2Fcategories&post=3461"},{"taxonomy":"post_tag","embeddable":true,"href":"https:\/\/fleschmazowsza.com.pl\/index.php?rest_route=%2Fwp%2Fv2%2Ftags&post=3461"}],"curies":[{"name":"wp","href":"https:\/\/api.w.org\/{rel}","templated":true}]}}