{"id":346,"date":"2016-11-18T10:33:56","date_gmt":"2016-11-18T09:33:56","guid":{"rendered":"http:\/\/fleschmazowsza.com.pl\/?p=346"},"modified":"2016-11-18T10:33:56","modified_gmt":"2016-11-18T09:33:56","slug":"renowacja-pomnika-przy-placu-wolnosci","status":"publish","type":"post","link":"https:\/\/fleschmazowsza.com.pl\/?p=346","title":{"rendered":"Renowacja pomnika przy placu Wolno\u015bci"},"content":{"rendered":"<p><strong>Ju\u017c niebawem zako\u0144cz\u0105 si\u0119 prace renowacyjne pomnika Miejsce Strace\u0144 przy placu Wolno\u015bci.<\/strong><\/p>\n<p>Pomnik Miejsce Strace\u0144 przy placu Wolno\u015bci jest jednym z ciekawszych zabytk\u00f3w wyeksponowanych w centrum miasta. To miejsce, gdzie nie tylko odbywaj\u0105 si\u0119 wa\u017cne uroczysto\u015bci, ale r\u00f3wnie\u017c czczona jest pami\u0119\u0107 poleg\u0142ych.<\/p>\n<p>Teraz pomnik poddawany jest renowacji. Bowiem grodziski magistrat zleci\u0142 firmie Nestor odnow\u0119 zabytku.<\/p>\n<p>Szereg prac, kt\u00f3re zostan\u0105 wykonane, m.in. usuni\u0119cie starych fug, mycie ca\u0142ej powierzchni agregatem ci\u015bnieniowym, piaskowanie, przywr\u00f3cenie oryginalnego koloru oraz hydrofobizacja preparatem krzemoorganicznym maj\u0105 na celu nie tylko popraw\u0119 estetyki pomnika, ale tak\u017ce dostosowanie go do wsp\u00f3\u0142czesnych standard\u00f3w.<\/p>\n<p>Prace te z pewno\u015bci\u0105 poprawi\u0105 to wizerunek miejsca, kt\u00f3re wielu mieszka\u0144c\u00f3w Grodziska Mazowieckiego do dzi\u015b wspomina z sentymentem.<\/p>\n<p style=\"text-align: right;\">Tekst i foto:<\/p>\n<p style=\"text-align: right;\"><strong>Daria G\u0142owacka<\/strong><\/p>\n","protected":false},"excerpt":{"rendered":"<p>Ju\u017c niebawem zako\u0144cz\u0105 si\u0119 prace renowacyjne pomnika Miejsce Strace\u0144 przy placu Wolno\u015bci. Pomnik Miejsce Strace\u0144 przy placu Wolno\u015bci jest jednym z ciekawszych zabytk\u00f3w wyeksponowanych w centrum miasta. To miejsce, gdzie nie tylko odbywaj\u0105 si\u0119 wa\u017cne uroczysto\u015bci, ale r\u00f3wnie\u017c czczona jest pami\u0119\u0107 poleg\u0142ych. Teraz pomnik poddawany jest renowacji. Bowiem grodziski magistrat zleci\u0142 firmie Nestor odnow\u0119 zabytku. [&hellip;]<\/p>\n","protected":false},"author":2,"featured_media":349,"comment_status":"closed","ping_status":"open","sticky":false,"template":"","format":"standard","meta":{"footnotes":""},"categories":[9,6],"tags":[],"class_list":["post-346","post","type-post","status-publish","format-standard","has-post-thumbnail","hentry","category-edukacja","category-kultura"],"_links":{"self":[{"href":"https:\/\/fleschmazowsza.com.pl\/index.php?rest_route=\/wp\/v2\/posts\/346","targetHints":{"allow":["GET"]}}],"collection":[{"href":"https:\/\/fleschmazowsza.com.pl\/index.php?rest_route=\/wp\/v2\/posts"}],"about":[{"href":"https:\/\/fleschmazowsza.com.pl\/index.php?rest_route=\/wp\/v2\/types\/post"}],"author":[{"embeddable":true,"href":"https:\/\/fleschmazowsza.com.pl\/index.php?rest_route=\/wp\/v2\/users\/2"}],"replies":[{"embeddable":true,"href":"https:\/\/fleschmazowsza.com.pl\/index.php?rest_route=%2Fwp%2Fv2%2Fcomments&post=346"}],"version-history":[{"count":1,"href":"https:\/\/fleschmazowsza.com.pl\/index.php?rest_route=\/wp\/v2\/posts\/346\/revisions"}],"predecessor-version":[{"id":348,"href":"https:\/\/fleschmazowsza.com.pl\/index.php?rest_route=\/wp\/v2\/posts\/346\/revisions\/348"}],"wp:featuredmedia":[{"embeddable":true,"href":"https:\/\/fleschmazowsza.com.pl\/index.php?rest_route=\/wp\/v2\/media\/349"}],"wp:attachment":[{"href":"https:\/\/fleschmazowsza.com.pl\/index.php?rest_route=%2Fwp%2Fv2%2Fmedia&parent=346"}],"wp:term":[{"taxonomy":"category","embeddable":true,"href":"https:\/\/fleschmazowsza.com.pl\/index.php?rest_route=%2Fwp%2Fv2%2Fcategories&post=346"},{"taxonomy":"post_tag","embeddable":true,"href":"https:\/\/fleschmazowsza.com.pl\/index.php?rest_route=%2Fwp%2Fv2%2Ftags&post=346"}],"curies":[{"name":"wp","href":"https:\/\/api.w.org\/{rel}","templated":true}]}}