{"id":3458,"date":"2019-11-22T13:07:35","date_gmt":"2019-11-22T12:07:35","guid":{"rendered":"http:\/\/fleschmazowsza.com.pl\/?p=3458"},"modified":"2019-11-22T13:07:36","modified_gmt":"2019-11-22T12:07:36","slug":"architektura-klasycystyczna-w-najlepszym-wydaniu","status":"publish","type":"post","link":"https:\/\/fleschmazowsza.com.pl\/?p=3458","title":{"rendered":"Architektura klasycystyczna w najlepszym wydaniu"},"content":{"rendered":"\n<p><strong>Listopadowa opowie\u015b\u0107 Jakuba Bendkowskiego z cyklu \u201eGrodziskie dwory i ich mieszka\u0144cy\u201d wykroczy\u0142a nieco poza granice powiatu grodziskiego, aby uj\u0105\u0107 opisem obiekt architektoniczny wyj\u0105tkowo wa\u017cny \u2013 pa\u0142ac w M\u0142ochowie, blisko Siestrzeni. Jest on charakterystycznym dzie\u0142em jednego z czo\u0142owych architekt\u00f3w prze\u0142omu XVIII i XIX wieku, Jakuba Kubickiego i typowym przyk\u0142adem klasycyzmu w architekturze XIX-wiecznej.<\/strong><\/p>\n\n\n\n<p>Sam M\u0142och\u00f3w pojawia si\u0119 w \u017ar\u00f3d\u0142ach\nhistorycznych po raz pierwszy w po\u0142owie XV wieku. Rodziny\nszlacheckie cz\u0119sto przybiera\u0142y nazwiska od nazwy miejscowo\u015bci i\ntak by\u0142o w tym przypadku \u2013 pierwszymi odnotowanymi w\u0142a\u015bcicielami\nmaj\u0105tku byli M\u0142ochowscy herbu Belina. W wieku XVII maj\u0105tkiem\nw\u0142ada\u0142a rodzina Petrykowskich. W przypadku M\u0142ochowa trudno jest\ndociec \u00f3wczesnych fakt\u00f3w bardziej szczeg\u00f3\u0142owo, bo dopiero wiek\nXVIII dostarcza ja\u015bniejszego obrazu historii maj\u0105tku. \n<\/p>\n\n\n\n<p class=\"has-text-align-center\"><strong>Czasy Sobolewskich<\/strong><\/p>\n\n\n\n<p>Zatem w XVIII wieku nasta\u0142y dla\nM\u0142ochowa czasy rodziny Sobolewskich. Pod koniec tego stulecia\nrodzinny M\u0142och\u00f3w odziedziczy\u0142 Walenty Faustyn Sobolewski,\npiastuj\u0105cy wysokie urz\u0119dy zar\u00f3wno w czasach kr\u00f3la Stanis\u0142awa\nAugusta Poniatowskiego, jak i w okresie Ksi\u0119stwa Warszawskiego oraz\nKr\u00f3lestwa Polskiego \u2013 niekoniecznie dzi\u0119ki swoim szczeg\u00f3lnym\nzdolno\u015bciom, bo w ocenie wsp\u00f3\u0142czesnych raczej takowych nie\nposiada\u0142.<\/p>\n\n\n\n<p>\u017bon\u0105 Walentego Sobolewskiego zosta\u0142a,\njak to nierzadko w owych czasach w\u015br\u00f3d arystokracji bywa\u0142o, jego\nbliska kuzynka \u2013 Izabela Grabowska. Wiele wskazuje na to, \u017ce\nIzabela, jako c\u00f3rka El\u017cbiety Grabowskiej, wieloletniej kochanki i\nfinalnie zapewne morganatycznej \u017cony kr\u00f3la Stanis\u0142awa Augusta,\nby\u0142a nie\u015blubn\u0105 c\u00f3rk\u0105 samego kr\u00f3la.<\/p>\n\n\n\n<p class=\"has-text-align-center\"><strong>Per\u0142a klasycyzmu<\/strong><\/p>\n\n\n\n<p>Oko\u0142o roku 1810 Walenty i Izabela\nuko\u0144czyli budow\u0119 pa\u0142acu w M\u0142ochowie, kt\u00f3ry swoj\u0105 form\u0105\narchitektoniczn\u0105 wywiera wra\u017cenie do dzi\u015b. Nic w tym dziwnego,\nskoro pa\u0142ac zaprojektowany zosta\u0142 najprawdopodobniej przez\nwybitnego architekta polskiego klasycyzmu pocz\u0105tku XIX wieku \u2013\nJakuba Kubickiego.<\/p>\n\n\n\n<p>Jego projekty stanowi\u0105 pomost mi\u0119dzy\nlekkim klasycyzmem doby stanis\u0142awowskiej, a klasycyzmem\nXIX-wiecznym. Autorstwa Kubickiego w M\u0142ochowie mo\u017cna si\u0119 domy\u015bla\u0107\nz niemal stuprocentow\u0105 pewno\u015bci\u0105, poniewa\u017c budynek odzwierciedla\ncharakterystyczne cechy jego stylu. Od strony frontowej pa\u0142ac w\nM\u0142ochowie zdobi klasycystyczny portyk kolumnowy, co jednak\nzaskakuj\u0105ce \u2013 portyk podkre\u015bla nie wyj\u015bcie do ogrodu, czego\nby\u015bmy si\u0119 spodziewali, ale taras widokowy. W efekcie\nreprezentacyjne wej\u015bcie do pa\u0142acu znajduje si\u0119 z ty\u0142u budynku, co\nr\u00f3wnie\u017c dziwi, jako rozwi\u0105zanie rzadkie. \n<\/p>\n\n\n\n<p>Znak rozpoznawczy Kubickiego w\nM\u0142ochowie to zdobienie kolumn \u2013 dopiero od 1\/3 wysoko\u015bci s\u0105\nkanelowane, czyli pionowo \u017c\u0142obione, poni\u017cej pozostaj\u0105 g\u0142adkie.\nZwraca te\u017c uwag\u0119 charakterystyczny dla Kubickiego podzia\u0142 elewacji\nna pionowe modu\u0142y, czyli powtarzalne uk\u0142ady okien w pionie oraz\nwysokie podpiwniczenie. Tynki pa\u0142acu s\u0105 boniowane, a wi\u0119c\nopracowane w spos\u00f3b imituj\u0105cy kamienie, co daje efekt monumentalny,\npodobny do renesansowych pa\u0142ac\u00f3w Florencji. Monumentalizmu pa\u0142acowi\nprzydaje dodatkowo \u201ebelwederek\u201d na dachu, powsta\u0142y z po\u0142\u0105czenia\ndw\u00f3ch komin\u00f3w. \n<\/p>\n\n\n\n<p>Po Sobolewskich pa\u0142ac przechodzi\u0142 przez ma\u0142\u017ce\u0144stwa w r\u0119ce Kwileckich, Zawisz\u00f3w-Kie\u017cgaj\u0142o, Radziwi\u0142\u0142\u00f3w \u2013 warto wspomnie\u0107 tu ekscentryczn\u0105 posta\u0107 Magdaleny Radziwi\u0142\u0142owej, kt\u00f3ra go\u015bciom serwowa\u0142a ziemniaki w mundurkach na srebrnej zastawie.<\/p>\n\n\n\n<p class=\"has-text-align-center\"><strong>Koleje losu<\/strong><\/p>\n\n\n\n<p>W czasie I wojny \u015bwiatowej pa\u0142ac\nstrawi\u0142 po\u017car, dach i dekoracje wn\u0119trz w wi\u0119kszo\u015bci uleg\u0142y\nwypaleniu, cho\u0107 zachowa\u0142y si\u0119 mury. Ostatnim przedwojennym\nw\u0142a\u015bcicielem pa\u0142acu by\u0142 Eryk Kurnatowski herbu \u0141odzia, pasjonat\nkoni i wy\u015bcig\u00f3w.<\/p>\n\n\n\n<p>Po II wojnie maj\u0105tek i pa\u0142ac\nu\u017cytkowa\u0142y kolejne plac\u00f3wki pa\u0144stwowe zwi\u0105zane z rolnictwem,\nnatomiast obecnie pozostaje on w\u0142asno\u015bci\u0105 gminy Nadarzyn. Sam\npa\u0142ac jest zamkni\u0119ty, w obecnym stanie nie nadaje si\u0119 do\nu\u017cytkowania ani zwiedzania, natomiast na potrzeby o\u015brodka kultury\nfunkcjonuje jedna z przypa\u0142acowych oficyn. Niezale\u017cnie od tego\nzrewitalizowano park przypa\u0142acowy i jest on obecnie terenem\nrekreacyjnym, jaka natomiast b\u0119dzie przysz\u0142o\u015b\u0107 pa\u0142acu, na razie\ntrudno przewidywa\u0107. Bry\u0142a pa\u0142acowa jest jednak nadal pi\u0119kna,\nmonumentalna i warta podziwiania.<\/p>\n\n\n\n<p class=\"has-text-align-right\">Tekst i foto:<br><strong>Sylwia Pa\u0144k\u00f3w<\/strong><\/p>\n","protected":false},"excerpt":{"rendered":"<p>Listopadowa opowie\u015b\u0107 Jakuba Bendkowskiego z cyklu \u201eGrodziskie dwory i ich mieszka\u0144cy\u201d wykroczy\u0142a nieco poza granice powiatu grodziskiego, aby uj\u0105\u0107 opisem obiekt architektoniczny wyj\u0105tkowo wa\u017cny \u2013 pa\u0142ac w M\u0142ochowie, blisko Siestrzeni. Jest on charakterystycznym dzie\u0142em jednego z czo\u0142owych architekt\u00f3w prze\u0142omu XVIII i XIX wieku, Jakuba Kubickiego i typowym przyk\u0142adem klasycyzmu w architekturze XIX-wiecznej. Sam M\u0142och\u00f3w pojawia [&hellip;]<\/p>\n","protected":false},"author":2,"featured_media":3459,"comment_status":"closed","ping_status":"open","sticky":false,"template":"","format":"standard","meta":{"footnotes":""},"categories":[9,6],"tags":[],"class_list":["post-3458","post","type-post","status-publish","format-standard","has-post-thumbnail","hentry","category-edukacja","category-kultura"],"_links":{"self":[{"href":"https:\/\/fleschmazowsza.com.pl\/index.php?rest_route=\/wp\/v2\/posts\/3458","targetHints":{"allow":["GET"]}}],"collection":[{"href":"https:\/\/fleschmazowsza.com.pl\/index.php?rest_route=\/wp\/v2\/posts"}],"about":[{"href":"https:\/\/fleschmazowsza.com.pl\/index.php?rest_route=\/wp\/v2\/types\/post"}],"author":[{"embeddable":true,"href":"https:\/\/fleschmazowsza.com.pl\/index.php?rest_route=\/wp\/v2\/users\/2"}],"replies":[{"embeddable":true,"href":"https:\/\/fleschmazowsza.com.pl\/index.php?rest_route=%2Fwp%2Fv2%2Fcomments&post=3458"}],"version-history":[{"count":1,"href":"https:\/\/fleschmazowsza.com.pl\/index.php?rest_route=\/wp\/v2\/posts\/3458\/revisions"}],"predecessor-version":[{"id":3460,"href":"https:\/\/fleschmazowsza.com.pl\/index.php?rest_route=\/wp\/v2\/posts\/3458\/revisions\/3460"}],"wp:featuredmedia":[{"embeddable":true,"href":"https:\/\/fleschmazowsza.com.pl\/index.php?rest_route=\/wp\/v2\/media\/3459"}],"wp:attachment":[{"href":"https:\/\/fleschmazowsza.com.pl\/index.php?rest_route=%2Fwp%2Fv2%2Fmedia&parent=3458"}],"wp:term":[{"taxonomy":"category","embeddable":true,"href":"https:\/\/fleschmazowsza.com.pl\/index.php?rest_route=%2Fwp%2Fv2%2Fcategories&post=3458"},{"taxonomy":"post_tag","embeddable":true,"href":"https:\/\/fleschmazowsza.com.pl\/index.php?rest_route=%2Fwp%2Fv2%2Ftags&post=3458"}],"curies":[{"name":"wp","href":"https:\/\/api.w.org\/{rel}","templated":true}]}}