{"id":3442,"date":"2019-11-08T14:03:13","date_gmt":"2019-11-08T13:03:13","guid":{"rendered":"http:\/\/fleschmazowsza.com.pl\/?p=3442"},"modified":"2019-11-08T14:03:14","modified_gmt":"2019-11-08T13:03:14","slug":"prezent-na-500-lecie","status":"publish","type":"post","link":"https:\/\/fleschmazowsza.com.pl\/?p=3442","title":{"rendered":"Prezent na 500 \u2013 lecie"},"content":{"rendered":"\n<p><strong>Budowa zachodniej obwodnicy Grodziska Mazowieckiego coraz bli\u017cej. W tym momencie nale\u017cy spodziewa\u0107 si\u0119 og\u0142oszenia przetargu na inwestycj\u0119. Minister wyda\u0142 pozytywn\u0105 decyzj\u0119 w tej sprawie.<\/strong><\/p>\n\n\n\n<p>Idea budowy tej wa\u017cnej drogi nareszcie\nmo\u017ce sta\u0107 si\u0119 realna. Po wielu trudno\u015bciach, decyzja\nministerialna umo\u017cliwi og\u0142oszenie przetargu, a w jej nast\u0119pstwie\nbudow\u0119 tego wa\u017cnego szlaku komunikacyjnego. \n<\/p>\n\n\n\n<p>\u2013 Mo\u017cemy budowa\u0107. Wierz\u0119 g\u0142\u0119boko,\n\u017ce jeszcze w tym roku rozstrzygniemy przetarg, a tym samym\nznajdziemy odpowiedniego wykonawc\u0119, kt\u00f3ry zajmie si\u0119 budow\u0105\nobwodnicy \u2013 m\u00f3wi Grzegorz Benedykci\u0144ski, burmistrz Grodziska\nMazowieckiego.<\/p>\n\n\n\n<p>Wizja realizacji inwestycji napotka\u0142a\nw ostatnim czasie kilka przeszk\u00f3d. Wojewoda wyda\u0142 decyzj\u0119 w\nsprawie budowy, od kt\u00f3rej odwo\u0142a\u0142o si\u0119 pi\u0119\u0107 os\u00f3b. Wobec tej\nsytuacji post\u0119powanie musia\u0142o zosta\u0107 skierowane do ministra, kt\u00f3ry\nstan\u0105\u0142 przed wymogiem wystawienia decyzji.<\/p>\n\n\n\n<p>Z dotychczasowych ustale\u0144 wynika, \u017ce\nbudowa obwodnicy zajmie oko\u0142o dw\u00f3ch lat. Gdyby okaza\u0142o si\u0119 to\nfaktem, by\u0142by to prawdziwy prezent dla mieszka\u0144c\u00f3w z okazji\n500-lecia Grodziska Mazowieckiego (22 lipca 1522 Zygmunt I Stary\nnada\u0142 Grodziskowi prawa miejskie).<\/p>\n\n\n\n<p>\u2013 Cel jest taki, aby inwestycja\nzosta\u0142a zako\u0144czona na 500-lecie miasta. W\u00f3wczas przejedziemy\nelektrycznymi autobusami now\u0105 obwodnic\u0105 do hali\nwidowiskowo-sportowej \u2013 zapowiada burmistrz Grodziska.<\/p>\n\n\n\n<p>Obwodnica z pewno\u015bci\u0105 usprawni\nkomunikacj\u0119 w mie\u015bcie oraz okolicach. Wedle projektu b\u0119dzie\nprzebiega\u0142a od w\u0119z\u0142a autostradowego na p\u00f3\u0142nocy, przez tereny\nprzemys\u0142owe w kierunku po\u0142udniowym, aby w Chlebni skr\u0119ci\u0107 na\nzach\u00f3d omijaj\u0105c granice miasta Grodzisk Mazowiecki. Droga w W\u00f3lce\nGrodziskiej ponownie skr\u0119ci na po\u0142udnie.<\/p>\n\n\n\n<p style=\"text-align:right\"><strong>Aneta Czarnecka<\/strong><br>Fot.: <em><strong>mediacentrum.net.pl<\/strong><\/em><\/p>\n","protected":false},"excerpt":{"rendered":"<p>Budowa zachodniej obwodnicy Grodziska Mazowieckiego coraz bli\u017cej. W tym momencie nale\u017cy spodziewa\u0107 si\u0119 og\u0142oszenia przetargu na inwestycj\u0119. Minister wyda\u0142 pozytywn\u0105 decyzj\u0119 w tej sprawie. Idea budowy tej wa\u017cnej drogi nareszcie mo\u017ce sta\u0107 si\u0119 realna. Po wielu trudno\u015bciach, decyzja ministerialna umo\u017cliwi og\u0142oszenie przetargu, a w jej nast\u0119pstwie budow\u0119 tego wa\u017cnego szlaku komunikacyjnego. \u2013 Mo\u017cemy budowa\u0107. Wierz\u0119 [&hellip;]<\/p>\n","protected":false},"author":2,"featured_media":3443,"comment_status":"closed","ping_status":"open","sticky":false,"template":"","format":"standard","meta":{"footnotes":""},"categories":[5],"tags":[],"class_list":["post-3442","post","type-post","status-publish","format-standard","has-post-thumbnail","hentry","category-wiadomosci"],"_links":{"self":[{"href":"https:\/\/fleschmazowsza.com.pl\/index.php?rest_route=\/wp\/v2\/posts\/3442","targetHints":{"allow":["GET"]}}],"collection":[{"href":"https:\/\/fleschmazowsza.com.pl\/index.php?rest_route=\/wp\/v2\/posts"}],"about":[{"href":"https:\/\/fleschmazowsza.com.pl\/index.php?rest_route=\/wp\/v2\/types\/post"}],"author":[{"embeddable":true,"href":"https:\/\/fleschmazowsza.com.pl\/index.php?rest_route=\/wp\/v2\/users\/2"}],"replies":[{"embeddable":true,"href":"https:\/\/fleschmazowsza.com.pl\/index.php?rest_route=%2Fwp%2Fv2%2Fcomments&post=3442"}],"version-history":[{"count":1,"href":"https:\/\/fleschmazowsza.com.pl\/index.php?rest_route=\/wp\/v2\/posts\/3442\/revisions"}],"predecessor-version":[{"id":3444,"href":"https:\/\/fleschmazowsza.com.pl\/index.php?rest_route=\/wp\/v2\/posts\/3442\/revisions\/3444"}],"wp:featuredmedia":[{"embeddable":true,"href":"https:\/\/fleschmazowsza.com.pl\/index.php?rest_route=\/wp\/v2\/media\/3443"}],"wp:attachment":[{"href":"https:\/\/fleschmazowsza.com.pl\/index.php?rest_route=%2Fwp%2Fv2%2Fmedia&parent=3442"}],"wp:term":[{"taxonomy":"category","embeddable":true,"href":"https:\/\/fleschmazowsza.com.pl\/index.php?rest_route=%2Fwp%2Fv2%2Fcategories&post=3442"},{"taxonomy":"post_tag","embeddable":true,"href":"https:\/\/fleschmazowsza.com.pl\/index.php?rest_route=%2Fwp%2Fv2%2Ftags&post=3442"}],"curies":[{"name":"wp","href":"https:\/\/api.w.org\/{rel}","templated":true}]}}