{"id":343,"date":"2016-11-18T10:21:58","date_gmt":"2016-11-18T09:21:58","guid":{"rendered":"http:\/\/fleschmazowsza.com.pl\/?p=343"},"modified":"2016-11-18T10:21:58","modified_gmt":"2016-11-18T09:21:58","slug":"przedszkole-w-dzielnicy-pofabrycznej","status":"publish","type":"post","link":"https:\/\/fleschmazowsza.com.pl\/?p=343","title":{"rendered":"Przedszkole w dzielnicy pofabrycznej"},"content":{"rendered":"<p><strong>W Ursusie powstanie nowe przedszkole \u2013 pierwsze na terenach pofabrycznych dzielnicy, gdzie obecne budowane s\u0105 osiedla mieszkaniowe. Plac\u00f3wka dla 150 dzieci b\u0119dzie gotowa w 2019 roku.<\/strong><\/p>\n<p>&#8211; Budowa przedszkola warta ok. 7 mln z\u0142 zostanie zrealizowana na dzia\u0142ce przy ul. Hennela. B\u0119dzie to I etap inwestycji, kt\u00f3ra przewiduje w przysz\u0142o\u015bci budow\u0119 szko\u0142y podstawowej z hal\u0105 sportow\u0105 \u2013 zapowiada Urszula Kierzkowska burmistrz dzielnicy Ursus.<br \/>\nInwestycja obejmuje budow\u0119 dwukondygnacyjnego, sze\u015bciooddzia\u0142owego przedszkola dla dzieci w wieku od 3 do 6 lat z uzbrojeniem i zagospodarowaniem terenu oraz wyposa\u017ceniem plac\u00f3wki.<\/p>\n<p>W przedszkolu o ca\u0142kowitej powierzchni 1611 m2 sale zaj\u0119\u0107 b\u0119d\u0105 mia\u0142y minimum 70 mkw. W ka\u017cdej z nich osobna \u0142azienka i k\u0105cik zabaw \u2013 labirynt wykonany jako pe\u0142na, sta\u0142a, wielopoziomowa zabudowa typu meblowego.<\/p>\n<p>W obiekcie znajdzie si\u0119 tak\u017ce m.in. sala gimnastyczna z mo\u017cliwo\u015bci\u0105 otwarcia na przyleg\u0142y hol na potrzeby organizacji imprez i uroczysto\u015bci z udzia\u0142em rodzic\u00f3w, sala zaj\u0119\u0107 integracji sensorycznej, w\u0142asny blok \u017cywienia, wydzielona cz\u0119\u015b\u0107 pedagogiczna, w tym pok\u00f3j logopedy, pok\u00f3j psychologa, pok\u00f3j rozm\u00f3w z rodzicami i pok\u00f3j nauczycielski.<\/p>\n<p>Na terenie ogrodu przy budynku powstan\u0105 trzy wydzielone place zabaw, osobno dla ka\u017cdej grupy wiekowej. Przedszkolaki b\u0119d\u0105 mia\u0142y do dyspozycji tak\u017ce zewn\u0119trzne otwarte tarasy, kt\u00f3re powstan\u0105 przy salach zaj\u0119\u0107 na parterze.<br \/>\nAutor wizualizacji: Artur Cebula Anna Kunkel Architekci<\/p>\n<p style=\"text-align: right;\">Opr. <strong>(mg)<\/strong><\/p>\n","protected":false},"excerpt":{"rendered":"<p>W Ursusie powstanie nowe przedszkole \u2013 pierwsze na terenach pofabrycznych dzielnicy, gdzie obecne budowane s\u0105 osiedla mieszkaniowe. Plac\u00f3wka dla 150 dzieci b\u0119dzie gotowa w 2019 roku. &#8211; Budowa przedszkola warta ok. 7 mln z\u0142 zostanie zrealizowana na dzia\u0142ce przy ul. Hennela. B\u0119dzie to I etap inwestycji, kt\u00f3ra przewiduje w przysz\u0142o\u015bci budow\u0119 szko\u0142y podstawowej z hal\u0105 [&hellip;]<\/p>\n","protected":false},"author":2,"featured_media":344,"comment_status":"closed","ping_status":"open","sticky":false,"template":"","format":"standard","meta":{"footnotes":""},"categories":[9],"tags":[],"class_list":["post-343","post","type-post","status-publish","format-standard","has-post-thumbnail","hentry","category-edukacja"],"_links":{"self":[{"href":"https:\/\/fleschmazowsza.com.pl\/index.php?rest_route=\/wp\/v2\/posts\/343","targetHints":{"allow":["GET"]}}],"collection":[{"href":"https:\/\/fleschmazowsza.com.pl\/index.php?rest_route=\/wp\/v2\/posts"}],"about":[{"href":"https:\/\/fleschmazowsza.com.pl\/index.php?rest_route=\/wp\/v2\/types\/post"}],"author":[{"embeddable":true,"href":"https:\/\/fleschmazowsza.com.pl\/index.php?rest_route=\/wp\/v2\/users\/2"}],"replies":[{"embeddable":true,"href":"https:\/\/fleschmazowsza.com.pl\/index.php?rest_route=%2Fwp%2Fv2%2Fcomments&post=343"}],"version-history":[{"count":1,"href":"https:\/\/fleschmazowsza.com.pl\/index.php?rest_route=\/wp\/v2\/posts\/343\/revisions"}],"predecessor-version":[{"id":345,"href":"https:\/\/fleschmazowsza.com.pl\/index.php?rest_route=\/wp\/v2\/posts\/343\/revisions\/345"}],"wp:featuredmedia":[{"embeddable":true,"href":"https:\/\/fleschmazowsza.com.pl\/index.php?rest_route=\/wp\/v2\/media\/344"}],"wp:attachment":[{"href":"https:\/\/fleschmazowsza.com.pl\/index.php?rest_route=%2Fwp%2Fv2%2Fmedia&parent=343"}],"wp:term":[{"taxonomy":"category","embeddable":true,"href":"https:\/\/fleschmazowsza.com.pl\/index.php?rest_route=%2Fwp%2Fv2%2Fcategories&post=343"},{"taxonomy":"post_tag","embeddable":true,"href":"https:\/\/fleschmazowsza.com.pl\/index.php?rest_route=%2Fwp%2Fv2%2Ftags&post=343"}],"curies":[{"name":"wp","href":"https:\/\/api.w.org\/{rel}","templated":true}]}}