{"id":3425,"date":"2019-11-08T13:17:16","date_gmt":"2019-11-08T12:17:16","guid":{"rendered":"http:\/\/fleschmazowsza.com.pl\/?p=3425"},"modified":"2019-11-08T13:17:17","modified_gmt":"2019-11-08T12:17:17","slug":"wszystko-w-rekach-mlodziezy","status":"publish","type":"post","link":"https:\/\/fleschmazowsza.com.pl\/?p=3425","title":{"rendered":"Wszystko w r\u0119kach m\u0142odzie\u017cy"},"content":{"rendered":"\n<p><strong>Nab\u00f3r kandydat\u00f3w do M\u0142odzie\u017cowego Sejmiku Wojew\u00f3dztwa Mazowieckiego trwa\u0142 od 1 do 25 pa\u017adziernika. Ka\u017cdy, kto lubi dzia\u0142a\u0107, ma dusz\u0119 spo\u0142ecznika i w realny spos\u00f3b chce wp\u0142ywa\u0107 na to, co dzieje si\u0119 w regionie m\u00f3g\u0142 zg\u0142osi\u0107 swoj\u0105 kandydatur\u0119.<\/strong><\/p>\n\n\n\n<p>\u2013 To nasza odpowied\u017a na pro\u015bby\nzg\u0142aszane przez m\u0142odych mieszka\u0144c\u00f3w Mazowsza \u2013 m\u00f3wi marsza\u0142ek\nAdam Struzik. \uf02d Dzi\u015b m\u0142odzie\u017c nie chce biernie przygl\u0105da\u0107 si\u0119\ntemu, co dzieje si\u0119 wok\u00f3\u0142 nich. Chc\u0105 m\u00f3c wzi\u0105\u0107 sprawy w swoje\nr\u0119ce i mie\u0107 realny wp\u0142yw na to, jak b\u0119dzie wygl\u0105da\u0142a ich\nprzysz\u0142o\u015b\u0107. My z kolei chcemy pozna\u0107 ich punkt widzenia i da\u0107 im\nszans\u0119 wprowadzenia s\u0142\u00f3w w czyn.<\/p>\n\n\n\n<p style=\"text-align:center\"><strong>B\u0119dzie 51 mandat\u00f3w<\/strong><\/p>\n\n\n\n<p>W M\u0142odzie\u017cowym Sejmiku Wojew\u00f3dztwa\nMazowieckiego zasi\u0105dzie 51 radnych. Kto mo\u017ce zosta\u0107 radnym?\nUczniowie szk\u00f3\u0142 ponadpodstawowych i ponadgimnazjalnych z Mazowsza.\nWystarczy\u0142o wype\u0142ni\u0107 formularz zg\u0142oszeniowy, zebra\u0107 10 podpis\u00f3w\npopieraj\u0105cych kandydatur\u0119 i wys\u0142a\u0107 zg\u0142oszenie na adres Fundacji\nCivis Polonus.<\/p>\n\n\n\n<p>El\u017cbiera Lanc, cz\u0142onek zarz\u0105du\nwojew\u00f3dztwa mazowieckiego zapewnia, \u017ce m\u0142odzi ludzie z Mazowsza s\u0105\nzaanga\u017cowani w sprawy publiczne oraz aktywnie dzia\u0142aj\u0105 na rzecz\nrozwoju regionu. M\u0142odzie\u017cowy sejmik b\u0119dzie miejscem, gdzie teoria\nspotka si\u0119 z praktyk\u0105. Otwarta mo\u017cliwo\u015b\u0107 dyskusji wp\u0142ynie na\nrealizacj\u0119 wielu projekt\u00f3w. \n<\/p>\n\n\n\n<p style=\"text-align:center\"><strong>Siedem okr\u0119g\u00f3w<\/strong><\/p>\n\n\n\n<p>Kandydatury nades\u0142ane do Fundacji\nCivis Polonus b\u0119dzie ocenia\u0142a Wojew\u00f3dzka Komisja Wyborcza.\nNast\u0119pnie przeprowadzone zostan\u0105 wybory, kt\u00f3re odb\u0119d\u0105 si\u0119 w\nsiedmiu okr\u0119gach wyborczych. Kandydaci z najwy\u017cszymi notowaniami\nprzejd\u0105 do II etapu, kt\u00f3ry b\u0119dzie rozmow\u0105 kwalifikacyjn\u0105 z\nOkr\u0119gowymi Komisjami Wyborczymi. Kompletna lista radnych b\u0119dzie\nznana najp\u00f3\u017aniej 30 listopada.<\/p>\n\n\n\n<p>M\u0142odzie\u017cowy sejmik to spos\u00f3b nie\ntylko na zaktywizowanie m\u0142odzie\u017cy i zach\u0119cenie jej do\nzaanga\u017cowania si\u0119 w dzia\u0142ania lokalne, ale tak\u017ce okazja do\nzdobycia do\u015bwiadczenia i nabycia nowych umiej\u0119tno\u015bci. \n<\/p>\n\n\n\n<p style=\"text-align:center\"><strong>Samodzielna i aktywna m\u0142odzie\u017c<\/strong><\/p>\n\n\n\n<p>\u2013 Nie b\u0119dziemy dawa\u0107 m\u0142odym radnym\ngotowych rozwi\u0105za\u0144. To oni b\u0119d\u0105 musieli pochyli\u0107 si\u0119 nad\nstatutem i regulaminem sejmiku i sami wypracowa\u0107 zasady wsp\u00f3\u0142pracy.\nTo od nich zale\u017ce\u0107 b\u0119dzie, czy i ile b\u0119dzie komisji sejmikowych,\nczym one b\u0119d\u0105 si\u0119 zajmowa\u0142y. Po wy\u0142onieniu radnych ca\u0142o\u015b\u0107\nspraw zwi\u0105zanych z sejmikiem oddamy w r\u0119ce m\u0142odzie\u017cy. B\u0119dziemy\noczywi\u015bcie s\u0142u\u017cy\u0107 pomoc\u0105 i wsparciem, chcemy przekazywa\u0107\nsejmikowi do konsultacji projekty akt\u00f3w prawnych \u2013 tak jak dzi\u015b\nprzekazujemy je do Mazowieckiej Rady Dzia\u0142alno\u015bci Po\u017cytku\nPublicznego. Nie b\u0119dziemy jednak niczego narzuca\u0107. Plan na dzi\u015b\nzak\u0142ada kadencj\u0119 do ko\u0144ca 2021 roku, a w jej ramach pi\u0119\u0107 sesji.\nCo b\u0119dzie dalej \u2013 to ju\u017c zale\u017ce\u0107 b\u0119dzie od samej m\u0142odzie\u017cy \u2013\npodsumowuje Tamara Borkowska, zast\u0119pca dyrektora departamentu\norganizacji Urz\u0119du Marsza\u0142kowskiego.<\/p>\n\n\n\n<p>\u0141ukasz Dembi\u0144ski, cz\u0142onek Fundacji\nCivitas Polonus i ekspert w dziedzinie rozwoju i aktywizacji\nprzekonuje, \u017ce sejmik b\u0119dzie szczeg\u00f3lnym miejscem, w kt\u00f3rym\nm\u0142odzie\u017c b\u0119dzie mog\u0142a rozpocz\u0105\u0107 przygod\u0119 z dzia\u0142alno\u015bci\u0105\nobywatelsk\u0105. \n<\/p>\n\n\n\n<p>\u2013 Przygotujemy m\u0142odych do pe\u0142nienia funkcji radnego i b\u0119dziemy ich wspiera\u0107 w zyskaniu realnego wp\u0142ywu na kwestie publiczne, szczeg\u00f3lnie w zakresie dotycz\u0105cym spraw, kt\u00f3re ich interesuj\u0105 i anga\u017cuj\u0105 \u2013 zaznacza \u0141ukasz Dembi\u0144ski.<\/p>\n\n\n\n<p style=\"text-align:center\"><strong>Do\u015bwiadczony kandydat<\/strong><\/p>\n\n\n\n<p>Jednym\nz kandydat\u00f3w do sejmiku jest mieszkaniec warszawskiej Bia\u0142o\u0142\u0119ki\nDawid Szala, kt\u00f3remu dzia\u0142alno\u015b\u0107 spo\u0142eczna nie jest ju\u017c obca.\nOd pi\u0119ciu lat dzia\u0142a w radach m\u0142odzie\u017cowych i jak sam m\u00f3wi, jest\nto cenne do\u015bwiadczenie i okazja, aby si\u0119 rozwija\u0107. \n<\/p>\n\n\n\n<p>\u2013 Mo\u017cna nawi\u0105za\u0107 wiele kontakt\u00f3w,\na przy tym bardzo dobrze pozna\u0107 swoje \u015brodowisko lokalne, ma\u0142\u0105\nojczyzn\u0119, problemy mieszka\u0144c\u00f3w \u2013 nie tylko m\u0142odych, ale tak\u017ce\nos\u00f3b starszych \u2013 wskazuje Dawid Szala. \u2013 M\u0142odzie\u017cowa rada daje\nogromne perspektywy na przysz\u0142o\u015b\u0107, pomaga zintegrowa\u0107 si\u0119 z\nr\u00f3\u017cnymi \u015brodowiskami, tak\u017ce z m\u0142odymi z innych region\u00f3w, np.\npodczas kongres\u00f3w czy konferencji. Wielokrotnie podpisywali\u015bmy\nr\u00f3\u017cne porozumienia z radami innych wojew\u00f3dztw, np. ze\n\u015bwi\u0119tokrzyskiego, pomorskiego, zachodniopomorskiego. Bardzo du\u017co\nm\u0142odych ludzi zaczyna swoj\u0105 dzia\u0142alno\u015b\u0107 w\u0142a\u015bnie w\nm\u0142odzie\u017cowych radach miast, gmin, powiat\u00f3w, so\u0142ectw. Swoje\nm\u0142odzie\u017cowe rady maj\u0105 tak\u017ce pos\u0142owie. To szerokie drzwi do\ndzia\u0142alno\u015bci na wy\u017cszym poziomie pracy spo\u0142ecznej \u2013 przyznaje.<\/p>\n\n\n\n<p>Wyb\u00f3r kandydat\u00f3w b\u0119dzie znany pod\nkoniec listopada. Na razie pozostaje trzyma\u0107 kciuki za ch\u0119tnych i\n\u017cyczy\u0107 im powodzenia w procesie rekrutacji.<\/p>\n\n\n\n<p style=\"text-align:right\"><strong>Agata Czarnecka<\/strong><br>Fot.: <em><strong>portalsamorzadowy.pl<\/strong><\/em><\/p>\n","protected":false},"excerpt":{"rendered":"<p>Nab\u00f3r kandydat\u00f3w do M\u0142odzie\u017cowego Sejmiku Wojew\u00f3dztwa Mazowieckiego trwa\u0142 od 1 do 25 pa\u017adziernika. Ka\u017cdy, kto lubi dzia\u0142a\u0107, ma dusz\u0119 spo\u0142ecznika i w realny spos\u00f3b chce wp\u0142ywa\u0107 na to, co dzieje si\u0119 w regionie m\u00f3g\u0142 zg\u0142osi\u0107 swoj\u0105 kandydatur\u0119. \u2013 To nasza odpowied\u017a na pro\u015bby zg\u0142aszane przez m\u0142odych mieszka\u0144c\u00f3w Mazowsza \u2013 m\u00f3wi marsza\u0142ek Adam Struzik. \uf02d Dzi\u015b [&hellip;]<\/p>\n","protected":false},"author":2,"featured_media":3426,"comment_status":"closed","ping_status":"open","sticky":false,"template":"","format":"standard","meta":{"footnotes":""},"categories":[5],"tags":[],"class_list":["post-3425","post","type-post","status-publish","format-standard","has-post-thumbnail","hentry","category-wiadomosci"],"_links":{"self":[{"href":"https:\/\/fleschmazowsza.com.pl\/index.php?rest_route=\/wp\/v2\/posts\/3425","targetHints":{"allow":["GET"]}}],"collection":[{"href":"https:\/\/fleschmazowsza.com.pl\/index.php?rest_route=\/wp\/v2\/posts"}],"about":[{"href":"https:\/\/fleschmazowsza.com.pl\/index.php?rest_route=\/wp\/v2\/types\/post"}],"author":[{"embeddable":true,"href":"https:\/\/fleschmazowsza.com.pl\/index.php?rest_route=\/wp\/v2\/users\/2"}],"replies":[{"embeddable":true,"href":"https:\/\/fleschmazowsza.com.pl\/index.php?rest_route=%2Fwp%2Fv2%2Fcomments&post=3425"}],"version-history":[{"count":1,"href":"https:\/\/fleschmazowsza.com.pl\/index.php?rest_route=\/wp\/v2\/posts\/3425\/revisions"}],"predecessor-version":[{"id":3427,"href":"https:\/\/fleschmazowsza.com.pl\/index.php?rest_route=\/wp\/v2\/posts\/3425\/revisions\/3427"}],"wp:featuredmedia":[{"embeddable":true,"href":"https:\/\/fleschmazowsza.com.pl\/index.php?rest_route=\/wp\/v2\/media\/3426"}],"wp:attachment":[{"href":"https:\/\/fleschmazowsza.com.pl\/index.php?rest_route=%2Fwp%2Fv2%2Fmedia&parent=3425"}],"wp:term":[{"taxonomy":"category","embeddable":true,"href":"https:\/\/fleschmazowsza.com.pl\/index.php?rest_route=%2Fwp%2Fv2%2Fcategories&post=3425"},{"taxonomy":"post_tag","embeddable":true,"href":"https:\/\/fleschmazowsza.com.pl\/index.php?rest_route=%2Fwp%2Fv2%2Ftags&post=3425"}],"curies":[{"name":"wp","href":"https:\/\/api.w.org\/{rel}","templated":true}]}}