{"id":3418,"date":"2019-11-08T12:53:21","date_gmt":"2019-11-08T11:53:21","guid":{"rendered":"http:\/\/fleschmazowsza.com.pl\/?p=3418"},"modified":"2019-11-08T12:53:22","modified_gmt":"2019-11-08T11:53:22","slug":"edukacja-architektoniczna-w-walce-o-klimat","status":"publish","type":"post","link":"https:\/\/fleschmazowsza.com.pl\/?p=3418","title":{"rendered":"Edukacja architektoniczna w walce o klimat"},"content":{"rendered":"\n<p><strong>W podkowia\u0144skim Pa\u0142acyku Kasyno  odby\u0142o si\u0119 spotkanie z architektem Dariuszem \u015amiechowskim, wyk\u0142adowc\u0105 Wydzia\u0142u Architektury Wn\u0119trz ASP w Warszawie, od lat propagatorem idei eko architektury, prywatnie mieszka\u0144cem jednego z naszych Miast Ogrod\u00f3w \u2013 Milan\u00f3wka. Jakie s\u0105 g\u0142\u00f3wne wnioski ze spotkania?<\/strong><\/p>\n\n\n\n<p>Jak wiadomo, stoimy obecnie w obliczu\nkryzysu klimatycznego. Cywilizacja naukowo-przemys\u0142owa w ci\u0105gu\nostatnich 200 lat spowodowa\u0142a radykalne zmiany w \u015brodowisku\nprzyrodniczym, \u015bwiat, jaki by\u0142 dotychczas, zmienia si\u0119. W ogromnej\nmierze to w\u0142a\u015bnie budownictwo, w jego dotychczasowym kszta\u0142cie,\njest odpowiedzialne za wysokie zu\u017cycie energii i za nadmiern\u0105\nemisj\u0119 dwutlenku w\u0119gla. A zatem od zmian w urbanistyce i\narchitekturze zale\u017cy skuteczno\u015b\u0107 walki o klimat.<\/p>\n\n\n\n<p>Architekci s\u0105 ju\u017c tego \u015bwiadomi,\nrozpoczyna si\u0119 projektowanie pod has\u0142ami zr\u00f3wnowa\u017conego rozwoju i\ndba\u0142o\u015bci o zasoby. Z drugiej strony potrzebna jest edukacja\narchitektoniczna, aby obecni lub przyszli u\u017cytkownicy dom\u00f3w i\nogrod\u00f3w dokonywali wybor\u00f3w przyjaznych \u015brodowisku. Poniewa\u017c\nzmiany klimatyczne sta\u0142y si\u0119 ju\u017c faktem, chodzi r\u00f3wnie\u017c o\narchitektoniczne dostosowanie si\u0119 do tych zmian, reagowanie na nie,\nzapewnienie sobie bezpiecze\u0144stwa w zmieniaj\u0105cym si\u0119 \u015brodowisku. \n<\/p>\n\n\n\n<p style=\"text-align:center\"><strong>\u015arodowisko przyjazne do \u017cycia<\/strong><\/p>\n\n\n\n<p>Tym, czego potrzebujemy wszyscy na co\ndzie\u0144, jest \u015bwiat\u0142o, czyste powietrze i bezpo\u015bredni dost\u0119p do\nprzyrody, czyli ziele\u0144 dooko\u0142a nas \u2013 bez zapewnienia tych\nwarunk\u00f3w nie spos\u00f3b \u017cy\u0107. Jaki zatem dom i ogr\u00f3d tworzy zdrowe,\nnajbardziej przyjazne \u015brodowisko do \u017cycia?<\/p>\n\n\n\n<p>Musimy zadba\u0107 o jako\u015b\u0107 powietrza\nwewn\u0119trznego \u2013  potrafi by\u0107 ono nawet o\u015bmiokrotnie gorsze ni\u017c\nna zewn\u0105trz domu, istotna jest wi\u0119c wentylacja i swobodna\ncyrkulacja. Znaczenie ma jako\u015b\u0107 zdrowotna materia\u0142\u00f3w\nwyko\u0144czeniowych, nale\u017cy kupowa\u0107 m.in. wodorozcie\u0144czalne farby.\nTrzeba malowa\u0107 wn\u0119trza na jasne, roz\u015bwietlaj\u0105ce kolory.<\/p>\n\n\n\n<p>Optymalnie jest roz\u015bwietli\u0107 dom\n\u015bwiat\u0142em naturalnym, a idea\u0142em by\u0142by dost\u0119p \u015bwiat\u0142a z r\u00f3\u017cnych\nstron \u015bwiata \u2013 \u015bwiat\u0142o p\u00f3\u0142nocne, jako stabilne, bez blask\u00f3w i\nbez ol\u015bnienia s\u0142onecznego nadaje si\u0119 do wszelkiego typu pracowni,\nw pozosta\u0142ych pomieszczeniach mo\u017cna wykorzystywa\u0107 naturalne walory\n\u015bwiat\u0142a i cienia. Jednocze\u015bnie budynek konsekwentnie potraktowany\njako \u201epu\u0142apka s\u0142oneczna\u201d, z du\u017cymi oknami, \u201eotwarty\u201d na\npo\u0142udnie, wyposa\u017cony w kolektory s\u0142oneczne i panele\nfotowoltaiczne, zamienia si\u0119 w dom pasywny, kt\u00f3ry akumuluje i\nwykorzystuje energi\u0119 s\u0142oneczn\u0105 do ogrzewania. Tradycyjn\u0105\nnamiastk\u0105 takiego podej\u015bcia jest weranda, kt\u00f3ra akumuluje ciep\u0142o\nw s\u0142oneczne dni.<\/p>\n\n\n\n<p style=\"text-align:center\"><strong>W domu i w ogrodzie<\/strong><\/p>\n\n\n\n<p>D\u0142ugofalowym sposobem na zbyt silne\ns\u0142o\u0144ce od strony po\u0142udniowych okien jest dosadzenie z tej strony\ndrzew li\u015bciastych. Zielony dach, na przyk\u0142ad z rozchodnika, zapewni\nspor\u0105 retencj\u0119 wody.<\/p>\n\n\n\n<p>Przyjazna cz\u0142owiekowi jest\nbior\u00f3\u017cnorodno\u015b\u0107, a co za tym idzie pewien ba\u0142agan gatunk\u00f3w w\nogrodzie, minimalna ingerencja w przyrod\u0119, kt\u00f3ra sama potrafi si\u0119\nregulowa\u0107, niekoszenie trawnika, a nawet niegrabienie li\u015bci.<\/p>\n\n\n\n<p>Przyda\u0107 si\u0119 mog\u0105 \u201e\u0142amacze wiatru\u201d\n\u2013 \u017cywop\u0142oty, treja\u017ce z pn\u0105czami, kt\u00f3re zabezpiecz\u0105 ogr\u00f3d\nprzed silnymi powiewami. Ekologiczna oczyszczalnia przydomowa\nrozwi\u0105\u017ce problem kanalizacji.<\/p>\n\n\n\n<p style=\"text-align:center\"><strong>Natura jako sprzymierzeniec<\/strong><\/p>\n\n\n\n<p>Za\u0142o\u017ceniem ekologicznej architektury\njest, aby jak najmniej szkodzi\u0107 naturze, jak najmniej j\u0105 zmienia\u0107.\nProjektowanie nowego domu rozpoczyna si\u0119 od obserwacji miejsca i\npost\u0119puje w my\u015bl zasady, \u017ce budynek nale\u017cy posadowi\u0107 w\nnajgorszym miejscu dzia\u0142ki, aby ocali\u0107 lepsze dla przyrody.<\/p>\n\n\n\n<p>Na natur\u0119 nie patrzy si\u0119 od strony\nproblem\u00f3w, jakie stwarza, ale traktuje si\u0119 s\u0142o\u0144ce, wiatr i wod\u0119\njako potencjalnych sprzymierze\u0144c\u00f3w.<\/p>\n\n\n\n<p>Podobnie jest z budynkami ju\u017c\nistniej\u0105cymi \u2013 pozostawienie tego, co ju\u017c jest, to ekologiczne\npodej\u015bcie, bo rewitalizacja jest lepsza ni\u017c burzenie i budowanie\nnowego. Nie wszystko musi by\u0107 nowe, r\u00f3wne i okaza\u0142e \u2013 warto si\u0119\nprzyzwyczai\u0107 do my\u015bli, \u017ce r\u00f3wnie dobrze mo\u017ce by\u0107 zwyk\u0142e,\nstarsze i mniejsze. \n<\/p>\n\n\n\n<p style=\"text-align:right\">Tekst i foto: <strong>Sylwia Pa\u0144k\u00f3w<\/strong><\/p>\n","protected":false},"excerpt":{"rendered":"<p>W podkowia\u0144skim Pa\u0142acyku Kasyno odby\u0142o si\u0119 spotkanie z architektem Dariuszem \u015amiechowskim, wyk\u0142adowc\u0105 Wydzia\u0142u Architektury Wn\u0119trz ASP w Warszawie, od lat propagatorem idei eko architektury, prywatnie mieszka\u0144cem jednego z naszych Miast Ogrod\u00f3w \u2013 Milan\u00f3wka. Jakie s\u0105 g\u0142\u00f3wne wnioski ze spotkania? Jak wiadomo, stoimy obecnie w obliczu kryzysu klimatycznego. Cywilizacja naukowo-przemys\u0142owa w ci\u0105gu ostatnich 200 lat spowodowa\u0142a [&hellip;]<\/p>\n","protected":false},"author":2,"featured_media":3421,"comment_status":"closed","ping_status":"open","sticky":false,"template":"","format":"standard","meta":{"footnotes":""},"categories":[8,5],"tags":[],"class_list":["post-3418","post","type-post","status-publish","format-standard","has-post-thumbnail","hentry","category-roznosci","category-wiadomosci"],"_links":{"self":[{"href":"https:\/\/fleschmazowsza.com.pl\/index.php?rest_route=\/wp\/v2\/posts\/3418","targetHints":{"allow":["GET"]}}],"collection":[{"href":"https:\/\/fleschmazowsza.com.pl\/index.php?rest_route=\/wp\/v2\/posts"}],"about":[{"href":"https:\/\/fleschmazowsza.com.pl\/index.php?rest_route=\/wp\/v2\/types\/post"}],"author":[{"embeddable":true,"href":"https:\/\/fleschmazowsza.com.pl\/index.php?rest_route=\/wp\/v2\/users\/2"}],"replies":[{"embeddable":true,"href":"https:\/\/fleschmazowsza.com.pl\/index.php?rest_route=%2Fwp%2Fv2%2Fcomments&post=3418"}],"version-history":[{"count":1,"href":"https:\/\/fleschmazowsza.com.pl\/index.php?rest_route=\/wp\/v2\/posts\/3418\/revisions"}],"predecessor-version":[{"id":3420,"href":"https:\/\/fleschmazowsza.com.pl\/index.php?rest_route=\/wp\/v2\/posts\/3418\/revisions\/3420"}],"wp:featuredmedia":[{"embeddable":true,"href":"https:\/\/fleschmazowsza.com.pl\/index.php?rest_route=\/wp\/v2\/media\/3421"}],"wp:attachment":[{"href":"https:\/\/fleschmazowsza.com.pl\/index.php?rest_route=%2Fwp%2Fv2%2Fmedia&parent=3418"}],"wp:term":[{"taxonomy":"category","embeddable":true,"href":"https:\/\/fleschmazowsza.com.pl\/index.php?rest_route=%2Fwp%2Fv2%2Fcategories&post=3418"},{"taxonomy":"post_tag","embeddable":true,"href":"https:\/\/fleschmazowsza.com.pl\/index.php?rest_route=%2Fwp%2Fv2%2Ftags&post=3418"}],"curies":[{"name":"wp","href":"https:\/\/api.w.org\/{rel}","templated":true}]}}