{"id":3414,"date":"2019-11-08T12:13:27","date_gmt":"2019-11-08T11:13:27","guid":{"rendered":"http:\/\/fleschmazowsza.com.pl\/?p=3414"},"modified":"2019-11-08T12:13:29","modified_gmt":"2019-11-08T11:13:29","slug":"do-grodziska-wjada-elektryczne-autobusy","status":"publish","type":"post","link":"https:\/\/fleschmazowsza.com.pl\/?p=3414","title":{"rendered":"Do Grodziska wjad\u0105 elektryczne autobusy"},"content":{"rendered":"\n<p><strong>W 2021 roku zostanie uruchomiony pierwszy elektryczny autobus w Grodzisku Mazowieckim. Z dotychczasowych ustale\u0144 w\u0142adz wynika, \u017ce do tego czasu powstanie tak\u017ce stacja \u0142adowania tego typu pojazd\u00f3w.<\/strong><\/p>\n\n\n\n<p>Wszystko za spraw\u0105 unijnego\ndofinansowania, kt\u00f3re otrzyma\u0142a gmina Grodzisk Mazowiecki w kwocie\n10 mln z\u0142otych. Pieni\u0105dze zostan\u0105 przeznaczone na zakup dw\u00f3ch\nelektrycznych autobus\u00f3w oraz budow\u0119 stacji \u0142adowania. Wszystko po\nto, aby usprawni\u0107 ruch oraz zwi\u0119kszy\u0107 przepustowo\u015b\u0107 dr\u00f3g.\nAutobusy na grodziskich ulicach pojawi\u0105 si\u0119 prawdopodobnie w 2021\nroku.<\/p>\n\n\n\n<p>\u2013 Wielki projekt dotycz\u0105cy\nelektromobilno\u015bci ju\u017c realizujemy w Grodzisku Mazowieckim. Na ten\nmoment w ramach tego projektu trwa przebudowa skrzy\u017cowania ul.\nNadarzy\u0144skiej i ul. Warszawskiej. W przysz\u0142ym roku zajmiemy si\u0119\nprzebudow\u0105 skrzy\u017cowania ul. Teligi z ul. 3 Maja, przypomn\u0119, \u017ce\npowstanie tam rondo. Tak\u017ce w przysz\u0142ym roku chcemy wybudowa\u0107\nstacje \u0142adowania autobus\u00f3w, natomiast przetarg na zakup dw\u00f3ch\npojazd\u00f3w elektrycznych planujemy na 2021 rok. Mamy nadziej\u0119, \u017ce\nwtedy te\u017c wyjad\u0105 na ulice \u2013 zapewnia Grzegorz Benedykci\u0144ski,\nburmistrz Grodziska Mazowieckiego.<\/p>\n\n\n\n<p>Elektryczne autobusy to tylko cz\u0119\u015b\u0107\ndu\u017cej inwestycji wspieranej przez Regionalny Program Operacyjny\nWojew\u00f3dztwa Mazowieckiego. Projekt Zielone P\u0142uca Mazowsza \u2013\nrozw\u00f3j mobilno\u015bci miejskiej w gminach po\u0142udniowo-zachodniej cz\u0119\u015bci\nwojew\u00f3dztwa\u201d zak\u0142ada tak\u017ce przebudow\u0119 skrzy\u017cowa\u0144 oraz\nmodernizacj\u0119 sygnalizacji \u015bwietlnych. Przewiduje si\u0119 r\u00f3wnie\u017c\nwdro\u017cenie systemu \u201eInteligentnych System\u00f3w Transportowych\u201d,\nkt\u00f3rego celem jest zmiana \u015bwiate\u0142 sygnalizacyjnych na zielone w\nchwili, gdy do skrzy\u017cowania zbli\u017ca si\u0119 autobus elektryczny. Zakres\nprac inwestycyjnych ma trwa\u0107 do 2021 roku.<\/p>\n\n\n\n<p>Stacja \u0142adowania elektrycznych autobus\u00f3w ma powsta\u0107 na terenie ZGK Sp. z o.o. Zajezdnia wraz z pantografem planowana jest przy ul. Towarowej. Cz\u0119\u015b\u0107 dotacji zostanie tak\u017ce przeznaczonych na rozw\u00f3j mobilno\u015bci rowerowej w ramach projektu Grodziski Rower Miejski. <br><\/p>\n\n\n\n<p style=\"text-align:right\"><strong>Aneta Czarnecka<\/strong><br>Fot.: <em><strong>wikipedia.org<\/strong><\/em><\/p>\n","protected":false},"excerpt":{"rendered":"<p>W 2021 roku zostanie uruchomiony pierwszy elektryczny autobus w Grodzisku Mazowieckim. Z dotychczasowych ustale\u0144 w\u0142adz wynika, \u017ce do tego czasu powstanie tak\u017ce stacja \u0142adowania tego typu pojazd\u00f3w. Wszystko za spraw\u0105 unijnego dofinansowania, kt\u00f3re otrzyma\u0142a gmina Grodzisk Mazowiecki w kwocie 10 mln z\u0142otych. Pieni\u0105dze zostan\u0105 przeznaczone na zakup dw\u00f3ch elektrycznych autobus\u00f3w oraz budow\u0119 stacji \u0142adowania. Wszystko [&hellip;]<\/p>\n","protected":false},"author":2,"featured_media":3416,"comment_status":"closed","ping_status":"open","sticky":false,"template":"","format":"standard","meta":{"footnotes":""},"categories":[5],"tags":[],"class_list":["post-3414","post","type-post","status-publish","format-standard","has-post-thumbnail","hentry","category-wiadomosci"],"_links":{"self":[{"href":"https:\/\/fleschmazowsza.com.pl\/index.php?rest_route=\/wp\/v2\/posts\/3414","targetHints":{"allow":["GET"]}}],"collection":[{"href":"https:\/\/fleschmazowsza.com.pl\/index.php?rest_route=\/wp\/v2\/posts"}],"about":[{"href":"https:\/\/fleschmazowsza.com.pl\/index.php?rest_route=\/wp\/v2\/types\/post"}],"author":[{"embeddable":true,"href":"https:\/\/fleschmazowsza.com.pl\/index.php?rest_route=\/wp\/v2\/users\/2"}],"replies":[{"embeddable":true,"href":"https:\/\/fleschmazowsza.com.pl\/index.php?rest_route=%2Fwp%2Fv2%2Fcomments&post=3414"}],"version-history":[{"count":1,"href":"https:\/\/fleschmazowsza.com.pl\/index.php?rest_route=\/wp\/v2\/posts\/3414\/revisions"}],"predecessor-version":[{"id":3417,"href":"https:\/\/fleschmazowsza.com.pl\/index.php?rest_route=\/wp\/v2\/posts\/3414\/revisions\/3417"}],"wp:featuredmedia":[{"embeddable":true,"href":"https:\/\/fleschmazowsza.com.pl\/index.php?rest_route=\/wp\/v2\/media\/3416"}],"wp:attachment":[{"href":"https:\/\/fleschmazowsza.com.pl\/index.php?rest_route=%2Fwp%2Fv2%2Fmedia&parent=3414"}],"wp:term":[{"taxonomy":"category","embeddable":true,"href":"https:\/\/fleschmazowsza.com.pl\/index.php?rest_route=%2Fwp%2Fv2%2Fcategories&post=3414"},{"taxonomy":"post_tag","embeddable":true,"href":"https:\/\/fleschmazowsza.com.pl\/index.php?rest_route=%2Fwp%2Fv2%2Ftags&post=3414"}],"curies":[{"name":"wp","href":"https:\/\/api.w.org\/{rel}","templated":true}]}}