{"id":339,"date":"2016-11-18T10:17:47","date_gmt":"2016-11-18T09:17:47","guid":{"rendered":"http:\/\/fleschmazowsza.com.pl\/?p=339"},"modified":"2016-11-18T10:18:14","modified_gmt":"2016-11-18T09:18:14","slug":"nowy-naczelnik-i-dodatkowy-pracownik","status":"publish","type":"post","link":"https:\/\/fleschmazowsza.com.pl\/?p=339","title":{"rendered":"Nowy naczelnik, dodatkowy pracownik"},"content":{"rendered":"<p><strong>Wracamy do sprawy nieprawid\u0142owo\u015bci wykrytych na poczcie przy ul. Kraszewskiego w Pruszkowie. Po blisko dw\u00f3ch miesi\u0105cach od interwencji, kt\u00f3r\u0105 podj\u0119li\u015bmy na pro\u015bb\u0119 naszych czytelnik\u00f3w, na poczcie przy ul. Kraszewskiego pojawi\u0142y si\u0119 zmiany maj\u0105ce na celu usprawnienie obs\u0142ugi klient\u00f3w.<\/strong><\/p>\n<p>Spraw\u0105 nieprawid\u0142owo\u015bci wykrytych na poczcie przy ul. Kraszewskiego w Pruszkowie zaj\u0119li\u015bmy si\u0119 we wrze\u015bniu tego roku, w momencie kiedy do naszej redakcji zacz\u0119\u0142y sp\u0142ywa\u0107 e-maile z informacjami od niezadowolonych mieszka\u0144c\u00f3w.<\/p>\n<p>Pruszkowianie skar\u017cyli si\u0119 na zbyt ma\u0142\u0105 ilo\u015b\u0107 otwartych okienek i pracownik\u00f3w obs\u0142uguj\u0105cych interesant\u00f3w oraz brak jasnego podzia\u0142u dotycz\u0105cego oznakowania spraw do za\u0142atwienia w danym punkcie. Zastrze\u017cenie mieszka\u0144c\u00f3w wzbudza\u0142a r\u00f3wnie\u017c jako\u015b\u0107 obs\u0142ugi i cz\u0119ste obs\u0142ugiwanie klient\u00f3w poza kolejno\u015bci\u0105.<\/p>\n<p>Poprosili\u015bmy Poczt\u0119 Polsk\u0105 o komentarz dotycz\u0105cy sytuacji w plac\u00f3wce przy ul. Kraszewskiego. Zesp\u00f3\u0142 Biura Prasowego Poczty Polskiej zapewni\u0142, \u017ce Poczta Polska podejmie dzia\u0142ania weryfikacyjne i koryguj\u0105ce w celu poprawienia sytuacji w plac\u00f3wce.<\/p>\n<p>Na dzia\u0142ania Poczty Polskiej nie musieli\u015bmy d\u0142ugo czeka\u0107. Niedawno w plac\u00f3wce przy ul. Kraszewskiego w Pruszkowie pojawi\u0142 si\u0119 nowy naczelnik, kt\u00f3ry b\u0119dzie odpowiedzialny za organizacj\u0119 pracy i zarz\u0105dzanie kadr\u0105. Co wi\u0119cej, w celu usprawnienia obs\u0142ugi klient\u00f3w zatrudniony zosta\u0142 tak\u017ce dodatkowy pracownik.<\/p>\n<p>Jak t\u0142umaczy Zbigniew Baranowski, rzecznik prasowy Poczty Polskiej S.A., funkcjonuj\u0105ca w rytmie dw\u00f3ch zmian plac\u00f3wka co do zasady ma obsad\u0119 okienkow\u0105 w liczbie dw\u00f3ch os\u00f3b rano i dw\u00f3ch po po\u0142udniu, cho\u0107 oczywi\u015bcie mog\u0105 zdarzy\u0107 si\u0119 sytuacje wyj\u0105tkowe jak zwolnienie lekarskie, czy urlop.<\/p>\n<p>Wtedy jednak \u2013 w razie zwi\u0119kszonej liczby klient\u00f3w \u2013 do obs\u0142ugi w\u0142\u0105cza si\u0119 naczelnik lub osoba pracuj\u0105ca na zapleczu. Na drugiej zmianie czynne s\u0105 zawsze dwa stanowiska.<br \/>\n&#8211; Chcia\u0142bym podkre\u015bli\u0107, \u017ce w ostatnim czasie nie mieli\u015bmy sygna\u0142\u00f3w od klient\u00f3w dotycz\u0105cych dzia\u0142ania tej plac\u00f3wki \u2013 dodaje Zbigniew Baranowski.<\/p>\n<p style=\"text-align: right;\"><strong>Kinga Rochalska<\/strong><\/p>\n<p style=\"text-align: right;\">Fot. <strong>Ewelina Wielgat<\/strong><\/p>\n","protected":false},"excerpt":{"rendered":"<p>Wracamy do sprawy nieprawid\u0142owo\u015bci wykrytych na poczcie przy ul. Kraszewskiego w Pruszkowie. Po blisko dw\u00f3ch miesi\u0105cach od interwencji, kt\u00f3r\u0105 podj\u0119li\u015bmy na pro\u015bb\u0119 naszych czytelnik\u00f3w, na poczcie przy ul. Kraszewskiego pojawi\u0142y si\u0119 zmiany maj\u0105ce na celu usprawnienie obs\u0142ugi klient\u00f3w. Spraw\u0105 nieprawid\u0142owo\u015bci wykrytych na poczcie przy ul. Kraszewskiego w Pruszkowie zaj\u0119li\u015bmy si\u0119 we wrze\u015bniu tego roku, w [&hellip;]<\/p>\n","protected":false},"author":2,"featured_media":340,"comment_status":"closed","ping_status":"open","sticky":false,"template":"","format":"standard","meta":{"footnotes":""},"categories":[1],"tags":[],"class_list":["post-339","post","type-post","status-publish","format-standard","has-post-thumbnail","hentry","category-uncategorized"],"_links":{"self":[{"href":"https:\/\/fleschmazowsza.com.pl\/index.php?rest_route=\/wp\/v2\/posts\/339","targetHints":{"allow":["GET"]}}],"collection":[{"href":"https:\/\/fleschmazowsza.com.pl\/index.php?rest_route=\/wp\/v2\/posts"}],"about":[{"href":"https:\/\/fleschmazowsza.com.pl\/index.php?rest_route=\/wp\/v2\/types\/post"}],"author":[{"embeddable":true,"href":"https:\/\/fleschmazowsza.com.pl\/index.php?rest_route=\/wp\/v2\/users\/2"}],"replies":[{"embeddable":true,"href":"https:\/\/fleschmazowsza.com.pl\/index.php?rest_route=%2Fwp%2Fv2%2Fcomments&post=339"}],"version-history":[{"count":2,"href":"https:\/\/fleschmazowsza.com.pl\/index.php?rest_route=\/wp\/v2\/posts\/339\/revisions"}],"predecessor-version":[{"id":342,"href":"https:\/\/fleschmazowsza.com.pl\/index.php?rest_route=\/wp\/v2\/posts\/339\/revisions\/342"}],"wp:featuredmedia":[{"embeddable":true,"href":"https:\/\/fleschmazowsza.com.pl\/index.php?rest_route=\/wp\/v2\/media\/340"}],"wp:attachment":[{"href":"https:\/\/fleschmazowsza.com.pl\/index.php?rest_route=%2Fwp%2Fv2%2Fmedia&parent=339"}],"wp:term":[{"taxonomy":"category","embeddable":true,"href":"https:\/\/fleschmazowsza.com.pl\/index.php?rest_route=%2Fwp%2Fv2%2Fcategories&post=339"},{"taxonomy":"post_tag","embeddable":true,"href":"https:\/\/fleschmazowsza.com.pl\/index.php?rest_route=%2Fwp%2Fv2%2Ftags&post=339"}],"curies":[{"name":"wp","href":"https:\/\/api.w.org\/{rel}","templated":true}]}}