{"id":3368,"date":"2019-10-11T11:35:31","date_gmt":"2019-10-11T10:35:31","guid":{"rendered":"http:\/\/fleschmazowsza.com.pl\/?p=3368"},"modified":"2019-10-11T11:35:33","modified_gmt":"2019-10-11T10:35:33","slug":"mlodzi-awangarda-elit-samorzadowych","status":"publish","type":"post","link":"https:\/\/fleschmazowsza.com.pl\/?p=3368","title":{"rendered":"M\u0142odzi awangard\u0105 elit samorz\u0105dowych"},"content":{"rendered":"\n<p><strong>G\u0142os m\u0142odych od niedawna wybrzmiewa w dyskusjach na temat przysz\u0142o\u015bci \u015bwiata, Ameryki, Europy, kraju czy regionu. Na ulicach wielu miast m\u0142odzi formu\u0142uj\u0105 swoje \u017c\u0105dania wobec elit politycznych, wyra\u017caj\u0105 zaniepokojenie swoj\u0105 przysz\u0142o\u015bci\u0105. Dlatego wszelkie inicjatywy nadania bardziej wyrazistej formy uczestnictwa m\u0142odych w podejmowaniu wa\u017cnych decyzji s\u0105 bardzo istotne. Niew\u0105tpliwe do takiej inicjatywy nale\u017cy zaliczy\u0107 projekt utworzenia M\u0142odzie\u017cowego Sejmiku Wojew\u00f3dztwa Mazowieckiego. Patronem idei jest marsza\u0142ek wojew\u00f3dztwa Adam Struzik.<\/strong><\/p>\n\n\n\n<p>Zanim zostan\u0105 przedstawione zasady\nnaboru do nowego organu w\u0142adz samorz\u0105dowych warto zastanowi\u0107 si\u0119\nnad celem projektu. Nie wystarczy bowiem zapewnienie, \u017ce oferta jest\nadresowana do tych m\u0142odzie\u017cowych dzia\u0142aczy, kt\u00f3rzy chc\u0105 wzi\u0105\u0107\nsprawy m\u0142odych w swoje r\u0119ce. Wa\u017cne jest, aby przyszli radni\nsejmiku, dysponowali odpowiednimi narz\u0119dziami, kt\u00f3re pozwol\u0105 im na\nwprowadzenie proponowanych przez siebie zmian w obieg realnego \u017cycia.<\/p>\n\n\n\n<p style=\"text-align:center\"><strong>M\u0142odzi konsultanci i doradcy<\/strong><\/p>\n\n\n\n<p>Pomys\u0142odawca zapewnia, \u017ce M\u0142odzie\u017cowy\nSejmik Wojew\u00f3dztwa Mazowieckiego b\u0119dzie mia\u0142 prawo do zg\u0142aszania\ninicjatyw, wniosk\u00f3w do organ\u00f3w samorz\u0105du wojew\u00f3dztwa\nmazowieckiego. M\u0142odzi dzia\u0142acze b\u0119d\u0105 pe\u0142nili rol\u0119 konsultant\u00f3w\ni doradc\u00f3w.<\/p>\n\n\n\n<p>Przysz\u0142ym reprezentantom uczni\u00f3w\nszk\u00f3\u0142 ponadpodstawowych i ponadgimnazjalnych przydzielone zostan\u0105\nzadania formu\u0142owania propozycji rozwi\u0105za\u0144 najbardziej pal\u0105cych\nproblem\u00f3w regionu Mazowsza. Nietrudno zgadn\u0105\u0107, \u017ce problemy te\ndotyczy\u0107 b\u0119d\u0105 spraw ekologicznych, walki ze smogiem i\nprzeciwdzia\u0142ania katastrofie klimatycznej. Z pewno\u015bci\u0105 poruszony\nzostanie temat skutk\u00f3w reformy edukacji, a tak\u017ce konieczno\u015bci\nzmiany w zakresie podstawy programowej systemu kszta\u0142cenia,\npomijaj\u0105cego istotne dla m\u0142odych sprawy w obszarze ich sytuacji na\nrynku pracy w przysz\u0142o\u015bci. B\u0119d\u0105 podejmowane przez m\u0142odych\ndyskusje na temat mo\u017cliwo\u015bci uzyskania w\u0142asnego mieszkania.<\/p>\n\n\n\n<p style=\"text-align:center\"><strong>Demokratyczny wyb\u00f3r<\/strong><\/p>\n\n\n\n<p>Zasady wyboru m\u0142odych radnych do\nsejmiku s\u0105 zbli\u017cone do regu\u0142 wyborczych pe\u0142noletnich kandydat\u00f3w\ndo w\u0142adz wojew\u00f3dztwa. Wskazane podobie\u0144stwo podnosi rang\u0119 samej\nelekcji, sytuuj\u0105c m\u0142odych kandydat\u00f3w w gronie przysz\u0142ych radnych\nwybranych w spos\u00f3b demokratyczny, podobny do og\u00f3lnopolskiego wyboru\nw\u0142adz samorz\u0105dowych.<\/p>\n\n\n\n<p>Nastoletni kandydat na radnego wype\u0142nia\nformularz zg\u0142oszeniowy, gromadzi pod nim 10 g\u0142os\u00f3w poparcia i\nprzekazuje go listownie patronowi wybor\u00f3w m\u0142odzie\u017cowego samorz\u0105du,\nczyli Fundacji Civis Polonus. Nab\u00f3r kandydat\u00f3w na radnych ma by\u0107\nrozstrzygni\u0119ty w terminie od 1 do 25 pa\u017adziernika 2019 roku.<\/p>\n\n\n\n<p>Wojew\u00f3dzka Komisja Wyborcza oraz\nOkr\u0119gowe Komisje Wyborcze dokonaj\u0105 selekcji do liczby 102\nkandydat\u00f3w. W ten spos\u00f3b wybrani m\u0142odzi przyszli samorz\u0105dowcy\npoddani zostan\u0105 kolejnej pr\u00f3bie \u2013 rozmowie kwalifikacyjnej w\nOkr\u0119gowych Komisjach Wyborczych. Na podstawie wynik\u00f3w drugiego\netapu elekcji zostanie u\u0142o\u017cona lista m\u0142odych radnych. Dzie\u0144 30\nlistopada to termin og\u0142oszenia listy.<\/p>\n\n\n\n<p style=\"text-align:center\"><strong>Pierwsze w Polsce<\/strong><\/p>\n\n\n\n<p>W powiecie grodziskim radni wybierani\nb\u0119d\u0105 w okr\u0119gu wyborczym nr 7. Okr\u0119g ten obejmuje powiaty &#8211;\nlegionowski, nowodworski, otwocki, piaseczy\u0144ski, pruszkowski,\nwarszawski zachodni i wo\u0142omi\u0144ski. Z okr\u0119gu 7 do licz\u0105cego 51\nradnych M\u0142odzie\u017cowego Sejmiku Wojew\u00f3dztwa Mazowieckiego wybranych\nzostanie 11 m\u0142odych samorz\u0105dowc\u00f3w.<\/p>\n\n\n\n<p>Zach\u0119camy wszystkich uczni\u00f3w do\nwzi\u0119cia udzia\u0142u w pierwszych w Polsce wyborach do m\u0142odej awangardy\nelit samorz\u0105dowych. Wszelkie informacje na ten temat ka\u017cdy ucze\u0144\nznajdzie stronie internetowej: <a href=\"http:\/\/www.dialog.mazovia.pl\/mlodzi\">http:\/\/www.dialog.mazovia.pl\/mlodzi<\/a>.\n Mo\u017cna tak\u017ce telefonicznie zadawa\u0107 pytania pracownikom Fundacji\nCivis Polonus, dzwoni\u0105c pod nr 509 725 536 i 22 827 52 49, lub\nmailowo na adres e-mail: <a href=\"mailto:sejmikmlodziezowy@civispolonus.org.pl\">sejmikmlodziezowy@civispolonus.org.pl<\/a>.<\/p>\n\n\n\n<p>Nie trzeba nikogo\nprzekonywa\u0107, \u017ce udzia\u0142 w wyborach do M\u0142odzie\u017cowego Sejmiku\nWojew\u00f3dztwa Mazowieckiego stanowi ogromn\u0105 szans\u0119 dla m\u0142odego\npokolenia. To realna mo\u017cliwo\u015b\u0107 wej\u015bcia m\u0142odych do gremium os\u00f3b\ndecyduj\u0105cych o przysz\u0142o\u015bci naszej ma\u0142ej ojczyzny, jak\u0105 jest\nMazowsze.<\/p>\n\n\n\n<p style=\"text-align:right\"><strong>Magdalena G\u00f3rniak<\/strong><br>Fot. <em><strong>Urz\u0105d Marsza\u0142kowski Wojew\u00f3dztwa Mazowieckiego w Warszawie  <\/strong><\/em><\/p>\n","protected":false},"excerpt":{"rendered":"<p>G\u0142os m\u0142odych od niedawna wybrzmiewa w dyskusjach na temat przysz\u0142o\u015bci \u015bwiata, Ameryki, Europy, kraju czy regionu. Na ulicach wielu miast m\u0142odzi formu\u0142uj\u0105 swoje \u017c\u0105dania wobec elit politycznych, wyra\u017caj\u0105 zaniepokojenie swoj\u0105 przysz\u0142o\u015bci\u0105. Dlatego wszelkie inicjatywy nadania bardziej wyrazistej formy uczestnictwa m\u0142odych w podejmowaniu wa\u017cnych decyzji s\u0105 bardzo istotne. Niew\u0105tpliwe do takiej inicjatywy nale\u017cy zaliczy\u0107 projekt utworzenia [&hellip;]<\/p>\n","protected":false},"author":2,"featured_media":3369,"comment_status":"closed","ping_status":"open","sticky":false,"template":"","format":"standard","meta":{"footnotes":""},"categories":[9,5],"tags":[],"class_list":["post-3368","post","type-post","status-publish","format-standard","has-post-thumbnail","hentry","category-edukacja","category-wiadomosci"],"_links":{"self":[{"href":"https:\/\/fleschmazowsza.com.pl\/index.php?rest_route=\/wp\/v2\/posts\/3368","targetHints":{"allow":["GET"]}}],"collection":[{"href":"https:\/\/fleschmazowsza.com.pl\/index.php?rest_route=\/wp\/v2\/posts"}],"about":[{"href":"https:\/\/fleschmazowsza.com.pl\/index.php?rest_route=\/wp\/v2\/types\/post"}],"author":[{"embeddable":true,"href":"https:\/\/fleschmazowsza.com.pl\/index.php?rest_route=\/wp\/v2\/users\/2"}],"replies":[{"embeddable":true,"href":"https:\/\/fleschmazowsza.com.pl\/index.php?rest_route=%2Fwp%2Fv2%2Fcomments&post=3368"}],"version-history":[{"count":1,"href":"https:\/\/fleschmazowsza.com.pl\/index.php?rest_route=\/wp\/v2\/posts\/3368\/revisions"}],"predecessor-version":[{"id":3370,"href":"https:\/\/fleschmazowsza.com.pl\/index.php?rest_route=\/wp\/v2\/posts\/3368\/revisions\/3370"}],"wp:featuredmedia":[{"embeddable":true,"href":"https:\/\/fleschmazowsza.com.pl\/index.php?rest_route=\/wp\/v2\/media\/3369"}],"wp:attachment":[{"href":"https:\/\/fleschmazowsza.com.pl\/index.php?rest_route=%2Fwp%2Fv2%2Fmedia&parent=3368"}],"wp:term":[{"taxonomy":"category","embeddable":true,"href":"https:\/\/fleschmazowsza.com.pl\/index.php?rest_route=%2Fwp%2Fv2%2Fcategories&post=3368"},{"taxonomy":"post_tag","embeddable":true,"href":"https:\/\/fleschmazowsza.com.pl\/index.php?rest_route=%2Fwp%2Fv2%2Ftags&post=3368"}],"curies":[{"name":"wp","href":"https:\/\/api.w.org\/{rel}","templated":true}]}}