{"id":336,"date":"2016-11-18T10:07:59","date_gmt":"2016-11-18T09:07:59","guid":{"rendered":"http:\/\/fleschmazowsza.com.pl\/?p=336"},"modified":"2016-11-18T10:07:59","modified_gmt":"2016-11-18T09:07:59","slug":"realna-wladza-w-rekach-mieszkancow","status":"publish","type":"post","link":"https:\/\/fleschmazowsza.com.pl\/?p=336","title":{"rendered":"Realna w\u0142adza w r\u0119kach mieszka\u0144c\u00f3w"},"content":{"rendered":"<p><strong>We wtorek, 25 pa\u017adziernika, Rada Powiatu Pruszkowskiego jednog\u0142o\u015bnie podj\u0119\u0142a uchwa\u0142\u0119 daj\u0105c\u0105 mieszka\u0144com powiatu pe\u0142n\u0105 mo\u017cliwo\u015b\u0107 podejmowania inicjatywy uchwa\u0142odawczej. Do zg\u0142oszenia projekt\u00f3w uchwa\u0142 lub wniosku o ich poparcie wymagane b\u0119dzie zgromadzenie poparcia minimum 1000 os\u00f3b.<\/strong><\/p>\n<p>Realizacja prawa inicjatywy uchwa\u0142odawczej umo\u017cliwi mieszka\u0144com powiatu pruszkowskiego sporz\u0105dzenie i wnoszenie projekt\u00f3w uchwa\u0142 lub wniosku o ich podj\u0119cie przez Rad\u0119 Powiatu. Nowe narz\u0119dzie w r\u0119kach mieszka\u0144c\u00f3w powiatu pruszkowskiego pozwoli uczestniczy\u0107 im w rozstrzyganiu istotnych spraw wykonywanych w interesie mieszka\u0144c\u00f3w. Szczeg\u00f3\u0142owe zasady i tryb podejmowania inicjatywy uchwa\u0142odawczej znale\u017a\u0107 mo\u017cna w uchwale Rady Powiatu. Jednak co najwa\u017cniejsze dla mieszka\u0144c\u00f3w, do zg\u0142oszenia projekt\u00f3w pod g\u0142osowanie wymagane b\u0119dzie zgromadzenie poparcia minimum 1000 os\u00f3b.<\/p>\n<p>&#8211; Liczymy, \u017ce \u015bwiadomo\u015b\u0107 mo\u017cliwo\u015bci aktywnego w\u0142\u0105czenia si\u0119 mieszka\u0144c\u00f3w w proces uchwa\u0142odawczy i stanowienie prawa b\u0119dzie pozytywnie wp\u0142ywa\u0142o na ich zaanga\u017cowanie w dzia\u0142alno\u015b\u0107 i prace powiatu. Chcieli\u015bmy w ten spos\u00f3b zach\u0119ci\u0107 lokaln\u0105 spo\u0142eczno\u015b\u0107 do dzia\u0142ania na rzecz wsp\u00f3lnoty oddaj\u0105c w jej r\u0119ce narz\u0119dzie, kt\u00f3re to realnie umo\u017cliwia. Co wa\u017cne \u2013 to aktywizacja nie tylko w czasie wybor\u00f3w, ale te\u017c na co dzie\u0144 \u2013 podkre\u015bla Maksym Go\u0142o\u015b, Starosta Powiatu Pruszkowskiego<\/p>\n<p style=\"text-align: right;\"><strong>Kinga Rochalska<\/strong><\/p>\n","protected":false},"excerpt":{"rendered":"<p>We wtorek, 25 pa\u017adziernika, Rada Powiatu Pruszkowskiego jednog\u0142o\u015bnie podj\u0119\u0142a uchwa\u0142\u0119 daj\u0105c\u0105 mieszka\u0144com powiatu pe\u0142n\u0105 mo\u017cliwo\u015b\u0107 podejmowania inicjatywy uchwa\u0142odawczej. Do zg\u0142oszenia projekt\u00f3w uchwa\u0142 lub wniosku o ich poparcie wymagane b\u0119dzie zgromadzenie poparcia minimum 1000 os\u00f3b. Realizacja prawa inicjatywy uchwa\u0142odawczej umo\u017cliwi mieszka\u0144com powiatu pruszkowskiego sporz\u0105dzenie i wnoszenie projekt\u00f3w uchwa\u0142 lub wniosku o ich podj\u0119cie przez Rad\u0119 Powiatu. [&hellip;]<\/p>\n","protected":false},"author":2,"featured_media":337,"comment_status":"closed","ping_status":"open","sticky":false,"template":"","format":"standard","meta":{"footnotes":""},"categories":[5],"tags":[],"class_list":["post-336","post","type-post","status-publish","format-standard","has-post-thumbnail","hentry","category-wiadomosci"],"_links":{"self":[{"href":"https:\/\/fleschmazowsza.com.pl\/index.php?rest_route=\/wp\/v2\/posts\/336","targetHints":{"allow":["GET"]}}],"collection":[{"href":"https:\/\/fleschmazowsza.com.pl\/index.php?rest_route=\/wp\/v2\/posts"}],"about":[{"href":"https:\/\/fleschmazowsza.com.pl\/index.php?rest_route=\/wp\/v2\/types\/post"}],"author":[{"embeddable":true,"href":"https:\/\/fleschmazowsza.com.pl\/index.php?rest_route=\/wp\/v2\/users\/2"}],"replies":[{"embeddable":true,"href":"https:\/\/fleschmazowsza.com.pl\/index.php?rest_route=%2Fwp%2Fv2%2Fcomments&post=336"}],"version-history":[{"count":1,"href":"https:\/\/fleschmazowsza.com.pl\/index.php?rest_route=\/wp\/v2\/posts\/336\/revisions"}],"predecessor-version":[{"id":338,"href":"https:\/\/fleschmazowsza.com.pl\/index.php?rest_route=\/wp\/v2\/posts\/336\/revisions\/338"}],"wp:featuredmedia":[{"embeddable":true,"href":"https:\/\/fleschmazowsza.com.pl\/index.php?rest_route=\/wp\/v2\/media\/337"}],"wp:attachment":[{"href":"https:\/\/fleschmazowsza.com.pl\/index.php?rest_route=%2Fwp%2Fv2%2Fmedia&parent=336"}],"wp:term":[{"taxonomy":"category","embeddable":true,"href":"https:\/\/fleschmazowsza.com.pl\/index.php?rest_route=%2Fwp%2Fv2%2Fcategories&post=336"},{"taxonomy":"post_tag","embeddable":true,"href":"https:\/\/fleschmazowsza.com.pl\/index.php?rest_route=%2Fwp%2Fv2%2Ftags&post=336"}],"curies":[{"name":"wp","href":"https:\/\/api.w.org\/{rel}","templated":true}]}}