{"id":3359,"date":"2019-10-11T10:57:29","date_gmt":"2019-10-11T09:57:29","guid":{"rendered":"http:\/\/fleschmazowsza.com.pl\/?p=3359"},"modified":"2019-10-11T10:57:31","modified_gmt":"2019-10-11T09:57:31","slug":"drugi-tor-wkd-do-podkowy-dofinansowany-przez-unie","status":"publish","type":"post","link":"https:\/\/fleschmazowsza.com.pl\/?p=3359","title":{"rendered":"Drugi tor WKD do Podkowy dofinansowany przez Uni\u0119"},"content":{"rendered":"\n<p><strong>Centrum Unijnych Projekt\u00f3w Transportowych podpisa\u0142o umow\u0119 z WKD, na podstawie kt\u00f3rej sp\u00f3\u0142ka otrzyma dofinansowanie w kwocie 74 mln z\u0142 na budow\u0119 drugiego toru na odcinku Podkowa Le\u015bna \u2013 Grodzisk Mazowiecki. Warto\u015b\u0107 dofinansowania stanowi ok. 70 proc. koszt\u00f3w ca\u0142ej inwestycji.  <\/strong><\/p>\n\n\n\n<p>Zaplanowany przez WKD projekt obejmie\nnie tylko zasadnicz\u0105 budow\u0119 toru linii 47 mi\u0119dzy Podkow\u0105 Le\u015bn\u0105\na Grodziskiem Mazowieckim, ale tak\u017ce wymian\u0119 nawierzchni\ndotychczasowego toru, dobudow\u0119 i modernizacj\u0119 istniej\u0105cych peron\u00f3w\noraz przebudow\u0119 przejazd\u00f3w kolejowo-drogowych. W zakres inwestycji\nwej\u015b\u0107 ma r\u00f3wnie\u017c modyfikacja dworc\u00f3w Podkowa Le\u015bna G\u0142\u00f3wna i\nGrodzisk Mazowiecki Rado\u0144ska. Koszt przedsi\u0119wzi\u0119cia szacuje si\u0119\nna ok. 107,9 mln z\u0142.<\/p>\n\n\n\n<p>Nadrz\u0119dnym celem projektu jest\nzwi\u0119kszenie przepustowo\u015bci linii. Dodatkowy tor zapewni zwi\u0119kszenie\ncz\u0119stotliwo\u015bci kursowania poci\u0105g\u00f3w, co w realny spos\u00f3b prze\u0142o\u017cy\nsi\u0119 na komfort pasa\u017cer\u00f3w korzystaj\u0105cych z WKD. Ponadto w\u0142adzom\nsp\u00f3\u0142ki zale\u017cy na budowaniu marki i dbaniu o popularno\u015b\u0107\n\u201eWukadek\u201d. \n<\/p>\n\n\n\n<p>&#8211; Ciesz\u0119 si\u0119, \u017ce mogli\u015bmy w tym pom\u00f3c. Szans\u0119 na rozw\u00f3j da\u0142y fundusze unijne, kt\u00f3re zapewni\u0142y finansowanie 70 proc. warto\u015bci tej inwestycji \u2013 powiedzia\u0142 Jerzy Kwieci\u0144ski, minister finans\u00f3w, inwestycji i rozwoju.<\/p>\n\n\n\n<p>Zarz\u0105d sp\u00f3\u0142ki Warszawskiej Kolei\nDojazdowej w lipcu podpisa\u0142 umow\u0119 z firm\u0105 Transprojekt Gda\u0144ski,\nkt\u00f3ra odpowiada za przygotowanie stosownej dokumentacji projektowej.\nProjekt wraz z pozwoleniem na budow\u0119 powinien by\u0107 gotowy w lipcu\n2020 roku. W przysz\u0142ym roku sp\u00f3\u0142ka zamierza og\u0142osi\u0107 przetarg, w\nkt\u00f3rym wy\u0142oniony zostanie wykonawca inwestycji. Ca\u0142o\u015b\u0107 prac ma\nzako\u0144czy\u0107 si\u0119 w pierwszej po\u0142owie 2023 roku.<\/p>\n\n\n\n<p>Pomys\u0142 realizacji drugiej linii kolei\ndo Grodziska Mazowieckiego nie jest nowy.<\/p>\n\n\n\n<p>\u2013 Wype\u0142niamy zamierzenie le\u017c\u0105ce u\npodstaw strategii przyj\u0119tej przez za\u0142o\u017cycieli i budowniczych linii\nkolejowej EKD, kt\u00f3rzy ponad 90 lat temu planowali drug\u0105 nitk\u0119 toru\ndo Grodziska Mazowieckiego \u2013 przyzna\u0142 Micha\u0142 Panfil, prezes\nzarz\u0105du WKD.<\/p>\n\n\n\n<p style=\"text-align:right\"><strong>Aneta Czarnecka<\/strong><br>Fot.: <em><strong>Transport-publiczny.pl<\/strong><\/em><\/p>\n","protected":false},"excerpt":{"rendered":"<p>Centrum Unijnych Projekt\u00f3w Transportowych podpisa\u0142o umow\u0119 z WKD, na podstawie kt\u00f3rej sp\u00f3\u0142ka otrzyma dofinansowanie w kwocie 74 mln z\u0142 na budow\u0119 drugiego toru na odcinku Podkowa Le\u015bna \u2013 Grodzisk Mazowiecki. Warto\u015b\u0107 dofinansowania stanowi ok. 70 proc. koszt\u00f3w ca\u0142ej inwestycji. Zaplanowany przez WKD projekt obejmie nie tylko zasadnicz\u0105 budow\u0119 toru linii 47 mi\u0119dzy Podkow\u0105 Le\u015bn\u0105 a [&hellip;]<\/p>\n","protected":false},"author":2,"featured_media":3360,"comment_status":"closed","ping_status":"open","sticky":false,"template":"","format":"standard","meta":{"footnotes":""},"categories":[5],"tags":[],"class_list":["post-3359","post","type-post","status-publish","format-standard","has-post-thumbnail","hentry","category-wiadomosci"],"_links":{"self":[{"href":"https:\/\/fleschmazowsza.com.pl\/index.php?rest_route=\/wp\/v2\/posts\/3359","targetHints":{"allow":["GET"]}}],"collection":[{"href":"https:\/\/fleschmazowsza.com.pl\/index.php?rest_route=\/wp\/v2\/posts"}],"about":[{"href":"https:\/\/fleschmazowsza.com.pl\/index.php?rest_route=\/wp\/v2\/types\/post"}],"author":[{"embeddable":true,"href":"https:\/\/fleschmazowsza.com.pl\/index.php?rest_route=\/wp\/v2\/users\/2"}],"replies":[{"embeddable":true,"href":"https:\/\/fleschmazowsza.com.pl\/index.php?rest_route=%2Fwp%2Fv2%2Fcomments&post=3359"}],"version-history":[{"count":1,"href":"https:\/\/fleschmazowsza.com.pl\/index.php?rest_route=\/wp\/v2\/posts\/3359\/revisions"}],"predecessor-version":[{"id":3361,"href":"https:\/\/fleschmazowsza.com.pl\/index.php?rest_route=\/wp\/v2\/posts\/3359\/revisions\/3361"}],"wp:featuredmedia":[{"embeddable":true,"href":"https:\/\/fleschmazowsza.com.pl\/index.php?rest_route=\/wp\/v2\/media\/3360"}],"wp:attachment":[{"href":"https:\/\/fleschmazowsza.com.pl\/index.php?rest_route=%2Fwp%2Fv2%2Fmedia&parent=3359"}],"wp:term":[{"taxonomy":"category","embeddable":true,"href":"https:\/\/fleschmazowsza.com.pl\/index.php?rest_route=%2Fwp%2Fv2%2Fcategories&post=3359"},{"taxonomy":"post_tag","embeddable":true,"href":"https:\/\/fleschmazowsza.com.pl\/index.php?rest_route=%2Fwp%2Fv2%2Ftags&post=3359"}],"curies":[{"name":"wp","href":"https:\/\/api.w.org\/{rel}","templated":true}]}}