{"id":3348,"date":"2019-09-30T13:04:44","date_gmt":"2019-09-30T12:04:44","guid":{"rendered":"http:\/\/fleschmazowsza.com.pl\/?p=3348"},"modified":"2019-09-30T13:04:46","modified_gmt":"2019-09-30T12:04:46","slug":"rusza-budowa-tezni-solankowej-w-pruszkowie","status":"publish","type":"post","link":"https:\/\/fleschmazowsza.com.pl\/?p=3348","title":{"rendered":"Rusza budowa t\u0119\u017cni solankowej w Pruszkowie"},"content":{"rendered":"\n<p><strong>W czasie rozpalonej do czerwono\u015bci dyskusji na temat katastrofy klimatycznej wszelkie inicjatywy ekologiczne i prozdrowotne s\u0105 w cenie. Pruszk\u00f3w przy\u0142\u0105cza si\u0119 do grona miast, kt\u00f3re my\u015bl\u0105 o poprawie jako\u015bci powietrza, jakim oddychaj\u0105 jego mieszka\u0144cy. Jest to cenna inicjatywa, tym bardziej, \u017ce jej pomys\u0142 wysun\u0119li sami mieszka\u0144cy miasta, zg\u0142aszaj\u0105c ide\u0119 budowy t\u0119\u017cni solankowej w ramach projekt\u00f3w finansowanych z funduszu obywatelskiego.<\/strong><\/p>\n\n\n\n<p>Pruszk\u00f3w od dawna boryka si\u0119 z\nproblemem niskiej jako\u015bci powietrza. Liczba park\u00f3w, teren\u00f3w\nzieleni jest niewystarczaj\u0105ca, aby skutecznie przeciwdzia\u0142a\u0107\nskutkom zanieczyszczenia powietrza. St\u0105d idea budowy specjalnego\nmiejsca, kt\u00f3rego g\u0142\u00f3wn\u0105 rol\u0105 b\u0119dzie dostarczanie mieszka\u0144com\npowietrza bogatego w cenne sk\u0142adniki mineralne takie jak jod, brom,\nwap\u0144, magnes, potas, \u017celazo i s\u00f3d. W ramach podj\u0119tej inicjatywy\nzaprojektowano t\u0119\u017cni\u0119 oraz podano jej lokalizacj\u0119.<\/p>\n\n\n\n<p>Obydwa aspekty cennego przedsi\u0119wzi\u0119cia\nzosta\u0142y zaakceptowane przez Starostwo Powiatowe w Pruszkowie.\nPrzygotowany projekt nawi\u0105zuje do tradycji architektonicznej budowli\nt\u0119\u017cni solankowych, ze znanych wszystkim z uzdrowisk. Koncepcja\nwizerunku t\u0119\u017cni zamyka si\u0119 w przeuroczej altanie otoczonej\nzieleni\u0105. Miejsce zainstalowania t\u0119\u017cni to skwer w Parku Soko\u0142a,\nmiejsca cz\u0119sto odwiedzanego przez mieszka\u0144c\u00f3w Pruszkowa. Zar\u00f3wno\nwizerunek t\u0119\u017cni jak i miejsce jej instalacji wydaj\u0105 si\u0119 nie tylko\noptymalne, ale tak\u017ce zgodne z oczekiwaniami Pruszkowian.<\/p>\n\n\n\n<p>Realizacja projektu ma by\u0107 uko\u0144czona\nz ko\u0144cem pa\u017adziernika bie\u017c\u0105cego roku. Dzi\u0119ki temu miasto zyska\nszczeg\u00f3lne miejsce, kt\u00f3rego mikroklimat stanowi\u0107 b\u0119dzie istotny\nczynnik w profilaktyce i leczeniu chor\u00f3b g\u00f3rnych dr\u00f3g oddechowych.<\/p>\n\n\n\n<p style=\"text-align:right\"><strong>Magdalena G\u00f3rniak<\/strong><br>Fot. <em><strong>www.piastow.pl<\/strong><\/em><\/p>\n","protected":false},"excerpt":{"rendered":"<p>W czasie rozpalonej do czerwono\u015bci dyskusji na temat katastrofy klimatycznej wszelkie inicjatywy ekologiczne i prozdrowotne s\u0105 w cenie. Pruszk\u00f3w przy\u0142\u0105cza si\u0119 do grona miast, kt\u00f3re my\u015bl\u0105 o poprawie jako\u015bci powietrza, jakim oddychaj\u0105 jego mieszka\u0144cy. Jest to cenna inicjatywa, tym bardziej, \u017ce jej pomys\u0142 wysun\u0119li sami mieszka\u0144cy miasta, zg\u0142aszaj\u0105c ide\u0119 budowy t\u0119\u017cni solankowej w ramach projekt\u00f3w [&hellip;]<\/p>\n","protected":false},"author":2,"featured_media":3350,"comment_status":"closed","ping_status":"open","sticky":false,"template":"","format":"standard","meta":{"footnotes":""},"categories":[5],"tags":[],"class_list":["post-3348","post","type-post","status-publish","format-standard","has-post-thumbnail","hentry","category-wiadomosci"],"_links":{"self":[{"href":"https:\/\/fleschmazowsza.com.pl\/index.php?rest_route=\/wp\/v2\/posts\/3348","targetHints":{"allow":["GET"]}}],"collection":[{"href":"https:\/\/fleschmazowsza.com.pl\/index.php?rest_route=\/wp\/v2\/posts"}],"about":[{"href":"https:\/\/fleschmazowsza.com.pl\/index.php?rest_route=\/wp\/v2\/types\/post"}],"author":[{"embeddable":true,"href":"https:\/\/fleschmazowsza.com.pl\/index.php?rest_route=\/wp\/v2\/users\/2"}],"replies":[{"embeddable":true,"href":"https:\/\/fleschmazowsza.com.pl\/index.php?rest_route=%2Fwp%2Fv2%2Fcomments&post=3348"}],"version-history":[{"count":1,"href":"https:\/\/fleschmazowsza.com.pl\/index.php?rest_route=\/wp\/v2\/posts\/3348\/revisions"}],"predecessor-version":[{"id":3349,"href":"https:\/\/fleschmazowsza.com.pl\/index.php?rest_route=\/wp\/v2\/posts\/3348\/revisions\/3349"}],"wp:featuredmedia":[{"embeddable":true,"href":"https:\/\/fleschmazowsza.com.pl\/index.php?rest_route=\/wp\/v2\/media\/3350"}],"wp:attachment":[{"href":"https:\/\/fleschmazowsza.com.pl\/index.php?rest_route=%2Fwp%2Fv2%2Fmedia&parent=3348"}],"wp:term":[{"taxonomy":"category","embeddable":true,"href":"https:\/\/fleschmazowsza.com.pl\/index.php?rest_route=%2Fwp%2Fv2%2Fcategories&post=3348"},{"taxonomy":"post_tag","embeddable":true,"href":"https:\/\/fleschmazowsza.com.pl\/index.php?rest_route=%2Fwp%2Fv2%2Ftags&post=3348"}],"curies":[{"name":"wp","href":"https:\/\/api.w.org\/{rel}","templated":true}]}}