{"id":3345,"date":"2019-09-30T13:01:43","date_gmt":"2019-09-30T12:01:43","guid":{"rendered":"http:\/\/fleschmazowsza.com.pl\/?p=3345"},"modified":"2019-09-30T13:01:45","modified_gmt":"2019-09-30T12:01:45","slug":"podkowa-lesna-bez-plastiku","status":"publish","type":"post","link":"https:\/\/fleschmazowsza.com.pl\/?p=3345","title":{"rendered":"Podkowa Le\u015bna bez plastiku"},"content":{"rendered":"\n<p><strong>W\u0142adze Urz\u0119du Miasta Podkowa Le\u015bna zdecydowa\u0142y si\u0119 na trudny, ale jednocze\u015bnie bardzo potrzebny krok. Zarz\u0105dzeniem burmistrza, Artura Tusi\u0144skiego nakazuje si\u0119 od wrze\u015bnia rezygnacj\u0119 z u\u017cycia artyku\u0142\u00f3w z tworzyw sztucznych w urz\u0119dzie oraz podleg\u0142ych mu jednostkach.<\/strong><\/p>\n\n\n\n<p>O decyzji poinformowa\u0142 burmistrz,\nkt\u00f3ry na swoim blogu uzasadnia j\u0105 potrzeb\u0105 ochrony \u015brodowiska\nwynikaj\u0105c\u0105 w szczeg\u00f3lno\u015bci ze zmian klimatycznych. Zgodnie z\nnakazem, w Urz\u0119dzie Miasta Podkowa Le\u015bna nie znajdziemy ju\u017c wody\ndystrybuowanej w plastikowych kubeczkach, a tak\u017ce cateringu\npodawanego na jednorazowych naczyniach. \n<\/p>\n\n\n\n<p>D\u0105\u017cenie do zupe\u0142nej rezygnacji z\nplastiku oraz zast\u0119powania go materia\u0142ami biodegradowalnymi jest\ngwarantem polepszenia sytuacji ekologicznej w regionie oraz ca\u0142ym\nkraju. Jak zapewnia burmistrz miasta Podkowa Le\u015bna, nie jest to\nwcale takie trudne \u2013 wystarczy zmieni\u0107 dotychczasowe nawyki\nkonsumenckie. Dodaje tak\u017ce, \u017ce instytucje publiczne powinny by\u0107 w\nszczeg\u00f3lno\u015bci miejscami wzorcowymi, z kt\u00f3rych mo\u017cna czerpa\u0107\ninspiracj\u0119. Na terenie Urz\u0119du Miasta zostan\u0105 rozmieszczone tak\u017ce\nspecjalne kosze z podzia\u0142em na frakcje, kt\u00f3re u\u0142atwi\u0105 sortowanie\nodpad\u00f3w.<\/p>\n\n\n\n<p>Krok w\u0142odarza Podkowy Le\u015bnej wydaje\nsi\u0119 by\u0107 bardzo potrzebny i warto\u015bciowy we wsp\u00f3\u0142czesnym \u015bwiecie.\nZach\u0119camy, aby tak\u017ce inne gminy w\u0142\u0105czy\u0142y si\u0119 do wprowadzania\nzmian na terenie swoich jednostek samorz\u0105dowych. Czasami niewielka\nzmiana mo\u017ce realnie przyczyni\u0107 si\u0119 do polepszenia sytuacji.<\/p>\n\n\n\n<p style=\"text-align:right\"><strong>Aneta Czarnecka<br><\/strong>Fot.: <strong><em>Pixabay.com<\/em><\/strong><\/p>\n","protected":false},"excerpt":{"rendered":"<p>W\u0142adze Urz\u0119du Miasta Podkowa Le\u015bna zdecydowa\u0142y si\u0119 na trudny, ale jednocze\u015bnie bardzo potrzebny krok. Zarz\u0105dzeniem burmistrza, Artura Tusi\u0144skiego nakazuje si\u0119 od wrze\u015bnia rezygnacj\u0119 z u\u017cycia artyku\u0142\u00f3w z tworzyw sztucznych w urz\u0119dzie oraz podleg\u0142ych mu jednostkach. O decyzji poinformowa\u0142 burmistrz, kt\u00f3ry na swoim blogu uzasadnia j\u0105 potrzeb\u0105 ochrony \u015brodowiska wynikaj\u0105c\u0105 w szczeg\u00f3lno\u015bci ze zmian klimatycznych. Zgodnie [&hellip;]<\/p>\n","protected":false},"author":2,"featured_media":3346,"comment_status":"closed","ping_status":"open","sticky":false,"template":"","format":"standard","meta":{"footnotes":""},"categories":[9,5],"tags":[],"class_list":["post-3345","post","type-post","status-publish","format-standard","has-post-thumbnail","hentry","category-edukacja","category-wiadomosci"],"_links":{"self":[{"href":"https:\/\/fleschmazowsza.com.pl\/index.php?rest_route=\/wp\/v2\/posts\/3345","targetHints":{"allow":["GET"]}}],"collection":[{"href":"https:\/\/fleschmazowsza.com.pl\/index.php?rest_route=\/wp\/v2\/posts"}],"about":[{"href":"https:\/\/fleschmazowsza.com.pl\/index.php?rest_route=\/wp\/v2\/types\/post"}],"author":[{"embeddable":true,"href":"https:\/\/fleschmazowsza.com.pl\/index.php?rest_route=\/wp\/v2\/users\/2"}],"replies":[{"embeddable":true,"href":"https:\/\/fleschmazowsza.com.pl\/index.php?rest_route=%2Fwp%2Fv2%2Fcomments&post=3345"}],"version-history":[{"count":1,"href":"https:\/\/fleschmazowsza.com.pl\/index.php?rest_route=\/wp\/v2\/posts\/3345\/revisions"}],"predecessor-version":[{"id":3347,"href":"https:\/\/fleschmazowsza.com.pl\/index.php?rest_route=\/wp\/v2\/posts\/3345\/revisions\/3347"}],"wp:featuredmedia":[{"embeddable":true,"href":"https:\/\/fleschmazowsza.com.pl\/index.php?rest_route=\/wp\/v2\/media\/3346"}],"wp:attachment":[{"href":"https:\/\/fleschmazowsza.com.pl\/index.php?rest_route=%2Fwp%2Fv2%2Fmedia&parent=3345"}],"wp:term":[{"taxonomy":"category","embeddable":true,"href":"https:\/\/fleschmazowsza.com.pl\/index.php?rest_route=%2Fwp%2Fv2%2Fcategories&post=3345"},{"taxonomy":"post_tag","embeddable":true,"href":"https:\/\/fleschmazowsza.com.pl\/index.php?rest_route=%2Fwp%2Fv2%2Ftags&post=3345"}],"curies":[{"name":"wp","href":"https:\/\/api.w.org\/{rel}","templated":true}]}}