{"id":3342,"date":"2019-09-30T12:59:42","date_gmt":"2019-09-30T11:59:42","guid":{"rendered":"http:\/\/fleschmazowsza.com.pl\/?p=3342"},"modified":"2019-09-30T12:59:44","modified_gmt":"2019-09-30T11:59:44","slug":"najwiekszy-na-mazowszu-osrodek-jezdziecki-w-zabiej-woli","status":"publish","type":"post","link":"https:\/\/fleschmazowsza.com.pl\/?p=3342","title":{"rendered":"Najwi\u0119kszy na Mazowszu o\u015brodek je\u017adziecki w \u017babiej Woli"},"content":{"rendered":"\n<p><strong>Niebawem w \u017babiej Woli powstanie najwi\u0119kszy o\u015brodek je\u017adziecki na Mazowszu, a pierwsze kroki w tym kierunku zosta\u0142y ju\u017c poczynione. 17 wrze\u015bnia odby\u0142o si\u0119 uroczyste wmurowanie kamienia w\u0119gielnego pod budow\u0119 obiektu.  <\/strong><\/p>\n\n\n\n<p>Inwestycja obejmie budow\u0119, wyposa\u017cenie\noraz uruchomienie o\u015brodka szkoleniowego dla mi\u0142o\u015bnik\u00f3w jazdy\nkonnej. Z oferty Becker Sport Equestrian Center b\u0119d\u0105 mogli\nskorzysta\u0107 zar\u00f3wno nowicjusze, jak r\u00f3wnie\u017c cz\u0142onkowie\nseniorskiej kadry Narodowej. Obiekt dok\u0142adnie b\u0119dzie znajdowa\u0142 si\u0119\nw miejscowo\u015bci Kale\u0144-Towarzystwo. \n<\/p>\n\n\n\n<p>O\u015brodek szkoleniowy zajmie si\u0119 tak\u017ce\norganizacj\u0105 zawod\u00f3w, zar\u00f3wno og\u00f3lnopolskich, jak r\u00f3wnie\u017c\nmi\u0119dzynarodowych w cyklach letnich i zimowych. W\u0142odarze gminy\nzapowiadaj\u0105 aukcje koni, poniewa\u017c w\u0142a\u015bcicielom obiektu zale\u017cy,\naby propagowa\u0107 polskie rasy koni w\u015br\u00f3d go\u015bci z zagranicy. \n<\/p>\n\n\n\n<p>Urz\u0119dnicy\ngminy \u017babia Wola podkre\u015blaj\u0105, \u017ce nadrz\u0119dnym celem o\u015brodka\nb\u0119dzie rozprzestrzenianie zami\u0142owania do jazdy konnej, a tak\u017ce\nedukowanie dzieci i m\u0142odzie\u017cy w sferze kontaktu ze zwierz\u0119tami.\nWszystko ma odbywa\u0107 si\u0119 w duchu olimpijskiej zasady gry fair-play. \n<\/p>\n\n\n\n<p>Nie znamy na razie orientacyjnych\ntermin\u00f3w otwarcia o\u015brodka. Inicjatork\u0105 projektu jest Monika Becker\n\u2013 do\u015bwiadczona i wci\u0105\u017c aktywna zawodniczka mi\u0119dzynarodowych\nzawod\u00f3w w skokach przez przeszkody.<\/p>\n\n\n\n<p style=\"text-align:right\"><strong>Aneta Czarnecka<\/strong><br>Fot.: <em><strong>Grodzisknews.pl<\/strong><\/em><\/p>\n","protected":false},"excerpt":{"rendered":"<p>Niebawem w \u017babiej Woli powstanie najwi\u0119kszy o\u015brodek je\u017adziecki na Mazowszu, a pierwsze kroki w tym kierunku zosta\u0142y ju\u017c poczynione. 17 wrze\u015bnia odby\u0142o si\u0119 uroczyste wmurowanie kamienia w\u0119gielnego pod budow\u0119 obiektu. Inwestycja obejmie budow\u0119, wyposa\u017cenie oraz uruchomienie o\u015brodka szkoleniowego dla mi\u0142o\u015bnik\u00f3w jazdy konnej. Z oferty Becker Sport Equestrian Center b\u0119d\u0105 mogli skorzysta\u0107 zar\u00f3wno nowicjusze, jak r\u00f3wnie\u017c [&hellip;]<\/p>\n","protected":false},"author":2,"featured_media":3343,"comment_status":"closed","ping_status":"open","sticky":false,"template":"","format":"standard","meta":{"footnotes":""},"categories":[4,5],"tags":[],"class_list":["post-3342","post","type-post","status-publish","format-standard","has-post-thumbnail","hentry","category-sport","category-wiadomosci"],"_links":{"self":[{"href":"https:\/\/fleschmazowsza.com.pl\/index.php?rest_route=\/wp\/v2\/posts\/3342","targetHints":{"allow":["GET"]}}],"collection":[{"href":"https:\/\/fleschmazowsza.com.pl\/index.php?rest_route=\/wp\/v2\/posts"}],"about":[{"href":"https:\/\/fleschmazowsza.com.pl\/index.php?rest_route=\/wp\/v2\/types\/post"}],"author":[{"embeddable":true,"href":"https:\/\/fleschmazowsza.com.pl\/index.php?rest_route=\/wp\/v2\/users\/2"}],"replies":[{"embeddable":true,"href":"https:\/\/fleschmazowsza.com.pl\/index.php?rest_route=%2Fwp%2Fv2%2Fcomments&post=3342"}],"version-history":[{"count":1,"href":"https:\/\/fleschmazowsza.com.pl\/index.php?rest_route=\/wp\/v2\/posts\/3342\/revisions"}],"predecessor-version":[{"id":3344,"href":"https:\/\/fleschmazowsza.com.pl\/index.php?rest_route=\/wp\/v2\/posts\/3342\/revisions\/3344"}],"wp:featuredmedia":[{"embeddable":true,"href":"https:\/\/fleschmazowsza.com.pl\/index.php?rest_route=\/wp\/v2\/media\/3343"}],"wp:attachment":[{"href":"https:\/\/fleschmazowsza.com.pl\/index.php?rest_route=%2Fwp%2Fv2%2Fmedia&parent=3342"}],"wp:term":[{"taxonomy":"category","embeddable":true,"href":"https:\/\/fleschmazowsza.com.pl\/index.php?rest_route=%2Fwp%2Fv2%2Fcategories&post=3342"},{"taxonomy":"post_tag","embeddable":true,"href":"https:\/\/fleschmazowsza.com.pl\/index.php?rest_route=%2Fwp%2Fv2%2Ftags&post=3342"}],"curies":[{"name":"wp","href":"https:\/\/api.w.org\/{rel}","templated":true}]}}