{"id":3332,"date":"2019-09-30T12:37:48","date_gmt":"2019-09-30T11:37:48","guid":{"rendered":"http:\/\/fleschmazowsza.com.pl\/?p=3332"},"modified":"2021-03-15T13:16:14","modified_gmt":"2021-03-15T12:16:14","slug":"wytwarzamy-zbyt-duzo-co2","status":"publish","type":"post","link":"https:\/\/fleschmazowsza.com.pl\/?p=3332","title":{"rendered":"Wytwarzamy zbyt du\u017co CO2"},"content":{"rendered":"\n<p><strong>Dwutlenek w\u0119gla (CO2) to jeden z gaz\u00f3w cieplarnianych, kt\u00f3rego nadmierna emisja przyczynia si\u0119 do niepo\u017c\u0105danych zmian klimatycznych na \u015bwiecie. Wytwarzany jest on w wyniku spalania paliw kopalnych takich jak ropa i w\u0119giel, a wed\u0142ug danych Eurostatu* produkcja CO2 tylko w Polsce w 2018 r. wzros\u0142a o 3,5%. Istotny wp\u0142yw na zatruwanie \u015brodowiska maj\u0105 gospodarstwa domowe, dlatego warto przeanalizowa\u0107, jak ograniczy\u0107 emisj\u0119 CO2 na w\u0142asn\u0105 r\u0119k\u0119.<\/strong><\/p>\n\n\n\n<p>Naukowcy alarmuj\u0105, \u017ce na ca\u0142ym\n\u015bwiecie powstaje za du\u017co dwutlenku w\u0119gla, by lasy nad\u0105\u017ca\u0142y z\njego poch\u0142anianiem i przetwarzaniem na tlen. Skala problemu jest tak\nwielka, \u017ce nie rozwi\u0105\u017ce go nawet masowe sadzenie ro\u015blin.\nKonieczne jest ograniczenie spalania paliw kopalnych. Tymczasem, jak\npodaje Eurostat*, w 2018 roku a\u017c 10,3% CO2 wyprodukowanego na\nterenie Unii Europejskiej pochodzi\u0142o z Polski. Jednocze\u015bnie blisko\n1\/5 gaz\u00f3w cieplarnianych Unii Europejskiej powstaje w gospodarstwach\ndomowych. Je\u017celi nie ograniczymy zanieczyszczania powietrza, to\nwed\u0142ug Crowther Lab** z Politechniki Federalnej w Zurychu za 30 lat\nw Warszawie b\u0119dzie tak ciep\u0142o jak w gruzi\u0144skim Tbilisi, gdzie\n\u015brednia roczna temperatura osi\u0105ga 13,3\u00b0C (dla por\u00f3wnania w\nWarszawie wynosi ona wynosi 7,7 \u00b0C)***. Jak wi\u0119c chroni\u0107\n\u015brodowisko i ograniczy\u0107 emisj\u0119 CO2 na w\u0142asn\u0105 r\u0119k\u0119? \n<\/p>\n\n\n\n<p class=\"has-text-align-center\"><strong>Niskoemisyjne ogrzewanie i energooszcz\u0119dne RTV\/AGD<\/strong><\/p>\n\n\n\n<p>Jednym z podstawowych obszar\u00f3w\nodpowiedzialnych za dzia\u0142anie na szkod\u0119 \u015brodowiska i nadmierne\nwytwarzanie CO2 jest przestarza\u0142e ogrzewanie gospodarstw domowych.\nSzacuje si\u0119, \u017ce dla prawie 70% spo\u015br\u00f3d kilku milion\u00f3w dom\u00f3w\njednorodzinnych w Polsce g\u0142\u00f3wnym \u017ar\u00f3d\u0142em ciep\u0142a jest kocio\u0142\nlub piec w\u0119glowy. Przy braku w\u0142a\u015bciwej izolacji termicznej,\npodczas podgrzewania wody i ogrzewania domu mo\u017ce powstawa\u0107 w ci\u0105gu\nroku tyle dwutlenku w\u0119gla, \u017ce potrzeba nawet 3 tysi\u0119cy drzew na\njego poch\u0142oni\u0119cie. Jak podkre\u015bla Anna Sawicka, G\u0142\u00f3wny\nSpecjalista ds. Rozwoju Strategii Ekologicznej z Banku Ochrony\n\u015arodowiska (BO\u015a), jednym ze sposob\u00f3w poprawy jako\u015bci powietrza\njest wyb\u00f3r niskoemisyjnego ogrzewania. \u2013 Wa\u017cne jest, by domowa\ninstalacja grzewcza by\u0142a efektywna, a zastosowane \u017ar\u00f3d\u0142o ciep\u0142a\nnie powinno przyczynia\u0107 si\u0119 do nadmiarowej emisji spalin do\natmosfery. Konieczna jest te\u017c dobra izolacja termiczna budynku,\nkt\u00f3ra ograniczy zapotrzebowanie na ciep\u0142o, co prze\u0142o\u017cy si\u0119 na\nni\u017csz\u0105 emisj\u0119 CO2 \u2013 zaznacza Anna Sawicka. \n<\/p>\n\n\n\n<p>W\u015br\u00f3d ekologicznych i coraz\npopularniejszych rozwi\u0105za\u0144 zast\u0119puj\u0105cych nieefektywne \u017ar\u00f3d\u0142a\nw\u0119glowe s\u0105 instalacje zasilane gazem lub pompy ciep\u0142a. Pierwsze\ncharakteryzuj\u0105 si\u0119 niskimi kosztami zakupu i monta\u017cu, a dodatkowo\nich finansowanie wspierane jest niskooprocentowanymi po\u017cyczkami na\nnabycie i wymian\u0119 kot\u0142a oraz termomodernizacj\u0119 (udziela je m.in.\nBO\u015a, kt\u00f3ry rozpocz\u0105\u0142 wsp\u00f3\u0142prac\u0119 z PGNiG). Z kolei inwestycja w\npomp\u0119 ciep\u0142a to dobry pomys\u0142 dla os\u00f3b chc\u0105cych ca\u0142kowicie\nwyeliminowa\u0107 zu\u017cycie paliw kopalnych. Rozwi\u0105zanie to zwi\u0105zane\njest z wy\u017cszymi kosztami pocz\u0105tkowymi, a tak\u017ce op\u0142atami za pr\u0105d,\nponiewa\u017c pompy ciep\u0142a wykorzystuj\u0105 energi\u0119 elektryczn\u0105. Do\nograniczenia emisji CO2 przyczyni si\u0119 tak\u017ce w\u0142a\u015bciwy dob\u00f3r\ndomowego o\u015bwietlenia i urz\u0105dze\u0144 RTV\/AGD. \u017bar\u00f3wki warto zast\u0105pi\u0107\nenergooszcz\u0119dnymi, kupuj\u0105c nowy sprz\u0119t wybierajmy ten o najwy\u017cszej\nklasie energetycznej. Zmniejszy to zu\u017cycie pr\u0105du z sieci, a co za\ntym idzie, przyczyni si\u0119 do mniejszej emisji CO2 powsta\u0142ej przy\nprodukcji energii w elektrowni. \n<\/p>\n\n\n\n<p class=\"has-text-align-center\"><strong>Codzienne decyzje i przyzwyczajenia<\/strong><\/p>\n\n\n\n<p>Wykonuj\u0105c codzienne czynno\u015bci, nie\nzastanawiamy si\u0119 jak niewiele potrzeba, aby zmniejszy\u0107 wytwarzanie\ndwutlenku w\u0119gla. R\u00f3\u017cne nawyki wp\u0142ywaj\u0105 na marnotrawstwo energii\nelektrycznej. Za zwi\u0119kszenie zu\u017cycia pr\u0105du odpowiadaj\u0105 np.:\ngotowanie zbyt du\u017cej ilo\u015bci wody w czajniku, wk\u0142adanie ciep\u0142ych\nposi\u0142k\u00f3w do lod\u00f3wki czy pozostawianie urz\u0105dze\u0144 w trybie\nczuwania. \u2013 Istotna cz\u0119\u015b\u0107 energii elektrycznej zwyczajnie si\u0119\nmarnuje. Warto zatem wyrobi\u0107 w sobie seri\u0119 nawyk\u00f3w, takich jak:\ngaszenie zb\u0119dnego o\u015bwietlenia, wy\u0142\u0105czanie i od\u0142\u0105czanie z\ngniazdek sprz\u0119t\u00f3w, z kt\u00f3rych aktualnie nie korzystamy, gotowanie w\nczajniku tylko niezb\u0119dnej ilo\u015bci wody, czy studzenie posi\u0142k\u00f3w\nprzed w\u0142o\u017ceniem do lod\u00f3wki. Pozwoli to nam nie tylko ograniczy\u0107\nnegatywn\u0105 emisj\u0119, ale tak\u017ce realnie obni\u017cy\u0107 nasze rachunki \u2013\nwyja\u015bnia Anna Sawicka.<\/p>\n\n\n\n<p>R\u00f3wnie istotne dla redukcji CO2 jest\noszcz\u0119dne u\u017cytkowanie samochod\u00f3w osobowych. Prawie 30% ca\u0142kowitej\nemisji w UE pochodzi z sektora transportu, z czego 72% \u2013 z\ntransportu drogowego****. Dlatego istotne jest przeanalizowanie\nzasadno\u015bci cz\u0119stego u\u017cywania samochodu i mo\u017cliwej zamiany na\ntransport publiczny lub rower.<\/p>\n\n\n\n<p class=\"has-text-align-center\"><strong>Proekologiczne nawyki w pracy<\/strong><\/p>\n\n\n\n<p>Aby rzeczywi\u015bcie ograniczy\u0107 szkodliw\u0105\nemisj\u0119 CO2, wa\u017cne jest wielokierunkowe wdra\u017canie zmian. Nie bez\nznaczenia s\u0105 przyzwyczajenia w pracy, miejscu, w kt\u00f3rym sp\u0119dzamy\nznaczn\u0105 cz\u0119\u015b\u0107 dnia. \u2013 Proste dzia\u0142ania przek\u0142adaj\u0105 si\u0119 na\ndu\u017ce efekty w skali globalnej. Wa\u017cne jest, aby zwraca\u0107\nuwag\u0119 na budowanie kultury proekologicznej wewn\u0105trz firmy.\nNienadu\u017cywanie klimatyzacji, gaszenie niepotrzebnego \u015bwiat\u0142a oraz\nod\u0142\u0105czanie urz\u0105dze\u0144 z gniazdek to tylko przyk\u0142ady nawyk\u00f3w\nprzyczyniaj\u0105cych si\u0119 do redukcji emisji CO2, kt\u00f3re s\u0105 wprowadzane\nw organizacjach szanuj\u0105cych \u015brodowisko \u2013 dodaje Anna Sawicka. \n<\/p>\n\n\n\n<p>\u0179r\u00f3d\u0142a danych:<\/p>\n\n\n\n<p>*\n<a href=\"https:\/\/ec.europa.eu\/eurostat\/documents\/2995521\/9779945\/8-08052019-AP-EN.pdf\/9594d125-9163-446c-b650-b2b00c531d2b\">https:\/\/ec.europa.eu\/eurostat\/documents\/2995521\/9779945\/8-08052019-AP-EN.pdf\/9594d125-9163-446c-b650-b2b00c531d2b<\/a><\/p>\n\n\n\n<p>**\n<a href=\"https:\/\/journals.plos.org\/plosone\/article?id=10.1371\/journal.pone.0217592\">https:\/\/journals.plos.org\/plosone\/article?id=10.1371\/journal.pone.0217592<\/a>\n<\/p>\n\n\n\n<p>*** <a href=\"https:\/\/pl.climate-data.org\/\">https:\/\/pl.climate-data.org<\/a><\/p>\n\n\n\n<p>****\n<a href=\"http:\/\/www.europarl.europa.eu\/news\/pl\/headlines\/society\/20190313STO31218\/emisje-co2-z-samochodow-fakty-i-liczby-infografika\">http:\/\/www.europarl.europa.eu\/news\/pl\/headlines\/society\/20190313STO31218\/emisje-co2-z-samochodow-fakty-i-liczby-infografika<\/a>\n<\/p>\n","protected":false},"excerpt":{"rendered":"<p>Dwutlenek w\u0119gla (CO2) to jeden z gaz\u00f3w cieplarnianych, kt\u00f3rego nadmierna emisja przyczynia si\u0119 do niepo\u017c\u0105danych zmian klimatycznych na \u015bwiecie. Wytwarzany jest on w wyniku spalania paliw kopalnych takich jak ropa i w\u0119giel, a wed\u0142ug danych Eurostatu* produkcja CO2 tylko w Polsce w 2018 r. wzros\u0142a o 3,5%. Istotny wp\u0142yw na zatruwanie \u015brodowiska maj\u0105 gospodarstwa domowe, [&hellip;]<\/p>\n","protected":false},"author":2,"featured_media":0,"comment_status":"closed","ping_status":"open","sticky":false,"template":"","format":"standard","meta":{"footnotes":""},"categories":[9],"tags":[],"class_list":["post-3332","post","type-post","status-publish","format-standard","hentry","category-edukacja"],"_links":{"self":[{"href":"https:\/\/fleschmazowsza.com.pl\/index.php?rest_route=\/wp\/v2\/posts\/3332","targetHints":{"allow":["GET"]}}],"collection":[{"href":"https:\/\/fleschmazowsza.com.pl\/index.php?rest_route=\/wp\/v2\/posts"}],"about":[{"href":"https:\/\/fleschmazowsza.com.pl\/index.php?rest_route=\/wp\/v2\/types\/post"}],"author":[{"embeddable":true,"href":"https:\/\/fleschmazowsza.com.pl\/index.php?rest_route=\/wp\/v2\/users\/2"}],"replies":[{"embeddable":true,"href":"https:\/\/fleschmazowsza.com.pl\/index.php?rest_route=%2Fwp%2Fv2%2Fcomments&post=3332"}],"version-history":[{"count":3,"href":"https:\/\/fleschmazowsza.com.pl\/index.php?rest_route=\/wp\/v2\/posts\/3332\/revisions"}],"predecessor-version":[{"id":4110,"href":"https:\/\/fleschmazowsza.com.pl\/index.php?rest_route=\/wp\/v2\/posts\/3332\/revisions\/4110"}],"wp:attachment":[{"href":"https:\/\/fleschmazowsza.com.pl\/index.php?rest_route=%2Fwp%2Fv2%2Fmedia&parent=3332"}],"wp:term":[{"taxonomy":"category","embeddable":true,"href":"https:\/\/fleschmazowsza.com.pl\/index.php?rest_route=%2Fwp%2Fv2%2Fcategories&post=3332"},{"taxonomy":"post_tag","embeddable":true,"href":"https:\/\/fleschmazowsza.com.pl\/index.php?rest_route=%2Fwp%2Fv2%2Ftags&post=3332"}],"curies":[{"name":"wp","href":"https:\/\/api.w.org\/{rel}","templated":true}]}}