{"id":3317,"date":"2019-09-13T11:52:40","date_gmt":"2019-09-13T10:52:40","guid":{"rendered":"http:\/\/fleschmazowsza.com.pl\/?p=3317"},"modified":"2019-09-13T11:52:43","modified_gmt":"2019-09-13T10:52:43","slug":"wukadka-bedzie-jezdzila-czesciej-juz-od-pazdziernika","status":"publish","type":"post","link":"https:\/\/fleschmazowsza.com.pl\/?p=3317","title":{"rendered":"Wukadka b\u0119dzie je\u017adzi\u0142a cz\u0119\u015bciej \u2013 ju\u017c od pa\u017adziernika"},"content":{"rendered":"\n<p><strong> Pasa\u017cer\u00f3w korzystaj\u0105cych regularnie z Warszawskiej Kolei Dojazdowej czeka dobra wiadomo\u015b\u0107. B\u0119d\u0105 bowiem mogli cz\u0119\u015bciej ni\u017c dotychczas podr\u00f3\u017cowa\u0107 w kierunku stolicy. Przewo\u017anik og\u0142osi\u0142, \u017ce od pa\u017adziernika zostanie uruchomiony dodatkowy, czternasty poci\u0105g. Wskutek tego, w codziennym rozk\u0142adzie b\u0119dzie a\u017c osiem kurs\u00f3w wi\u0119cej ni\u017c do tej pory.<\/strong><\/p>\n\n\n\n<p>\nW czasie prac\nremontowych na trasie PKP, wiele os\u00f3b \u201eprzesiad\u0142o si\u0119\u201d do WKD.\nSkutkuje to wzmo\u017conym ruchem, a w konsekwencji obni\u017ceniem komfortu\npodr\u00f3\u017cy. Ponadto mieszka\u0144com miejscowo\u015bci znajduj\u0105cych si\u0119 na\nlinii przejazdu \u201eWukadki\u201d zale\u017ca\u0142o, aby poci\u0105gi kursowa\u0142y\ncz\u0119\u015bciej. Pro\u015bby podr\u00f3\u017cuj\u0105cych zosta\u0142y spe\u0142nione, zarz\u0105d\nsp\u00f3\u0142ki zdecydowa\u0142 si\u0119 na uruchomienie nowego poci\u0105gu.<\/p>\n\n\n\n<p>\nWskutek\nzaplanowanych zmian, wukadkowy rozk\u0142ad od pa\u017adziernika tego roku\nb\u0119dzie liczy\u0142 192 kursy. W\u0142adze sp\u00f3\u0142ki informuj\u0105 tak\u017ce, \u017ce\noko\u0142o 30 kurs\u00f3w zostanie zmodyfikowanych w taki spos\u00f3b, aby nowy\npoci\u0105g i nowe kursy by\u0142y dostosowane do potrzeb pasa\u017cer\u00f3w oraz\np\u00f3r dnia. Wa\u017cne jest, aby przejazdy by\u0142y dopasowane do sytuacji\nkomunikacyjnej oraz tzw. \u201egodzin szczytu\u201d. W\u0142adze WKD informuj\u0105,\n\u017ce zwi\u0119kszy si\u0119 przede wszystkim liczba przejazd\u00f3w do kierunku\nMilan\u00f3wka oraz Grodziska Mazowieckiego. Cz\u0119\u015b\u0107 poci\u0105g\u00f3w zmieni\ngodziny odjazd\u00f3w \u2013 alarmuje zarz\u0105d. Uprasza si\u0119 wobec tego o\nczujno\u015b\u0107 i \u015bledzenie zmian na bie\u017c\u0105co.<\/p>\n\n\n\n<p>\nZar\u00f3wno pracownicy,\njak i u\u017cytkownicy WKD maj\u0105 nadziej\u0119 na up\u0142ynnienie ruchu dzi\u0119ki\ndodatkowym o\u015bmiu kursom. Wyd\u0142u\u017cy si\u0119 okres wyprawiania poci\u0105g\u00f3w\nze stacji Warszawa \u015ar\u00f3dmie\u015bcie w r\u00f3wnych 10-minutowych odst\u0119pach.\nNowe kursy pojawi\u0105 si\u0119 tak\u017ce w godzinach 18.00-19.00. \n<\/p>\n\n\n\n<p>\nBardzo dobre wyniki\nprzewozowe WKD oraz pierwsze miejsce w rankingach punktualno\u015bci\n\u015bwiadcz\u0105 o wysokiej pozycji sp\u00f3\u0142ki w regionie oraz\nzapotrzebowaniu na rozw\u00f3j i innowacj\u0119. Dane statystyczne pokazuj\u0105,\n\u017ce w pierwszej po\u0142owie tego roku z podr\u00f3\u017cy kolejk\u0105 WKD\nskorzysta\u0142o prawie 4,5 mln os\u00f3b. \n<\/p>\n\n\n\n<p style=\"text-align:right\"><strong> Aneta Czarnecka<\/strong><br> Fot.: <em><strong>Transport-publiczny.pl<\/strong><\/em><\/p>\n","protected":false},"excerpt":{"rendered":"<p>Pasa\u017cer\u00f3w korzystaj\u0105cych regularnie z Warszawskiej Kolei Dojazdowej czeka dobra wiadomo\u015b\u0107. B\u0119d\u0105 bowiem mogli cz\u0119\u015bciej ni\u017c dotychczas podr\u00f3\u017cowa\u0107 w kierunku stolicy. Przewo\u017anik og\u0142osi\u0142, \u017ce od pa\u017adziernika zostanie uruchomiony dodatkowy, czternasty poci\u0105g. Wskutek tego, w codziennym rozk\u0142adzie b\u0119dzie a\u017c osiem kurs\u00f3w wi\u0119cej ni\u017c do tej pory. W czasie prac remontowych na trasie PKP, wiele os\u00f3b \u201eprzesiad\u0142o si\u0119\u201d [&hellip;]<\/p>\n","protected":false},"author":2,"featured_media":3318,"comment_status":"closed","ping_status":"open","sticky":false,"template":"","format":"standard","meta":{"footnotes":""},"categories":[5],"tags":[],"class_list":["post-3317","post","type-post","status-publish","format-standard","has-post-thumbnail","hentry","category-wiadomosci"],"_links":{"self":[{"href":"https:\/\/fleschmazowsza.com.pl\/index.php?rest_route=\/wp\/v2\/posts\/3317","targetHints":{"allow":["GET"]}}],"collection":[{"href":"https:\/\/fleschmazowsza.com.pl\/index.php?rest_route=\/wp\/v2\/posts"}],"about":[{"href":"https:\/\/fleschmazowsza.com.pl\/index.php?rest_route=\/wp\/v2\/types\/post"}],"author":[{"embeddable":true,"href":"https:\/\/fleschmazowsza.com.pl\/index.php?rest_route=\/wp\/v2\/users\/2"}],"replies":[{"embeddable":true,"href":"https:\/\/fleschmazowsza.com.pl\/index.php?rest_route=%2Fwp%2Fv2%2Fcomments&post=3317"}],"version-history":[{"count":1,"href":"https:\/\/fleschmazowsza.com.pl\/index.php?rest_route=\/wp\/v2\/posts\/3317\/revisions"}],"predecessor-version":[{"id":3319,"href":"https:\/\/fleschmazowsza.com.pl\/index.php?rest_route=\/wp\/v2\/posts\/3317\/revisions\/3319"}],"wp:featuredmedia":[{"embeddable":true,"href":"https:\/\/fleschmazowsza.com.pl\/index.php?rest_route=\/wp\/v2\/media\/3318"}],"wp:attachment":[{"href":"https:\/\/fleschmazowsza.com.pl\/index.php?rest_route=%2Fwp%2Fv2%2Fmedia&parent=3317"}],"wp:term":[{"taxonomy":"category","embeddable":true,"href":"https:\/\/fleschmazowsza.com.pl\/index.php?rest_route=%2Fwp%2Fv2%2Fcategories&post=3317"},{"taxonomy":"post_tag","embeddable":true,"href":"https:\/\/fleschmazowsza.com.pl\/index.php?rest_route=%2Fwp%2Fv2%2Ftags&post=3317"}],"curies":[{"name":"wp","href":"https:\/\/api.w.org\/{rel}","templated":true}]}}