{"id":3314,"date":"2019-09-13T11:47:19","date_gmt":"2019-09-13T10:47:19","guid":{"rendered":"http:\/\/fleschmazowsza.com.pl\/?p=3314"},"modified":"2019-09-13T11:47:21","modified_gmt":"2019-09-13T10:47:21","slug":"nasze-wsie-nasza-duma","status":"publish","type":"post","link":"https:\/\/fleschmazowsza.com.pl\/?p=3314","title":{"rendered":"\u201eNasze Wsie Nasz\u0105 Dum\u0105\u201d"},"content":{"rendered":"\n<p><strong>Wielki piknik zorganizowany w plenerze wsi Szcz\u0119sne okaza\u0142 si\u0119 wydarzeniem rzeczywi\u015bcie imponuj\u0105cym swoim rozmachem. Reprezentowane by\u0142y wszystkie wsie gminy Grodzisk w liczbie 33. Ich stoiska poziomem aran\u017cacji artystycznej, przepyszn\u0105 ofert\u0105 kulinarn\u0105 i \u017cyczliwo\u015bci\u0105 ludzk\u0105 zadowoli\u0142yby ka\u017cdego konesera lokalnego folkloru we wsp\u00f3\u0142czesnym, \u017cywym wydaniu. Wyst\u0119py artystyczne na scenie plenerowej mia\u0142y bardzo r\u00f3\u017cnorodny charakter, na zasadzie \u201edla ka\u017cdego co\u015b dobrego\u201d.<\/strong><\/p>\n\n\n\n<p>Cz\u0119\u015b\u0107 oficjalna wydarzenia\nprzebieg\u0142a sprawnie i z humorem (jak zawsze w Grodzisku), co wi\u0119cej\npod wodz\u0105 burmistrza i dw\u00f3ch wiceburmistrz\u00f3w \u2013 co wyra\u017anie\npodkre\u015bla\u0142o rang\u0119 imprezy. Na wielk\u0105 scen\u0119 plenerow\u0105 zaproszono\nwszystkich so\u0142tys\u00f3w, ka\u017cdy z nich w kilku celnych zdaniach\nscharakteryzowa\u0142 swoje so\u0142ectwo. T\u0105 metod\u0105 szybko ukaza\u0142 si\u0119\nbarwny pejza\u017c ca\u0142ej grodziskiej gminy, przekazano kluczowe\ninformacje o wsiach, a sami so\u0142tysi dali si\u0119 pozna\u0107 jako ciekawe\nosobowo\u015bci. Korzystaj\u0105c z okazji burmistrz Grzegorz Benedykci\u0144ski\npoinformowa\u0142, \u017ce w miejscu pikniku powstanie niebawem szko\u0142a z\nzapleczem rekreacyjnym.<\/p>\n\n\n\n<p style=\"text-align:center\"><strong>Bogactwo podgrodziskich wsi<\/strong><\/p>\n\n\n\n<p>Aran\u017cacja rozlicznych stoisk-namiot\u00f3w\nby\u0142a widom\u0105 oznak\u0105 bogactwa podgrodziskich wsi, zarazem sugerowa\u0142a\nich specyficzne tradycje lub oferty. Kwiaty, owoce i warzywa, trawy i\nzio\u0142a, mimozy i s\u0142oneczniki \u2013 wykorzystanie tych motyw\u00f3w\ndekoracyjnych przy s\u0142onecznej pogodzie przywo\u0142ywa\u0142o rystykalny,\nsielski klimat.<\/p>\n\n\n\n<p>Gospodynie stoisk zaprezentowa\u0142y si\u0119\nw atrakcyjnych strojach: czerwonych bluzkach, wymy\u015blnych\nkapeluszach, sp\u00f3dnicach i fartuszkach zdobnych w motywy \u0142owickie,\nobecnie bardzo modne, a sztandarowe dla mazowieckiego folkloru. Ka\u017cdy\nnamiot mia\u0142 sw\u00f3j szczeg\u00f3lny wystr\u00f3j, nawi\u0105zuj\u0105cy do ciekawej\ntradycji historycznej danej wsi, do wyj\u0105tkowej oferty\nrzemie\u015blniczej, ogrodniczej, pszczelarskiej etc.<\/p>\n\n\n\n<p style=\"text-align:center\"><strong>Tendencje kulinarne<\/strong><\/p>\n\n\n\n<p>Tradycyjn\u0105 rol\u0105 wsi jest produkcja\n\u017cywno\u015bci i na pikniku rzeczywi\u015bcie czu\u0142o si\u0119 te kulinarne\ntendencje, zar\u00f3wno do wytwarzania, jak i degustacji. Podgrodziskie\ngospodynie i podgrodziscy gospodarze dali tu prawdziwy popis,\npysznego domowego jedzenia by\u0142o w br\u00f3d. Kusi\u0142y tradycyjne\nrarytasy: chrupi\u0105ce placki ziemniaczane, fragmenty prosiaka\nnadzianego kaszank\u0105, delikatne \u015bliwki w occie czy mocno\nprzyprawiona babka ziemniaczana w towarzystwie og\u00f3rka kiszonego.<\/p>\n\n\n\n<p>W\u015br\u00f3d napoj\u00f3w palm\u0119 pierwsze\u0144stwa\ndzier\u017cy\u0142y domowe lemoniady i nalewki \u2013 te drugie ju\u017c z g\u00f3ry\ndosta\u0142y b\u0142ogos\u0142awie\u0144stwo samego burmistrza. Jedzenie serwowano z\ngo\u015bcinno\u015bci\u0105 i \u017cyczliwo\u015bci\u0105, w co bardziej zasobnych w \u017cywno\u015b\u0107\ni napoje stoiskach wytworzy\u0142a si\u0119 ewidentnie familiarna atmosfera. \n<\/p>\n\n\n\n<p style=\"text-align:center\"><strong>Ta\u0144ce i \u015bpiewy<\/strong><\/p>\n\n\n\n<p>Zgodnie z zapowiedziami piknik\nobfitowa\u0142 w wyst\u0119py artystyczne pod has\u0142em \u201eWie\u015b ta\u0144czy i\n\u015bpiewa\u201d \u2013  m\u00f3wi\u0105c s\u0142owami jednego z so\u0142tys\u00f3w.<\/p>\n\n\n\n<p>Odwa\u017cni i utalentowani przedstawiciele\nso\u0142ectw, obojga p\u0142ci i wszelkiego wieku, wyst\u0119powali na scenie z\nrepertuarem tanecznym oraz wokalnym, zar\u00f3wno popularnym, jak i na\npo\u0142y ludowym. Indywidualnie b\u0105d\u017a grupowo opiewano J\u00f3zefa\nChe\u0142mo\u0144skiego, walory w\u0142asnych wsi, tradycje ojc\u00f3w i dziadk\u00f3w \u2013\nkreatywnos\u0107 nie wyczerpa\u0142a si\u0119 zatem na kulinariach i wystroju,\nale si\u0119gn\u0119\u0142a sztuki popularnej.<\/p>\n\n\n\n<p>Uznanie nale\u017cy si\u0119 so\u0142tysowi wsi\nRadonie, kt\u00f3ry z brawur\u0105 wykona\u0142 przeb\u00f3j \u201eC\u00f3rka rybaka\u201d,\nzako\u0144czony wspania\u0142\u0105 fraz\u0105: \u201eNiech si\u0119 przekonam, ile s\u0142odyczy\njest w s\u0142owie \u201eRadonie\u201d. Prawdziwym zjawiskiem artystycznym\nokaza\u0142a si\u0119 kilkunastoletnia W\u0142asta Wysocza\u0144ska z Czarnego Lasu.\nZa\u015bpiewa\u0142a m.in. ukrai\u0144sk\u0105 piosenk\u0119 w przepi\u0119knej, poruszaj\u0105cej\ninterpretacji, wyst\u0119puj\u0105c boso.<\/p>\n\n\n\n<p>Zwie\u0144czeniem pikniku by\u0142a plenerowa\nzabawa taneczna, trwaj\u0105ca d\u0142ugo po zmroku, do p\u00f3\u017anych godzin\nwieczornych. Kto chcia\u0142, ruszy\u0142 do ta\u0144ca w rytm przeboj\u00f3w Bee\nGees, Boney M. czy zespo\u0142u \u201eBoys\u201d z niezapomnian\u0105 piosenk\u0105\n\u201eJeste\u015b szalona\u201d. Migotliwe kolorowe \u015bwiat\u0142a tworzy\u0142y\ndyskotekow\u0105 aur\u0119. Nad plenerowym parkietem na chwil\u0119 zawis\u0142\nwielki dron, z kt\u00f3rego filmowano ca\u0142y piknik \u2013 przypomina\u0142\nnieodparcie pojazd kosmiczny z filmu \u201eWojna \u015awiat\u00f3w\u201d.<\/p>\n\n\n\n<p style=\"text-align:right\">Tekst i foto: <strong>Sylwia Pa\u0144k\u00f3w<\/strong><\/p>\n","protected":false},"excerpt":{"rendered":"<p>Wielki piknik zorganizowany w plenerze wsi Szcz\u0119sne okaza\u0142 si\u0119 wydarzeniem rzeczywi\u015bcie imponuj\u0105cym swoim rozmachem. Reprezentowane by\u0142y wszystkie wsie gminy Grodzisk w liczbie 33. Ich stoiska poziomem aran\u017cacji artystycznej, przepyszn\u0105 ofert\u0105 kulinarn\u0105 i \u017cyczliwo\u015bci\u0105 ludzk\u0105 zadowoli\u0142yby ka\u017cdego konesera lokalnego folkloru we wsp\u00f3\u0142czesnym, \u017cywym wydaniu. Wyst\u0119py artystyczne na scenie plenerowej mia\u0142y bardzo r\u00f3\u017cnorodny charakter, na zasadzie \u201edla [&hellip;]<\/p>\n","protected":false},"author":2,"featured_media":3315,"comment_status":"closed","ping_status":"open","sticky":false,"template":"","format":"standard","meta":{"footnotes":""},"categories":[5],"tags":[],"class_list":["post-3314","post","type-post","status-publish","format-standard","has-post-thumbnail","hentry","category-wiadomosci"],"_links":{"self":[{"href":"https:\/\/fleschmazowsza.com.pl\/index.php?rest_route=\/wp\/v2\/posts\/3314","targetHints":{"allow":["GET"]}}],"collection":[{"href":"https:\/\/fleschmazowsza.com.pl\/index.php?rest_route=\/wp\/v2\/posts"}],"about":[{"href":"https:\/\/fleschmazowsza.com.pl\/index.php?rest_route=\/wp\/v2\/types\/post"}],"author":[{"embeddable":true,"href":"https:\/\/fleschmazowsza.com.pl\/index.php?rest_route=\/wp\/v2\/users\/2"}],"replies":[{"embeddable":true,"href":"https:\/\/fleschmazowsza.com.pl\/index.php?rest_route=%2Fwp%2Fv2%2Fcomments&post=3314"}],"version-history":[{"count":1,"href":"https:\/\/fleschmazowsza.com.pl\/index.php?rest_route=\/wp\/v2\/posts\/3314\/revisions"}],"predecessor-version":[{"id":3316,"href":"https:\/\/fleschmazowsza.com.pl\/index.php?rest_route=\/wp\/v2\/posts\/3314\/revisions\/3316"}],"wp:featuredmedia":[{"embeddable":true,"href":"https:\/\/fleschmazowsza.com.pl\/index.php?rest_route=\/wp\/v2\/media\/3315"}],"wp:attachment":[{"href":"https:\/\/fleschmazowsza.com.pl\/index.php?rest_route=%2Fwp%2Fv2%2Fmedia&parent=3314"}],"wp:term":[{"taxonomy":"category","embeddable":true,"href":"https:\/\/fleschmazowsza.com.pl\/index.php?rest_route=%2Fwp%2Fv2%2Fcategories&post=3314"},{"taxonomy":"post_tag","embeddable":true,"href":"https:\/\/fleschmazowsza.com.pl\/index.php?rest_route=%2Fwp%2Fv2%2Ftags&post=3314"}],"curies":[{"name":"wp","href":"https:\/\/api.w.org\/{rel}","templated":true}]}}