{"id":3311,"date":"2019-09-13T11:44:57","date_gmt":"2019-09-13T10:44:57","guid":{"rendered":"http:\/\/fleschmazowsza.com.pl\/?p=3311"},"modified":"2019-09-13T11:44:59","modified_gmt":"2019-09-13T10:44:59","slug":"w-naszym-miasteczku-wojna-film-dokumentalny-o-grodzisku","status":"publish","type":"post","link":"https:\/\/fleschmazowsza.com.pl\/?p=3311","title":{"rendered":"\u201eW naszym miasteczku wojna\u201d &#8211; film dokumentalny o Grodzisku"},"content":{"rendered":"\n<p><strong>80 lat min\u0119\u0142o od wybuchu II wojny \u015bwiatowej. Tegoroczne obchody dnia 1 wrze\u015bnia mia\u0142y wi\u0119c wyj\u0105tkowy charakter. W Grodzisku ich ostatnim akcentem by\u0142a uroczysta premiera filmu dokumentalnego, po\u015bwi\u0119conego miastu i jego mieszka\u0144com lat wojny.<\/strong><\/p>\n\n\n\n<p>Autorem filmu \u201eW naszym miasteczku\nwojna\u201d jest Andrzej Sapija, profesor \u0141\u00f3dzkiej Szko\u0142y Filmowej,\ngrodziszczanin. Jego filmowy dokument o wojennym Grodzisku to\nprzeplataj\u0105ce si\u0119  relacje os\u00f3b starszych, naocznych \u015bwiadk\u00f3w\noraz wypowiedzi m\u0142odych mieszka\u0144c\u00f3w dzisiejszego miasta, kt\u00f3rzy\nczerpi\u0105 swoj\u0105 wiedz\u0119 z opowie\u015bci rodzinnych. Zdecydowanie\nbardziej sugestywny, dojrza\u0142y, autentycznie nacechowany emocjonalnie\nokaza\u0142 si\u0119 przekaz tych, kt\u00f3rzy patrzyli ongi\u015b na wojn\u0119\nbezpo\u015brednio, z perspektywy dzieci, jakimi \u00f3wcze\u015bnie byli. Zostaj\u0105\nw pami\u0119ci obrazy l\u0119ku przed SS-manami, kt\u00f3rzy chodzili po ulicach\nGrodziska zawsze z du\u017cymi psami, kartofelka, kt\u00f3rym karmiono\nniemowl\u0119 z braku innego po\u017cywienia czy szmuglowania ci\u0119\u017ckich\nbaniek z mlekiem do Warszawy.<\/p>\n\n\n\n<p>Og\u00f3lniejsz\u0105 intencj\u0105 re\u017cysera by\u0142o\npokazanie sfery prze\u017cy\u0107 ludzi w historii, synteza ich wra\u017ce\u0144,\nprzekazanie klimatu, atmosfery. Niestety wraz z up\u0142ywem czasu coraz\nmniej zosta\u0142o ju\u017c os\u00f3b, kt\u00f3re mog\u0105 o czasach II wojny\nopowiedzie\u0107 z w\u0142asnego do\u015bwiadczenia. Tym bardziej niewiele\nzosta\u0142o tych, kt\u00f3re chc\u0105 podzieli\u0107 si\u0119 prze\u017cyciami, nierzadko\ndla nich bardzo trudnymi. Profesor Andrzej Sapij podkre\u015bli\u0142 wi\u0119c,\n\u017ce bohaterom filmu \u2013 obecnym na projekcji \u2013 nale\u017c\u0105 si\u0119\npodzi\u0119kowania za to, i\u017c zdecydowali si\u0119 przekroczy\u0107 granic\u0119\nkomfortu i si\u0119gn\u0119li do tych swoich wspomnie\u0144, kt\u00f3re wyciskaj\u0105 im\n\u0142zy.<\/p>\n\n\n\n<p>Warto przytoczy\u0107 og\u00f3lniejsz\u0105\nrefleksj\u0119 \u0141ukasza Nowackiego, historyka Grodziska Mazowieckiego,\nobecnego na projekcji, na temat wagi i znaczenia przekazywania\ndo\u015bwiadcze\u0144 mi\u0119dzy pokoleniami. \u201eHistoria lubi si\u0119 powtarza\u0107\u201d,\nhistoria jest te\u017c nauczycielk\u0105 \u017cycia, zatem pokolenie, kt\u00f3re\ndo\u015bwiadczy\u0142o wojny jest wa\u017cnym \u015bwiadkiem, bo jego \u015bwiadectwo\nstanowi przestrog\u0119.<\/p>\n\n\n\n<p>Przyby\u0142y r\u00f3wnie\u017c na projekcj\u0119\nwiceburmistrz Tomasz Krupski, historyk z wykszta\u0142cenia, podkre\u015bli\u0142\nspo\u0142eczny spos\u00f3b podej\u015bcia do tematu II wojny. Dokument o\nGrodzisku i jego mieszka\u0144cach rejestruje to, co osobiste,\nzapami\u0119tane indywidualnie, spostrze\u017cone w danej chwili.\nJednocze\u015bnie takie r\u00f3\u017cne cz\u0105stkowe obrazy sk\u0142adaj\u0105 si\u0119 na\nlokaln\u0105 to\u017csamo\u015b\u0107, wsp\u00f3lnot\u0119 pami\u0119ci o tym, co dzia\u0142o si\u0119 w\nmie\u015bcie.<\/p>\n\n\n\n<p style=\"text-align:right\">Tekst i foto: <strong>Sylwia Pa\u0144k\u00f3w<\/strong><\/p>\n","protected":false},"excerpt":{"rendered":"<p>80 lat min\u0119\u0142o od wybuchu II wojny \u015bwiatowej. Tegoroczne obchody dnia 1 wrze\u015bnia mia\u0142y wi\u0119c wyj\u0105tkowy charakter. W Grodzisku ich ostatnim akcentem by\u0142a uroczysta premiera filmu dokumentalnego, po\u015bwi\u0119conego miastu i jego mieszka\u0144com lat wojny. Autorem filmu \u201eW naszym miasteczku wojna\u201d jest Andrzej Sapija, profesor \u0141\u00f3dzkiej Szko\u0142y Filmowej, grodziszczanin. Jego filmowy dokument o wojennym Grodzisku to [&hellip;]<\/p>\n","protected":false},"author":2,"featured_media":3312,"comment_status":"closed","ping_status":"open","sticky":false,"template":"","format":"standard","meta":{"footnotes":""},"categories":[9,5],"tags":[],"class_list":["post-3311","post","type-post","status-publish","format-standard","has-post-thumbnail","hentry","category-edukacja","category-wiadomosci"],"_links":{"self":[{"href":"https:\/\/fleschmazowsza.com.pl\/index.php?rest_route=\/wp\/v2\/posts\/3311","targetHints":{"allow":["GET"]}}],"collection":[{"href":"https:\/\/fleschmazowsza.com.pl\/index.php?rest_route=\/wp\/v2\/posts"}],"about":[{"href":"https:\/\/fleschmazowsza.com.pl\/index.php?rest_route=\/wp\/v2\/types\/post"}],"author":[{"embeddable":true,"href":"https:\/\/fleschmazowsza.com.pl\/index.php?rest_route=\/wp\/v2\/users\/2"}],"replies":[{"embeddable":true,"href":"https:\/\/fleschmazowsza.com.pl\/index.php?rest_route=%2Fwp%2Fv2%2Fcomments&post=3311"}],"version-history":[{"count":1,"href":"https:\/\/fleschmazowsza.com.pl\/index.php?rest_route=\/wp\/v2\/posts\/3311\/revisions"}],"predecessor-version":[{"id":3313,"href":"https:\/\/fleschmazowsza.com.pl\/index.php?rest_route=\/wp\/v2\/posts\/3311\/revisions\/3313"}],"wp:featuredmedia":[{"embeddable":true,"href":"https:\/\/fleschmazowsza.com.pl\/index.php?rest_route=\/wp\/v2\/media\/3312"}],"wp:attachment":[{"href":"https:\/\/fleschmazowsza.com.pl\/index.php?rest_route=%2Fwp%2Fv2%2Fmedia&parent=3311"}],"wp:term":[{"taxonomy":"category","embeddable":true,"href":"https:\/\/fleschmazowsza.com.pl\/index.php?rest_route=%2Fwp%2Fv2%2Fcategories&post=3311"},{"taxonomy":"post_tag","embeddable":true,"href":"https:\/\/fleschmazowsza.com.pl\/index.php?rest_route=%2Fwp%2Fv2%2Ftags&post=3311"}],"curies":[{"name":"wp","href":"https:\/\/api.w.org\/{rel}","templated":true}]}}