{"id":3308,"date":"2019-09-13T11:38:49","date_gmt":"2019-09-13T10:38:49","guid":{"rendered":"http:\/\/fleschmazowsza.com.pl\/?p=3308"},"modified":"2019-09-13T11:38:51","modified_gmt":"2019-09-13T10:38:51","slug":"poradnik-dla-rodzicow-malych-dzieci-opracowany","status":"publish","type":"post","link":"https:\/\/fleschmazowsza.com.pl\/?p=3308","title":{"rendered":"Poradnik dla rodzic\u00f3w ma\u0142ych dzieci opracowany"},"content":{"rendered":"\n<p><strong>Rola \u017cywienia w budowie i rozwoju odporno\u015bci oraz w profilaktyce infekcji ma\u0142ych dzieci, \u017cywienie dziecka w wieku 1-3 lat, styl \u017cycia i dieta a profilaktyka pr\u00f3chnicy u najm\u0142odszych \u2013 to tylko niekt\u00f3re tematy podj\u0119te w poradniku dla rodzic\u00f3w ma\u0142ego dziecka, zawieraj\u0105cym zasady zdrowego \u017cywienia i jego wp\u0142yw na zdrowie. Poradnik opracowa\u0142 Wydzia\u0142 Zdrowia Mazowieckiego Urz\u0119du Wojew\u00f3dzkiego w Warszawie, pod kierownictwem Zast\u0119pcy Dyrektora Wydzia\u0142u Zdrowia Haliny Krajkowskiej. Wsparcia merytorycznego udzielili specjali\u015bci w danej dziedzinie.<\/strong><\/p>\n\n\n\n<p>Wed\u0142ug bada\u0144 Instytutu \u017bywno\u015bci i\n\u017bywienia odsetek dzieci i m\u0142odzie\u017cy z nadwag\u0105 i oty\u0142o\u015bci\u0105 od\ndwudziestu lat w Polsce systematycznie si\u0119 zwi\u0119ksza i obecnie\nwynosi niemal 16 procent. Nieprawid\u0142owa masa cia\u0142a sprzyja\nwyst\u0119powaniu wielu chor\u00f3b, zw\u0142aszcza cukrzycy i zaburze\u0144 w\nfunkcjonowaniu uk\u0142adu kr\u0105\u017cenia. Te negatywne tendencje mo\u017cna\nzmniejszy\u0107, a nawet odwr\u00f3ci\u0107 dzi\u0119ki zmianie stylu \u017cycia ca\u0142ej\nrodziny.<\/p>\n\n\n\n<p>Poradnik skierowany jest przede\nwszystkim do rodzic\u00f3w, kt\u00f3rzy od najm\u0142odszych lat kszta\u0142tuj\u0105\nprozdrowotne zachowania dzieci, w tym nawyki \u017cywieniowe, kt\u00f3re\nwp\u0142ywaj\u0105 na d\u0142ugo\u015b\u0107 i jako\u015b\u0107 \u017cycia. Publikacja zawiera porady\nspecjalist\u00f3w na temat zasad zbilansowanej diety w pierwszym,\nkluczowym etapie \u017cycia, odpowiedzi na najcz\u0119\u015bciej zadawane pytania\no \u017cywienie oraz wyja\u015bnienia dotycz\u0105ce sposob\u00f3w budowania\nnaturalnej odporno\u015bci i przeciwdzia\u0142ania chorobom.<\/p>\n\n\n\n<p>Publikacja powsta\u0142a pod kierunkiem\nHaliny Krajkowskiej, Zast\u0119pcy Dyrektora Wydzia\u0142u Zdrowia\nMazowieckiego Urz\u0119du Wojew\u00f3dzkiego. Konsultacji i wsparcia\nmerytorycznego udzielili: prof. dr hab. n. med. Bo\u017cena Kociszewska \u2013\nNajman, Kierownik Kliniki Neonatologii Warszawskiego Uniwersytetu\nMedycznego, prof. dr hab. n. med. Hanna Szajewska, Kierownik II\nKatedry Pediatrii Warszawskiego Uniwersytetu Medycznego, prof. dr.\nhab. n. med. Piotr Socha, Ordynator Oddzia\u0142u Gastroenterologii,\nHepatologii i Zaburze\u0144 Od\u017cywiania, Instytutu \u201ePomnik \u2013 Centrum\nZdrowia Dziecka&#8221; w Warszawie, prof. dr hab. n. med. Dorota\nOlczak \u2013 Kowalczyk, Konsultant Krajowy w Dziedzinie Stomatologii\nDzieci\u0119cej, dr. hab. n. med. Boles\u0142aw Kalicki, Konsultant\nWojew\u00f3dzki w  Dziedzinie Pediatrii, mgr in\u017c. Anna Radowicka,\nSpecjalista w Dziedzinie Dietetyki.<\/p>\n\n\n\n<p style=\"text-align:right\"><strong>Ewa Filipowicz<\/strong><br>Rzecznik Prasowy Wojewody Mazowieckiego<\/p>\n","protected":false},"excerpt":{"rendered":"<p>Rola \u017cywienia w budowie i rozwoju odporno\u015bci oraz w profilaktyce infekcji ma\u0142ych dzieci, \u017cywienie dziecka w wieku 1-3 lat, styl \u017cycia i dieta a profilaktyka pr\u00f3chnicy u najm\u0142odszych \u2013 to tylko niekt\u00f3re tematy podj\u0119te w poradniku dla rodzic\u00f3w ma\u0142ego dziecka, zawieraj\u0105cym zasady zdrowego \u017cywienia i jego wp\u0142yw na zdrowie. Poradnik opracowa\u0142 Wydzia\u0142 Zdrowia Mazowieckiego Urz\u0119du [&hellip;]<\/p>\n","protected":false},"author":2,"featured_media":3309,"comment_status":"closed","ping_status":"open","sticky":false,"template":"","format":"standard","meta":{"footnotes":""},"categories":[9],"tags":[],"class_list":["post-3308","post","type-post","status-publish","format-standard","has-post-thumbnail","hentry","category-edukacja"],"_links":{"self":[{"href":"https:\/\/fleschmazowsza.com.pl\/index.php?rest_route=\/wp\/v2\/posts\/3308","targetHints":{"allow":["GET"]}}],"collection":[{"href":"https:\/\/fleschmazowsza.com.pl\/index.php?rest_route=\/wp\/v2\/posts"}],"about":[{"href":"https:\/\/fleschmazowsza.com.pl\/index.php?rest_route=\/wp\/v2\/types\/post"}],"author":[{"embeddable":true,"href":"https:\/\/fleschmazowsza.com.pl\/index.php?rest_route=\/wp\/v2\/users\/2"}],"replies":[{"embeddable":true,"href":"https:\/\/fleschmazowsza.com.pl\/index.php?rest_route=%2Fwp%2Fv2%2Fcomments&post=3308"}],"version-history":[{"count":1,"href":"https:\/\/fleschmazowsza.com.pl\/index.php?rest_route=\/wp\/v2\/posts\/3308\/revisions"}],"predecessor-version":[{"id":3310,"href":"https:\/\/fleschmazowsza.com.pl\/index.php?rest_route=\/wp\/v2\/posts\/3308\/revisions\/3310"}],"wp:featuredmedia":[{"embeddable":true,"href":"https:\/\/fleschmazowsza.com.pl\/index.php?rest_route=\/wp\/v2\/media\/3309"}],"wp:attachment":[{"href":"https:\/\/fleschmazowsza.com.pl\/index.php?rest_route=%2Fwp%2Fv2%2Fmedia&parent=3308"}],"wp:term":[{"taxonomy":"category","embeddable":true,"href":"https:\/\/fleschmazowsza.com.pl\/index.php?rest_route=%2Fwp%2Fv2%2Fcategories&post=3308"},{"taxonomy":"post_tag","embeddable":true,"href":"https:\/\/fleschmazowsza.com.pl\/index.php?rest_route=%2Fwp%2Fv2%2Ftags&post=3308"}],"curies":[{"name":"wp","href":"https:\/\/api.w.org\/{rel}","templated":true}]}}