{"id":330,"date":"2016-11-18T09:40:34","date_gmt":"2016-11-18T08:40:34","guid":{"rendered":"http:\/\/fleschmazowsza.com.pl\/?p=330"},"modified":"2016-11-18T09:40:34","modified_gmt":"2016-11-18T08:40:34","slug":"policjanci-odzyskali-trzy-samochody","status":"publish","type":"post","link":"https:\/\/fleschmazowsza.com.pl\/?p=330","title":{"rendered":"Policjanci odzyskali trzy samochody"},"content":{"rendered":"<p><strong>\u017byrardowscy policjanci odnale\u017ali trzy skradzione na terenie Niemiec w pa\u017adzierniku tego roku samochody marki mitsubishi. Warto\u015b\u0107 pojazd\u00f3w oszacowano wst\u0119pnie na 130 tys. z\u0142otych.<\/strong><\/p>\n<p>W dniu 2 listopada policjanci Zespo\u0142u Operacyjno-Rozpoznawczego KPP w \u017byrardowie pe\u0142ni\u0105c s\u0142u\u017cb\u0119 na terenie gminy Mszczon\u00f3w zatrzymali do kontroli drogowej samoch\u00f3d ci\u0119\u017carowy iveco. Gdy policjanci postanowili skontrolowa\u0107 \u0142adunek znale\u017ali du\u017ce ilo\u015bci cz\u0119\u015bci samochodowych, m.in. elementy karoserii pozbawione cech identyfikacyjnych. Funkcjonariusze podejrzewali, \u017ce mog\u0105 one pochodzi\u0107 z kradzie\u017cy wi\u0119c zdecydowali si\u0119 przeszuka\u0107 dom i posesj\u0119 kierowcy.<\/p>\n<p>Podczas przeszukania, w gara\u017cu funkcjonariusze znale\u017ali samoch\u00f3d, kt\u00f3ry ju\u017c by\u0142 rozmontowywany na cz\u0119\u015bci oraz trzy kompletne samochody marki mitsubishi, kt\u00f3rych warto\u015b\u0107 oszacowano wst\u0119pnie na 130 tysi\u0119cy z\u0142otych.<\/p>\n<p>Do sprawy zatrzymano dw\u00f3ch podejrzanych m\u0119\u017cczyzn, 40-latka kt\u00f3ry kierowa\u0142 iveco przewo\u017c\u0105cym cz\u0119\u015bci oraz 23-letniego m\u0119\u017cczyzn\u0119, zatrzymanego na posesji na kt\u00f3rej znaleziono skradzione pojazdy. Wobec 23-latka s\u0105d zastosowa\u0142 doz\u00f3r policyjny, natomiast 40-latek najbli\u017csze 3 miesi\u0105ce sp\u0119dzi w areszcie.<\/p>\n<p style=\"text-align: right;\">Opr. <strong>E.W.<\/strong><\/p>\n","protected":false},"excerpt":{"rendered":"<p>\u017byrardowscy policjanci odnale\u017ali trzy skradzione na terenie Niemiec w pa\u017adzierniku tego roku samochody marki mitsubishi. Warto\u015b\u0107 pojazd\u00f3w oszacowano wst\u0119pnie na 130 tys. z\u0142otych. W dniu 2 listopada policjanci Zespo\u0142u Operacyjno-Rozpoznawczego KPP w \u017byrardowie pe\u0142ni\u0105c s\u0142u\u017cb\u0119 na terenie gminy Mszczon\u00f3w zatrzymali do kontroli drogowej samoch\u00f3d ci\u0119\u017carowy iveco. Gdy policjanci postanowili skontrolowa\u0107 \u0142adunek znale\u017ali du\u017ce ilo\u015bci cz\u0119\u015bci [&hellip;]<\/p>\n","protected":false},"author":2,"featured_media":331,"comment_status":"closed","ping_status":"open","sticky":false,"template":"","format":"standard","meta":{"footnotes":""},"categories":[8],"tags":[],"class_list":["post-330","post","type-post","status-publish","format-standard","has-post-thumbnail","hentry","category-roznosci"],"_links":{"self":[{"href":"https:\/\/fleschmazowsza.com.pl\/index.php?rest_route=\/wp\/v2\/posts\/330","targetHints":{"allow":["GET"]}}],"collection":[{"href":"https:\/\/fleschmazowsza.com.pl\/index.php?rest_route=\/wp\/v2\/posts"}],"about":[{"href":"https:\/\/fleschmazowsza.com.pl\/index.php?rest_route=\/wp\/v2\/types\/post"}],"author":[{"embeddable":true,"href":"https:\/\/fleschmazowsza.com.pl\/index.php?rest_route=\/wp\/v2\/users\/2"}],"replies":[{"embeddable":true,"href":"https:\/\/fleschmazowsza.com.pl\/index.php?rest_route=%2Fwp%2Fv2%2Fcomments&post=330"}],"version-history":[{"count":1,"href":"https:\/\/fleschmazowsza.com.pl\/index.php?rest_route=\/wp\/v2\/posts\/330\/revisions"}],"predecessor-version":[{"id":332,"href":"https:\/\/fleschmazowsza.com.pl\/index.php?rest_route=\/wp\/v2\/posts\/330\/revisions\/332"}],"wp:featuredmedia":[{"embeddable":true,"href":"https:\/\/fleschmazowsza.com.pl\/index.php?rest_route=\/wp\/v2\/media\/331"}],"wp:attachment":[{"href":"https:\/\/fleschmazowsza.com.pl\/index.php?rest_route=%2Fwp%2Fv2%2Fmedia&parent=330"}],"wp:term":[{"taxonomy":"category","embeddable":true,"href":"https:\/\/fleschmazowsza.com.pl\/index.php?rest_route=%2Fwp%2Fv2%2Fcategories&post=330"},{"taxonomy":"post_tag","embeddable":true,"href":"https:\/\/fleschmazowsza.com.pl\/index.php?rest_route=%2Fwp%2Fv2%2Ftags&post=330"}],"curies":[{"name":"wp","href":"https:\/\/api.w.org\/{rel}","templated":true}]}}