{"id":3283,"date":"2019-09-05T14:12:31","date_gmt":"2019-09-05T13:12:31","guid":{"rendered":"http:\/\/fleschmazowsza.com.pl\/?p=3283"},"modified":"2019-09-05T14:12:33","modified_gmt":"2019-09-05T13:12:33","slug":"holi-hinduskie-swieto-w-wersji-polskiej","status":"publish","type":"post","link":"https:\/\/fleschmazowsza.com.pl\/?p=3283","title":{"rendered":"Holi \u2013 hinduskie \u015bwi\u0119to w wersji polskiej"},"content":{"rendered":"\n<p><strong>Holi \u2013 \u015awi\u0119to Kolor\u00f3w, Festiwal Kolor\u00f3w, Eksplozja Kolor\u00f3w \u2013 w ca\u0142ej Polsce od maja do wrze\u015bnia rozkwitaj\u0105 kolorowe imprezy plenerowe, organizowane w miastach i miasteczkach, r\u00f3wnie\u017c w Grodzisku Mazowieckim. Idea jest zawsze ta sama \u2013 wsp\u00f3lne obrzucanie si\u0119 kolorowymi proszkami w atmosferze zabawy.<\/strong><\/p>\n\n\n\n<p>Holi to tradycyjne \u015bwi\u0119to\ncelebrowane od wiek\u00f3w w religii hinduistycznej, obchodzone g\u0142\u00f3wnie\nw Indiach. Rozpoczyna si\u0119 ono w dzie\u0144 pierwszej pe\u0142ni Ksi\u0119\u017cyca\nna prze\u0142omie lutego i marca &#8211; w indyjskim kalendarzu traktowanym\njako pierwszy dzie\u0144 wiosny. \n<\/p>\n\n\n\n<p>Hindusi wywodz\u0105 swoje\n\u015bwi\u0119to Holi z indyjskiej mitologii, wsp\u00f3lnym mianownikiem\nniezliczonej ilo\u015bci mit\u00f3w na ten temat jest zwyci\u0119stwo dobra nad\nz\u0142em. Trwaj\u0105ce dwa dni obchody \u015bwi\u0119ta wiosny s\u0105 r\u00f3wnie\u017c czasem\nprzebaczenia i wsp\u00f3lnej rado\u015bci, tradycyjnie odwiedza si\u0119 wtedy\nrodzin\u0119, przyjaci\u00f3\u0142, .ale i wrog\u00f3w.. \n<\/p>\n\n\n\n<p>Pierwszy dzie\u0144 Holi w\nIndiach to \u015bpiewy i ta\u0144ce przy ognisku, drugiego dnia  wszyscy,\noboj\u0119tnie, znajomi czy obcy, obrzucaj\u0105 si\u0119 kolorowymi proszkami i\npolewaj\u0105 kolorow\u0105 wod\u0105. Celebrowanie przypomina wi\u0119c nieco\npolskiego \u015bmigusa-dyngusa. Kolorowe proszki tradycyjnie wytwarzano w\nIndiach z ro\u015blin, kt\u00f3rych pora kwitnienia przypada wiosn\u0105, teraz\nreceptura jest uwsp\u00f3\u0142cze\u015bniona.<\/p>\n\n\n\n<p>Zgodnie ze wsp\u00f3\u0142czesn\u0105\nmultikulturow\u0105 tendencj\u0105, Holi jako ludyczny \u201efestival kolor\u00f3w\u201d,\npozbawiony ju\u017c religijnej symboliki i g\u0142\u0119bokich tre\u015bci,\nrozprzestrzeni\u0142 si\u0119 poza granice Indii. Od kilku lat zago\u015bci\u0142 w\nAmeryce P\u00f3\u0142nocnej i w Europie, zwyczaj dotar\u0142 zatem i do Polski.\nEkstatyczna \u201eekspolozja kolor\u00f3w\u201d dobrze wpisuje si\u0119 w mnogo\u015b\u0107\nimprez plenerowych organizowanych w sezonie wiosenno-letnim w ka\u017cdym\nmie\u015bcie i szanuj\u0105cym si\u0119 miasteczku.<\/p>\n\n\n\n<p>W zabawie bierze udzia\u0142\nprzede wszystkim m\u0142odzie\u017c i rodziny z dzie\u0107mi. Najm\u0142odsi\nprzyzwyczajeni ju\u017c od lat do \u201emalowania buziek\u201d, mog\u0105 teraz w\nbardziej spektakularny spos\u00f3b do\u015bwiadcza\u0107 przyjemno\u015bci ubarwiania\n\u015bwiata i samych siebie. Podczas kolorowych event\u00f3w trwaj\u0105cych\nprzez kilka godzin wyrzutnia proszk\u00f3w Holi wytwarza efektowne chmury\nwe wszystkich kolorach t\u0119czy, spod kt\u00f3rych wy\u0142aniaj\u0105 si\u0119\ndokumentnie pokolorowani uczestnicy zabawy. Przez ca\u0142y czas mo\u017cna\nte\u017c kupowa\u0107 saszetki z proszkami i obrzuca\u0107 si\u0119 kolorami\nindywidualnie. Proszki s\u0105 certyfikowane, niealergizuj\u0105ce, \u0142atwo\nspieralne i biodegradowalne, bezpieczne dla ludzi i \u015brodowiska &#8211;\nwytwarzane na bazie talku, m\u0105ki kukurydzianej i barwnik\u00f3w\nspo\u017cywczych. \n<\/p>\n\n\n\n<p>Kolejna grodziska \u201eEksplozja Kolor\u00f3w Holi\u201d przewidziana jest na dzie\u0144 rozpocz\u0119cia roku szkolnego 2 wrze\u015bnia i odb\u0119dzie si\u0119 na Stawach Walczewskiego.<\/p>\n\n\n\n<p style=\"text-align:right\"><br>Tekst i foto: <strong>Sylwia Pa\u0144k\u00f3w<\/strong><\/p>\n","protected":false},"excerpt":{"rendered":"<p>Holi \u2013 \u015awi\u0119to Kolor\u00f3w, Festiwal Kolor\u00f3w, Eksplozja Kolor\u00f3w \u2013 w ca\u0142ej Polsce od maja do wrze\u015bnia rozkwitaj\u0105 kolorowe imprezy plenerowe, organizowane w miastach i miasteczkach, r\u00f3wnie\u017c w Grodzisku Mazowieckim. Idea jest zawsze ta sama \u2013 wsp\u00f3lne obrzucanie si\u0119 kolorowymi proszkami w atmosferze zabawy. Holi to tradycyjne \u015bwi\u0119to celebrowane od wiek\u00f3w w religii hinduistycznej, obchodzone g\u0142\u00f3wnie [&hellip;]<\/p>\n","protected":false},"author":2,"featured_media":3284,"comment_status":"closed","ping_status":"open","sticky":false,"template":"","format":"standard","meta":{"footnotes":""},"categories":[6],"tags":[],"class_list":["post-3283","post","type-post","status-publish","format-standard","has-post-thumbnail","hentry","category-kultura"],"_links":{"self":[{"href":"https:\/\/fleschmazowsza.com.pl\/index.php?rest_route=\/wp\/v2\/posts\/3283","targetHints":{"allow":["GET"]}}],"collection":[{"href":"https:\/\/fleschmazowsza.com.pl\/index.php?rest_route=\/wp\/v2\/posts"}],"about":[{"href":"https:\/\/fleschmazowsza.com.pl\/index.php?rest_route=\/wp\/v2\/types\/post"}],"author":[{"embeddable":true,"href":"https:\/\/fleschmazowsza.com.pl\/index.php?rest_route=\/wp\/v2\/users\/2"}],"replies":[{"embeddable":true,"href":"https:\/\/fleschmazowsza.com.pl\/index.php?rest_route=%2Fwp%2Fv2%2Fcomments&post=3283"}],"version-history":[{"count":1,"href":"https:\/\/fleschmazowsza.com.pl\/index.php?rest_route=\/wp\/v2\/posts\/3283\/revisions"}],"predecessor-version":[{"id":3285,"href":"https:\/\/fleschmazowsza.com.pl\/index.php?rest_route=\/wp\/v2\/posts\/3283\/revisions\/3285"}],"wp:featuredmedia":[{"embeddable":true,"href":"https:\/\/fleschmazowsza.com.pl\/index.php?rest_route=\/wp\/v2\/media\/3284"}],"wp:attachment":[{"href":"https:\/\/fleschmazowsza.com.pl\/index.php?rest_route=%2Fwp%2Fv2%2Fmedia&parent=3283"}],"wp:term":[{"taxonomy":"category","embeddable":true,"href":"https:\/\/fleschmazowsza.com.pl\/index.php?rest_route=%2Fwp%2Fv2%2Fcategories&post=3283"},{"taxonomy":"post_tag","embeddable":true,"href":"https:\/\/fleschmazowsza.com.pl\/index.php?rest_route=%2Fwp%2Fv2%2Ftags&post=3283"}],"curies":[{"name":"wp","href":"https:\/\/api.w.org\/{rel}","templated":true}]}}