{"id":3279,"date":"2019-09-05T14:09:48","date_gmt":"2019-09-05T13:09:48","guid":{"rendered":"http:\/\/fleschmazowsza.com.pl\/?p=3279"},"modified":"2019-09-05T14:09:50","modified_gmt":"2019-09-05T13:09:50","slug":"zalazek-dubaju-w-grodzisku-mazowieckim","status":"publish","type":"post","link":"https:\/\/fleschmazowsza.com.pl\/?p=3279","title":{"rendered":"Zal\u0105\u017cek Dubaju w Grodzisku Mazowieckim"},"content":{"rendered":"\n<p><strong>Ju\u017c wkr\u00f3tce Grodzisk Mazowiecki b\u0119dzie mia\u0142 okazj\u0119 sta\u0107 si\u0119 miniaturowym Dubajem! Firma Al Fakher, pochodz\u0105ca ze Zjednoczonych Emirat\u00f3w Arabskich, kt\u00f3ra zajmuje si\u0119 produkcj\u0105 tytoniu do fajki wodnej otworzy\u0142a na terenie Grodziska baz\u0119 produkcyjn\u0105. Jest to pierwsza tego rodzaju inwestycja pochodz\u0105ca ze Zjednoczonych Emirat\u00f3w Arabskich. W uroczystym otwarciu wzi\u0105\u0142 udzia\u0142 burmistrz Grodziska, Grzegorz Benedykci\u0144ski. <\/strong><\/p>\n\n\n\n<p>Palenie sziszy w ostatnim czasie\nszczeg\u00f3lnie zyska\u0142o na popularno\u015bci. Pochodz\u0105cy z kraj\u00f3w\narabskich zwyczaj rozprzestrzeni\u0142 si\u0119 tak\u017ce w Europie. Firma Al\nFakher jako jeden z najwa\u017cniejszych producent\u00f3w aromatyzowanego\ntytoniu przeznaczonego do fajki wodnej zdecydowa\u0142a na umiejscowienie\nswojego zak\u0142adu r\u00f3wnie\u017c w tej cz\u0119\u015bci \u015bwiata.<\/p>\n\n\n\n<p>Producent zadeklarowa\u0142 lokalizacj\u0119 w\nregionie Europy \u015arodkowo-Wschodniej, jednak\u017ce w\u015br\u00f3d propozycji\nrozmieszczenia znalaz\u0142o si\u0119 kilka pa\u0144stw. Firma zdecydowa\u0142a si\u0119\nna Polsk\u0119, ze wzgl\u0119du na istotn\u0105 rol\u0119 naszego kraju w przemy\u015ble\nspo\u017cywczym Unii Europejskiej. Ponadto, Polska jest przyci\u0105gaj\u0105cym\nkrajem dla zagranicznych producent\u00f3w tytoniu.<\/p>\n\n\n\n<p>W opracowaniu planu inwestycyjnego\nfirmie ze Zjednoczonych Emirat\u00f3w Arabskich pomog\u0142a Polska Agencja\nInwestycji i Handlu (PAIH). Przedstawiciele zak\u0142adu zaznaczaj\u0105, \u017ce\nproces by\u0142 d\u0142ugi i wymaga\u0142 znajomo\u015bci procedur administracyjnych\noraz prawnych, w zg\u0142\u0119bieniu kt\u00f3rych istotnie pom\u00f3g\u0142 PAIH. Prezes\nfirmy przyznaje, \u017ce zaskakuj\u0105ca by\u0142a \u017cyczliwo\u015b\u0107 Polak\u00f3w oraz\notwarto\u015b\u0107 polskich instytucji. \n<\/p>\n\n\n\n<p>W zak\u0142adzie firmy Al Fakher w\nGrodzisku Mazowieckim b\u0119dzie pracowa\u0142o oko\u0142o stu pracownik\u00f3w.\nKadra zarz\u0105dzaj\u0105ca wykazuje nadzieje, \u017ce inwestycja zbli\u017cy dwa\nkraje oraz wypromuje Polsk\u0119 zagranic\u0105. W przysz\u0142ym roku w Dubaju\nodb\u0119dzie EXPO 2020. Firma rozpocz\u0119\u0142a dzia\u0142alno\u015b\u0107 w kwietniu\ntego roku, a uroczyste otwarcie mia\u0142o miejsce 27 czerwca. \n<\/p>\n\n\n\n<p style=\"text-align:right\"><strong>Aneta Czarnecka<\/strong><br>Fot.: <em>Pixabay.com<\/em><\/p>\n","protected":false},"excerpt":{"rendered":"<p>Ju\u017c wkr\u00f3tce Grodzisk Mazowiecki b\u0119dzie mia\u0142 okazj\u0119 sta\u0107 si\u0119 miniaturowym Dubajem! Firma Al Fakher, pochodz\u0105ca ze Zjednoczonych Emirat\u00f3w Arabskich, kt\u00f3ra zajmuje si\u0119 produkcj\u0105 tytoniu do fajki wodnej otworzy\u0142a na terenie Grodziska baz\u0119 produkcyjn\u0105. Jest to pierwsza tego rodzaju inwestycja pochodz\u0105ca ze Zjednoczonych Emirat\u00f3w Arabskich. W uroczystym otwarciu wzi\u0105\u0142 udzia\u0142 burmistrz Grodziska, Grzegorz Benedykci\u0144ski. Palenie sziszy [&hellip;]<\/p>\n","protected":false},"author":2,"featured_media":3280,"comment_status":"closed","ping_status":"open","sticky":false,"template":"","format":"standard","meta":{"footnotes":""},"categories":[1],"tags":[],"class_list":["post-3279","post","type-post","status-publish","format-standard","has-post-thumbnail","hentry","category-uncategorized"],"_links":{"self":[{"href":"https:\/\/fleschmazowsza.com.pl\/index.php?rest_route=\/wp\/v2\/posts\/3279","targetHints":{"allow":["GET"]}}],"collection":[{"href":"https:\/\/fleschmazowsza.com.pl\/index.php?rest_route=\/wp\/v2\/posts"}],"about":[{"href":"https:\/\/fleschmazowsza.com.pl\/index.php?rest_route=\/wp\/v2\/types\/post"}],"author":[{"embeddable":true,"href":"https:\/\/fleschmazowsza.com.pl\/index.php?rest_route=\/wp\/v2\/users\/2"}],"replies":[{"embeddable":true,"href":"https:\/\/fleschmazowsza.com.pl\/index.php?rest_route=%2Fwp%2Fv2%2Fcomments&post=3279"}],"version-history":[{"count":1,"href":"https:\/\/fleschmazowsza.com.pl\/index.php?rest_route=\/wp\/v2\/posts\/3279\/revisions"}],"predecessor-version":[{"id":3281,"href":"https:\/\/fleschmazowsza.com.pl\/index.php?rest_route=\/wp\/v2\/posts\/3279\/revisions\/3281"}],"wp:featuredmedia":[{"embeddable":true,"href":"https:\/\/fleschmazowsza.com.pl\/index.php?rest_route=\/wp\/v2\/media\/3280"}],"wp:attachment":[{"href":"https:\/\/fleschmazowsza.com.pl\/index.php?rest_route=%2Fwp%2Fv2%2Fmedia&parent=3279"}],"wp:term":[{"taxonomy":"category","embeddable":true,"href":"https:\/\/fleschmazowsza.com.pl\/index.php?rest_route=%2Fwp%2Fv2%2Fcategories&post=3279"},{"taxonomy":"post_tag","embeddable":true,"href":"https:\/\/fleschmazowsza.com.pl\/index.php?rest_route=%2Fwp%2Fv2%2Ftags&post=3279"}],"curies":[{"name":"wp","href":"https:\/\/api.w.org\/{rel}","templated":true}]}}