{"id":3267,"date":"2019-08-13T13:09:49","date_gmt":"2019-08-13T12:09:49","guid":{"rendered":"http:\/\/fleschmazowsza.com.pl\/?p=3267"},"modified":"2019-08-13T13:09:51","modified_gmt":"2019-08-13T12:09:51","slug":"bliskie-spotkanie-z-wezem","status":"publish","type":"post","link":"https:\/\/fleschmazowsza.com.pl\/?p=3267","title":{"rendered":"Bliskie spotkanie z\u2026 w\u0119\u017cem"},"content":{"rendered":"\n<p><strong>W ubieg\u0142ym tygodniu Milan\u00f3wek odwiedzi\u0142 nowy lokator. Niestety nie nale\u017ca\u0142 do tych ch\u0119tnie oczekiwanych, bo by\u0142 nim w\u0105\u017c. Zaskoczony i przestraszony mieszkaniec ulicy Wiatracznej widz\u0105c gada, zawiadomi\u0142 stra\u017c miejsk\u0105. Okaza\u0142o si\u0119 jednak, \u017ce to niegro\u017any i nieszkodliwy gatunek.  <\/strong><\/p>\n\n\n\n<p>Zdarzenie mia\u0142o miejsce ostatniego\ndnia lipca oko\u0142o godziny 12. Mieszkaniec jednej z posesji w\nMilan\u00f3wku zaliczy\u0142 spotkanie z nieoczekiwanym go\u015bciem. By\u0142 nim\nzaskroniec. Opisywane przez m\u0119\u017cczyzn\u0119 zwierz\u0119 mia\u0142o by\u0107\n\u201esporych\u201d rozmiar\u00f3w. Niestety nie potrafi\u0142 on okre\u015bli\u0107\ngatunku w\u0119\u017ca. W takich sytuacjach wa\u017cne jest, aby nie podejmowa\u0107\ndzia\u0142a\u0144 samodzielnie przed przyjazdem s\u0142u\u017cb. W\u0119\u017ce mog\u0105 by\u0107\nniebezpieczne i trudno jest przewidzie\u0107 jak zareaguj\u0105.<\/p>\n\n\n\n<p>Po interwencji patrolu stra\u017cy\nmiejskiej okaza\u0142o si\u0119, \u017ce w\u0105\u017c by\u0142 w bardzo dobrej kondycji, a\nfakt, \u017ce znalaz\u0142 si\u0119 na terenie domu mieszkalnego \u015bwiadczy o tym,\n\u017ce najprawdopodobniej szuka\u0142 po\u017cywienia i zgubi\u0142 si\u0119.\nNieproszonym go\u015bciem okaza\u0142 si\u0119 by\u0107 metrowy zaskroniec \u2013 gad\nniestanowi\u0105cy zagro\u017cenia dla okolicznych mieszka\u0144c\u00f3w. Patrol\nstra\u017cy miejskiej zabezpieczy\u0142 zwierz\u0119 oraz przeni\u00f3s\u0142 do\nnaturalnego dla niego \u015brodowiska z dala od dom\u00f3w mieszkalnych.<\/p>\n\n\n\n<p>Co robi\u0107 w sytuacjach, kiedy na naszej\ndrodze stanie zwierz\u0119, kt\u00f3re wydaje si\u0119 by\u0107 niebezpieczne? Bardzo\nwa\u017cne jest, aby zachowa\u0107 szczeg\u00f3ln\u0105 ostro\u017cno\u015b\u0107, nie dra\u017cni\u0107\ni dotyka\u0107 w\u0119\u017ca. Nale\u017cy wyznaczy\u0107 stref\u0119 bezpieczn\u0105 dla siebie\noraz innych domownik\u00f3w i obserwowa\u0107 gada z takiej odleg\u0142o\u015bci. \n<\/p>\n\n\n\n<p>Warto pami\u0119ta\u0107 r\u00f3wnie\u017c o tym, \u017ce\nzaskro\u0144ce s\u0105 najpopularniejszymi w\u0119\u017cami wyst\u0119puj\u0105cymi na\nterenie Polski. Nie s\u0105 gro\u017ane, a wr\u0119cz boj\u0105 si\u0119 ludzi. Co wi\u0119cej\n\u2013 obj\u0119te s\u0105 ochron\u0105. Dlatego nie krzywd\u017amy zwierz\u0105t, kt\u00f3re\nnie chc\u0105 skrzywdzi\u0107 tak\u017ce nas.<\/p>\n\n\n\n<p style=\"text-align:right\"><strong>Aneta Czarnecka<br><\/strong>Fot.: <em><strong>milanowek.pl<\/strong><\/em>  <\/p>\n","protected":false},"excerpt":{"rendered":"<p>W ubieg\u0142ym tygodniu Milan\u00f3wek odwiedzi\u0142 nowy lokator. Niestety nie nale\u017ca\u0142 do tych ch\u0119tnie oczekiwanych, bo by\u0142 nim w\u0105\u017c. Zaskoczony i przestraszony mieszkaniec ulicy Wiatracznej widz\u0105c gada, zawiadomi\u0142 stra\u017c miejsk\u0105. Okaza\u0142o si\u0119 jednak, \u017ce to niegro\u017any i nieszkodliwy gatunek. Zdarzenie mia\u0142o miejsce ostatniego dnia lipca oko\u0142o godziny 12. Mieszkaniec jednej z posesji w Milan\u00f3wku zaliczy\u0142 spotkanie [&hellip;]<\/p>\n","protected":false},"author":2,"featured_media":3268,"comment_status":"closed","ping_status":"open","sticky":false,"template":"","format":"standard","meta":{"footnotes":""},"categories":[8],"tags":[],"class_list":["post-3267","post","type-post","status-publish","format-standard","has-post-thumbnail","hentry","category-roznosci"],"_links":{"self":[{"href":"https:\/\/fleschmazowsza.com.pl\/index.php?rest_route=\/wp\/v2\/posts\/3267","targetHints":{"allow":["GET"]}}],"collection":[{"href":"https:\/\/fleschmazowsza.com.pl\/index.php?rest_route=\/wp\/v2\/posts"}],"about":[{"href":"https:\/\/fleschmazowsza.com.pl\/index.php?rest_route=\/wp\/v2\/types\/post"}],"author":[{"embeddable":true,"href":"https:\/\/fleschmazowsza.com.pl\/index.php?rest_route=\/wp\/v2\/users\/2"}],"replies":[{"embeddable":true,"href":"https:\/\/fleschmazowsza.com.pl\/index.php?rest_route=%2Fwp%2Fv2%2Fcomments&post=3267"}],"version-history":[{"count":1,"href":"https:\/\/fleschmazowsza.com.pl\/index.php?rest_route=\/wp\/v2\/posts\/3267\/revisions"}],"predecessor-version":[{"id":3269,"href":"https:\/\/fleschmazowsza.com.pl\/index.php?rest_route=\/wp\/v2\/posts\/3267\/revisions\/3269"}],"wp:featuredmedia":[{"embeddable":true,"href":"https:\/\/fleschmazowsza.com.pl\/index.php?rest_route=\/wp\/v2\/media\/3268"}],"wp:attachment":[{"href":"https:\/\/fleschmazowsza.com.pl\/index.php?rest_route=%2Fwp%2Fv2%2Fmedia&parent=3267"}],"wp:term":[{"taxonomy":"category","embeddable":true,"href":"https:\/\/fleschmazowsza.com.pl\/index.php?rest_route=%2Fwp%2Fv2%2Fcategories&post=3267"},{"taxonomy":"post_tag","embeddable":true,"href":"https:\/\/fleschmazowsza.com.pl\/index.php?rest_route=%2Fwp%2Fv2%2Ftags&post=3267"}],"curies":[{"name":"wp","href":"https:\/\/api.w.org\/{rel}","templated":true}]}}