{"id":3264,"date":"2019-08-13T12:44:23","date_gmt":"2019-08-13T11:44:23","guid":{"rendered":"http:\/\/fleschmazowsza.com.pl\/?p=3264"},"modified":"2019-08-13T12:44:24","modified_gmt":"2019-08-13T11:44:24","slug":"zamozne-gminy-z-naszego-regionu","status":"publish","type":"post","link":"https:\/\/fleschmazowsza.com.pl\/?p=3264","title":{"rendered":"Zamo\u017cne gminy z naszego regionu"},"content":{"rendered":"\n<p><strong>Coroczne rankingi \u201eWsp\u00f3lnoty\u201d s\u0105 zestawieniami opracowywanymi przez prof. Swianiewicza z Uniwersytetu Warszawskiego, opartymi na monitoringu dzia\u0142alno\u015bci wszystkich samorz\u0105d\u00f3w w Polsce. Jednym z wa\u017cniejszych rejestr\u00f3w jest opublikowany niedawno ranking zamo\u017cno\u015bci oparty na dochodach na g\u0142ow\u0119 mieszka\u0144ca. Sprawd\u017amy, jak wypad\u0142y samorz\u0105dy z naszego regionu.<\/strong><\/p>\n\n\n\n<p>Cykliczne badania bazuj\u0105 na danych z\nGUS oraz ukierunkowane s\u0105 na r\u00f3\u017cne aspekty. Obserwowane s\u0105 m.in.:\nstopie\u0144 feminizacji jednostek samorz\u0105du terytorialnego, zakres\n\u015brodk\u00f3w przeznaczanych na inwestycje, stopie\u0144 zad\u0142u\u017cenia. Ka\u017cde\nzagadnienie stanowi odr\u0119bny ranking. Poza warto\u015bci\u0105 por\u00f3wnawcz\u0105\ntworz\u0105 one cenny materia\u0142 poddawany dyskusji na sesjach rad. \n<\/p>\n\n\n\n<p>Grodzisk Mazowiecki zaj\u0105\u0142 wysokie, 3.\nmiejsce w\u015br\u00f3d miast powiatowych z kwot\u0105 4 846,57 z\u0142 (zamo\u017cno\u015b\u0107\nw przeliczeniu na jednego mieszka\u0144ca). Na podium, wyprzedzaj\u0105c\nGrodzisk znalaz\u0142y si\u0119 Polkowice oraz Piaseczno. W stosunku do\nzestawienia z poprzedniego roku, Grodzisk Mazowiecki pow\u0119drowa\u0142 a\u017c\ncztery miejsca do g\u00f3ry z r\u00f3wnie zaszczytnej, 7. pozycji.<\/p>\n\n\n\n<p>Drugi najlepszy wynik w regionie\nosi\u0105gn\u0119\u0142a Podkowa Le\u015bna w kategorii \u201eInne miasta\u201d, plasuj\u0105c\nsi\u0119 na 6. miejscu z dochodem 7 502,32 z\u0142 per capita (na g\u0142ow\u0119). W\ntej samej kategorii znajdziemy na 39. miejscu Milan\u00f3wek, kt\u00f3rego\ndoch\u00f3d w przeliczeniu na jednego mieszka\u0144ca opiewa na kwot\u0119 4\n307,60 z\u0142.<\/p>\n\n\n\n<p>W\u015br\u00f3d gmin wiejskich tak\u017ce znajduj\u0105\nsi\u0119 reprezentanci z naszego regionu. Najwy\u017cej uplasowa\u0142 si\u0119\nJaktor\u00f3w, kt\u00f3ry osi\u0105gn\u0105\u0142 doch\u00f3d 5 754,53 z\u0142 na jednego\nmieszka\u0144ca, zajmuj\u0105c tym samym 26. miejsce. Kolejno, na 67. pozycji\njest \u017babia Wola, kt\u00f3rej doch\u00f3d per capita wynosi 4 416,68 z\u0142.\nNajni\u017cej w zestawieniu z gmin naszego regionu wypad\u0142 Baran\u00f3w,\nzajmuj\u0105c 225. miejsce. Doch\u00f3d w przeliczeniu na mieszka\u0144ca\nBaranowa wynosi 3 421,21 z\u0142.<\/p>\n\n\n\n<p>Warto zaznaczy\u0107, \u017ce w rankingu\npowiat\u00f3w, najlepiej wypad\u0142 powiat grodziski, sytuuj\u0105c si\u0119 na 193.\npozycji. Osi\u0105gn\u0105\u0142 tym samym doch\u00f3d na poziomie 727,96 z\u0142 per\ncapita. Wszystkie dane pochodz\u0105 z rankingu opublikowanego w 2019\nroku, jednak dotycz\u0105 okresu za 2018 rok.<\/p>\n\n\n\n<p style=\"text-align:right\"><strong>Aneta Czarnecka<br><\/strong>Fot.: <em><strong>Pixabay.com<\/strong><\/em><\/p>\n","protected":false},"excerpt":{"rendered":"<p>Coroczne rankingi \u201eWsp\u00f3lnoty\u201d s\u0105 zestawieniami opracowywanymi przez prof. Swianiewicza z Uniwersytetu Warszawskiego, opartymi na monitoringu dzia\u0142alno\u015bci wszystkich samorz\u0105d\u00f3w w Polsce. Jednym z wa\u017cniejszych rejestr\u00f3w jest opublikowany niedawno ranking zamo\u017cno\u015bci oparty na dochodach na g\u0142ow\u0119 mieszka\u0144ca. Sprawd\u017amy, jak wypad\u0142y samorz\u0105dy z naszego regionu. Cykliczne badania bazuj\u0105 na danych z GUS oraz ukierunkowane s\u0105 na r\u00f3\u017cne aspekty. [&hellip;]<\/p>\n","protected":false},"author":2,"featured_media":3265,"comment_status":"closed","ping_status":"open","sticky":false,"template":"","format":"standard","meta":{"footnotes":""},"categories":[5],"tags":[],"class_list":["post-3264","post","type-post","status-publish","format-standard","has-post-thumbnail","hentry","category-wiadomosci"],"_links":{"self":[{"href":"https:\/\/fleschmazowsza.com.pl\/index.php?rest_route=\/wp\/v2\/posts\/3264","targetHints":{"allow":["GET"]}}],"collection":[{"href":"https:\/\/fleschmazowsza.com.pl\/index.php?rest_route=\/wp\/v2\/posts"}],"about":[{"href":"https:\/\/fleschmazowsza.com.pl\/index.php?rest_route=\/wp\/v2\/types\/post"}],"author":[{"embeddable":true,"href":"https:\/\/fleschmazowsza.com.pl\/index.php?rest_route=\/wp\/v2\/users\/2"}],"replies":[{"embeddable":true,"href":"https:\/\/fleschmazowsza.com.pl\/index.php?rest_route=%2Fwp%2Fv2%2Fcomments&post=3264"}],"version-history":[{"count":1,"href":"https:\/\/fleschmazowsza.com.pl\/index.php?rest_route=\/wp\/v2\/posts\/3264\/revisions"}],"predecessor-version":[{"id":3266,"href":"https:\/\/fleschmazowsza.com.pl\/index.php?rest_route=\/wp\/v2\/posts\/3264\/revisions\/3266"}],"wp:featuredmedia":[{"embeddable":true,"href":"https:\/\/fleschmazowsza.com.pl\/index.php?rest_route=\/wp\/v2\/media\/3265"}],"wp:attachment":[{"href":"https:\/\/fleschmazowsza.com.pl\/index.php?rest_route=%2Fwp%2Fv2%2Fmedia&parent=3264"}],"wp:term":[{"taxonomy":"category","embeddable":true,"href":"https:\/\/fleschmazowsza.com.pl\/index.php?rest_route=%2Fwp%2Fv2%2Fcategories&post=3264"},{"taxonomy":"post_tag","embeddable":true,"href":"https:\/\/fleschmazowsza.com.pl\/index.php?rest_route=%2Fwp%2Fv2%2Ftags&post=3264"}],"curies":[{"name":"wp","href":"https:\/\/api.w.org\/{rel}","templated":true}]}}