{"id":3258,"date":"2019-08-13T12:35:32","date_gmt":"2019-08-13T11:35:32","guid":{"rendered":"http:\/\/fleschmazowsza.com.pl\/?p=3258"},"modified":"2019-08-13T12:35:34","modified_gmt":"2019-08-13T11:35:34","slug":"wakacyjna-capoeira-w-mediatece","status":"publish","type":"post","link":"https:\/\/fleschmazowsza.com.pl\/?p=3258","title":{"rendered":"Wakacyjna capoeira w Mediatece"},"content":{"rendered":"\n<p><strong>Przez ca\u0142e wakacje w grodziskiej Mediatece odbywaj\u0105 si\u0119 otwarte dla wszystkich ch\u0119tnych treningi capoeiry. Grupa uczestnik\u00f3w jest zr\u00f3\u017cnicowana wiekowa, wsp\u00f3lnie trenuj\u0105 doro\u015bli, m\u0142odzie\u017c, dzieci i ich rodzice. Do\u0142\u0105czy\u0107 mo\u017cna w ka\u017cdej chwili, zaj\u0119cia s\u0105 tak zaprojektowane, \u017ce z pomoc\u0105 adept\u00f3w Capoeira Camangula ka\u017cdy da sobie rad\u0119.<\/strong><\/p>\n\n\n\n<p>Capoeira to \u201etaneczna sztuka walki\u201d\nrodem z Brazylii, jej korzenie si\u0119gaj\u0105 XVIII-XIX wieku.\nWyewoluowa\u0142a w\u015br\u00f3d brazylijskich niewolnik\u00f3w, rozwijaj\u0105c si\u0119 na\nbazie rytualnych ta\u0144c\u00f3w plemion afryka\u0144skich, wch\u0142aniaj\u0105c te\u017c\nelementy kulturowe Indian. Przez dziesi\u0119ciolecia niewolnicy ta\u0144czyli\ncapoeir\u0119 jako swego rodzaju \u201etaniec ludowy\u201d. Po zniesieniu\nniewolnictwa w Brazylii w roku 1888 capoeira szybko przybra\u0142a posta\u0107\nbardziej agresywn\u0105, a nie rytualn\u0105 czy taneczn\u0105 \u2013 znajduj\u0105c\nzastosowanie jako styl walki ulicznej. Praktykowana w brutalnej\nformie \u201ecapoeira carioca\u201d przez gangi terroryzuj\u0105ce ludno\u015b\u0107,\nzosta\u0142a zakazana pod gro\u017ab\u0105 surowych kar. Jej Renesans nast\u0105pi\u0142\nw latach 30-tych XX wieku, obecna \u201ecapoeira moderna\u201d traktowana\njest jako dobro narodowe i wizyt\u00f3wka Brazylii. \n<\/p>\n\n\n\n<p style=\"text-align:center\"><strong>Latynoska mieszanka<\/strong><\/p>\n\n\n\n<p>Wsp\u00f3\u0142czesna capoeira to mieszanka\nrytualnej, tanecznej tradycji oraz technik realnej i skutecznej walki\ni samoobrony. Starcia przeciwnik\u00f3w skupiaj\u0105 si\u0119 na kopni\u0119ciach,\nzw\u0142aszcza widowiskowych kopni\u0119ciach obrotowych i odpowiednio do\nnich: unikach, poniewa\u017c rzadko stosuje si\u0119 blokowanie cios\u00f3w.\nWszystko odbywa si\u0119 dynamicznie i p\u0142ynnie, w nieprzerwanym ruchu i\nakrobacjach, st\u0105d spektakularny efekt dla widz\u00f3w. \u201eCapoeira jest\ngr\u0105. Dw\u00f3ch zawodnik\u00f3w gra ze sob\u0105, pr\u00f3buj\u0105c si\u0119 nawzajem\noszuka\u0107\u201d. Im lepiej wyszkoleni zawodnicy, tym wi\u0119ksza p\u0142ynno\u015b\u0107\nich ruch\u00f3w, tym silniejsze wra\u017cenie, \u017ce mamy do czynienia z\nta\u0144cem, wzajemn\u0105 gr\u0105, rytua\u0142em, nie z walk\u0105. Pomimo tego\nwra\u017cenia capoeira daje du\u017ce umiej\u0119tno\u015bci w realnym starciu z\nprzeciwnikiem.<\/p>\n\n\n\n<p style=\"text-align:center\"><strong>Rytualne zako\u0144czenie<\/strong><\/p>\n\n\n\n<p>Zwie\u0144czeniem trening\u00f3w i kwintesencj\u0105\nefektownych pokaz\u00f3w capoeiry jest rytua\u0142 zwany po portugalsku\n\u201eroda\u201d. Wszyscy adepci staj\u0105 w zamkni\u0119tym kr\u0119gu, do kt\u00f3rego\nkolejno wchodz\u0105 pary przeciwnik\u00f3w, by przez kilka chwil toczy\u0107\nsymulowan\u0105 walk\u0119. Odpowiedni rytm walce nadaje \u015bpiew i klaskanie\nobecnych, a przede wszystkim d\u017awi\u0119k \u201eberimbau\u201d \u2013 \u0142uku\nmuzycznego o afryka\u0144skim pochodzeniu, instrumentu historycznie\nzwi\u0105zanego z capoeir\u0105.<\/p>\n\n\n\n<p style=\"text-align:center\"><strong>Poznaj uroki capoeiry<\/strong><\/p>\n\n\n\n<p>Jest zatem okazja, aby jeszcze w\nsierpniu czynnie do\u015bwiadczy\u0107 urok\u00f3w capoeiry, trenuj\u0105c wraz z \ngrodzisk\u0105 grup\u0105 Capoeira Camangula w Mediatece. Treningi s\u0105\nbezp\u0142atne, odbywaj\u0105 si\u0119 w soboty o godz. 12.00 i w poniedzia\u0142ki o\ngodz. 18.00. Uczestniczy\u0107 mog\u0105 wszyscy niezale\u017cnie od wieku i\numiej\u0119tno\u015bci, dzieci od lat 4 do 6 pod opiek\u0105 rodzic\u00f3w.<\/p>\n\n\n\n<p style=\"text-align:right\">Tekst i foto: <strong>(PS)<\/strong><\/p>\n","protected":false},"excerpt":{"rendered":"<p>Przez ca\u0142e wakacje w grodziskiej Mediatece odbywaj\u0105 si\u0119 otwarte dla wszystkich ch\u0119tnych treningi capoeiry. Grupa uczestnik\u00f3w jest zr\u00f3\u017cnicowana wiekowa, wsp\u00f3lnie trenuj\u0105 doro\u015bli, m\u0142odzie\u017c, dzieci i ich rodzice. Do\u0142\u0105czy\u0107 mo\u017cna w ka\u017cdej chwili, zaj\u0119cia s\u0105 tak zaprojektowane, \u017ce z pomoc\u0105 adept\u00f3w Capoeira Camangula ka\u017cdy da sobie rad\u0119. Capoeira to \u201etaneczna sztuka walki\u201d rodem z Brazylii, jej [&hellip;]<\/p>\n","protected":false},"author":2,"featured_media":3259,"comment_status":"closed","ping_status":"open","sticky":false,"template":"","format":"standard","meta":{"footnotes":""},"categories":[8,4],"tags":[],"class_list":["post-3258","post","type-post","status-publish","format-standard","has-post-thumbnail","hentry","category-roznosci","category-sport"],"_links":{"self":[{"href":"https:\/\/fleschmazowsza.com.pl\/index.php?rest_route=\/wp\/v2\/posts\/3258","targetHints":{"allow":["GET"]}}],"collection":[{"href":"https:\/\/fleschmazowsza.com.pl\/index.php?rest_route=\/wp\/v2\/posts"}],"about":[{"href":"https:\/\/fleschmazowsza.com.pl\/index.php?rest_route=\/wp\/v2\/types\/post"}],"author":[{"embeddable":true,"href":"https:\/\/fleschmazowsza.com.pl\/index.php?rest_route=\/wp\/v2\/users\/2"}],"replies":[{"embeddable":true,"href":"https:\/\/fleschmazowsza.com.pl\/index.php?rest_route=%2Fwp%2Fv2%2Fcomments&post=3258"}],"version-history":[{"count":1,"href":"https:\/\/fleschmazowsza.com.pl\/index.php?rest_route=\/wp\/v2\/posts\/3258\/revisions"}],"predecessor-version":[{"id":3260,"href":"https:\/\/fleschmazowsza.com.pl\/index.php?rest_route=\/wp\/v2\/posts\/3258\/revisions\/3260"}],"wp:featuredmedia":[{"embeddable":true,"href":"https:\/\/fleschmazowsza.com.pl\/index.php?rest_route=\/wp\/v2\/media\/3259"}],"wp:attachment":[{"href":"https:\/\/fleschmazowsza.com.pl\/index.php?rest_route=%2Fwp%2Fv2%2Fmedia&parent=3258"}],"wp:term":[{"taxonomy":"category","embeddable":true,"href":"https:\/\/fleschmazowsza.com.pl\/index.php?rest_route=%2Fwp%2Fv2%2Fcategories&post=3258"},{"taxonomy":"post_tag","embeddable":true,"href":"https:\/\/fleschmazowsza.com.pl\/index.php?rest_route=%2Fwp%2Fv2%2Ftags&post=3258"}],"curies":[{"name":"wp","href":"https:\/\/api.w.org\/{rel}","templated":true}]}}