{"id":3246,"date":"2019-08-12T11:39:41","date_gmt":"2019-08-12T10:39:41","guid":{"rendered":"http:\/\/fleschmazowsza.com.pl\/?p=3246"},"modified":"2019-08-12T11:39:45","modified_gmt":"2019-08-12T10:39:45","slug":"chopin-wieniawski-moniuszko-muzyczni-romantycy-w-parku-skarbkow","status":"publish","type":"post","link":"https:\/\/fleschmazowsza.com.pl\/?p=3246","title":{"rendered":"Chopin, Wieniawski, Moniuszko \u2013 muzyczni romantycy w Parku Skarbk\u00f3w"},"content":{"rendered":"\n<p><strong>Grodziski cykl letnich plenerowych koncert\u00f3w \u201eKlasyka w Parku\u201d rozpocz\u0105\u0142 si\u0119 ju\u017c na dobre i jak co roku potrwa do ko\u0144ca sierpnia. S\u0105dz\u0105c po nies\u0142abn\u0105cej frekwencji wpisa\u0142 si\u0119 on na sta\u0142e w pejza\u017c kulturalny miasta. W razie niepogody sal\u0105 koncertow\u0105 zdoln\u0105 pomie\u015bci\u0107 wszystkich s\u0142uchaczy s\u0142u\u017cy Mediateka.<\/strong><\/p>\n\n\n\n<p>14 lipca w Parku Skarbk\u00f3w rozbrzmia\u0142a\nmuzyka polskiego romantyzmu. Koncert zatytu\u0142owany \u201ePer\u0142y salon\u00f3w\nPolski XIX w.\u201d nawi\u0105zywa\u0142 do czas\u00f3w, gdy koncertowanie i kontakt\nz muzyk\u0105 na \u017cywo by\u0142y codzienno\u015bci\u0105 \u017cycia kulturalnego, gdy\nmuzykowanie \u201edomowe\u201d sta\u0142o si\u0119 po\u017c\u0105danym standardem w\u015br\u00f3d\nludzi wykszta\u0142conych. Zaproszony do Grodziska duet wybitnych\nwykonawc\u00f3w: pianistki Teresy Kaban i flecisty Henryka B\u0142a\u017ceja,\nzaprezentowa\u0142 utwory zar\u00f3wno tych najbardziej znanych, jak i mniej\npopularnych kompozytor\u00f3w muzyki romantycznej. Romantycznej \u2013 a\nwi\u0119c m.in. programowo emocjonalnej, wyra\u017caj\u0105cej uczucia,\neksponuj\u0105cej indywidualizm kompozytora.<\/p>\n\n\n\n<p style=\"text-align:center\"><strong>Wielcy romantycy<\/strong><\/p>\n\n\n\n<p>Nie mog\u0142o si\u0119 zatem obej\u015b\u0107 bez\nnajwi\u0119kszego mistrza romantyzmu \u2013 Fryderyka Chopina. S\u0142uchaj\u0105c\njego preludi\u00f3w i poloneza w Parku Skarbk\u00f3w mo\u017cna by\u0142o pokusi\u0107\nsi\u0119 o refleksj\u0119, \u017ce ju\u017c nie tylko \u0141azienki Kr\u00f3lewskie maj\u0105\nswoje koncerty chopinowskie, podczas kt\u00f3rych siedzi si\u0119 tak\nzwyczajnie na trawie, b\u0119d\u0105c oczarowanym i zas\u0142uchanym. Podobny\nklimat przenika stopniowo i do podwarszawskich miejscowo\u015bci.<\/p>\n\n\n\n<p>Koncert przywo\u0142a\u0142 te\u017c utwory innego\nwielkiego romantyka, wybitnego skrzypka-wirtuoza i kompozytora o\n\u015bwiatowej s\u0142awie \u2013 Henryka Wieniawskiego. Jego \u201eObertas G-dur\u201d\ni \u201eKujawiak a-moll\u201d opracowane zosta\u0142y tym razem specjalnie na\nflet, cho\u0107 oryginalnie skomponowane zosta\u0142y na skrzypce. Warto\nzaznaczy\u0107, \u017ce \u201eKujawiak\u201d posiada r\u00f3wnie\u017c spopularyzowan\u0105\nwersj\u0119 \u2013 napisa\u0142 do niego s\u0142owa i w\u0142\u0105czy\u0142 do swojego\nrepertuaru Jan Kiepura, legendarny polski tenor.<\/p>\n\n\n\n<p style=\"text-align:center\"><strong>Narodowa tradycja i ludowy folklor<\/strong><\/p>\n\n\n\n<p>Obecnie obchodzimy Rok Stanis\u0142awa\nMoniuszki, kompozytora polskiej muzyki romantycznej w narodowym\nduchu. Tw\u00f3rczo\u015b\u0107 Moniuszki nie posiada uniwersalizmu dzie\u0142\nChopina czy Wieniawskiego, natomiast cechuje j\u0105 typowe dla\nromantyzmu czerpanie z folkloru ludowego i z narodowej tradycji.\nPodczas koncertu us\u0142ysze\u0107 mo\u017cna by\u0142o pie\u015b\u0144 \u201ePrz\u0105\u015bniczka\u201d\nw wersji instrumentalnej. Ta niezwykle rozpoznawalna pie\u015b\u0144\nMoniuszki zakorzeni\u0142a si\u0119 ju\u017c dawno w polskiej codzienno\u015bci \u2013\nwsp\u00f3\u0142cze\u015bnie jest m.in. hejna\u0142em miasta \u0141odzi, symbolicznie\npodkre\u015blaj\u0105c w\u0142\u00f3kiennicze tradycje.<\/p>\n\n\n\n<p>Lokalne koncerty muzyki powa\u017cnej to\ntak\u017ce unikalna okazja do poznania mniej znanych kompozytor\u00f3w lub\nkompozycji, kt\u00f3rych nie us\u0142yszeliby\u015bmy z nagra\u0144. W parku Skarbk\u00f3w\npop\u0142yn\u0119\u0142y zatem d\u017awi\u0119ki \u201eAndante\u201d i \u201eRonda w tempie\npoloneza\u201d Ignacego Feliksa Dobrzy\u0144skiego. Muzyka tego kompozytora,\nkt\u00f3ry kszta\u0142ci\u0142 si\u0119 podobnie jak Chopin w konserwatorium\nwarszawskim pod okiem J\u00f3zefa Elsnera, po dziesi\u0119cioleciach\nzapomnienia powraca obecnie na estrady.<\/p>\n\n\n\n<p style=\"text-align:center\"><strong>\u201ePije Kuba do Jakuba\u201d<\/strong><\/p>\n\n\n\n<p>Zwie\u0144czeniem niedzielnego plenerowego\nspotkania z muzyk\u0105 by\u0142o wykonanie XVIII-wiecznej melodii do\npopularnej pie\u015bni \u201ePije Kuba do Jakuba\u201d. Pie\u015b\u0144 ta, o\ncharakterze biesiadnym i tradycyjnym, funkcjonuje ju\u017c od ponad 200\nlat w najr\u00f3\u017cniejszych wcieleniach muzycznych, wsp\u00f3\u0142cze\u015bnie nawet\nw aran\u017cacji heavy metalowej. Podczas koncertu w Parku Skarbk\u00f3w\npos\u0142ucha\u0107 mo\u017cna by\u0142o wzgl\u0119dnie pierwotnej, instrumentalnej\nwersji pie\u015bni, opracowanej na flet i fortepian przez Grzegorza\nK\u0105tskiego, skrzypka prze\u0142omu XVIII\/XIX wieku.<\/p>\n\n\n\n<p style=\"text-align:right\">Tekst i foto:<br><strong>Sylwia Pa\u0144k\u00f3w<\/strong><\/p>\n","protected":false},"excerpt":{"rendered":"<p>Grodziski cykl letnich plenerowych koncert\u00f3w \u201eKlasyka w Parku\u201d rozpocz\u0105\u0142 si\u0119 ju\u017c na dobre i jak co roku potrwa do ko\u0144ca sierpnia. S\u0105dz\u0105c po nies\u0142abn\u0105cej frekwencji wpisa\u0142 si\u0119 on na sta\u0142e w pejza\u017c kulturalny miasta. W razie niepogody sal\u0105 koncertow\u0105 zdoln\u0105 pomie\u015bci\u0107 wszystkich s\u0142uchaczy s\u0142u\u017cy Mediateka. 14 lipca w Parku Skarbk\u00f3w rozbrzmia\u0142a muzyka polskiego romantyzmu. Koncert [&hellip;]<\/p>\n","protected":false},"author":2,"featured_media":3247,"comment_status":"closed","ping_status":"open","sticky":false,"template":"","format":"standard","meta":{"footnotes":""},"categories":[6],"tags":[],"class_list":["post-3246","post","type-post","status-publish","format-standard","has-post-thumbnail","hentry","category-kultura"],"_links":{"self":[{"href":"https:\/\/fleschmazowsza.com.pl\/index.php?rest_route=\/wp\/v2\/posts\/3246","targetHints":{"allow":["GET"]}}],"collection":[{"href":"https:\/\/fleschmazowsza.com.pl\/index.php?rest_route=\/wp\/v2\/posts"}],"about":[{"href":"https:\/\/fleschmazowsza.com.pl\/index.php?rest_route=\/wp\/v2\/types\/post"}],"author":[{"embeddable":true,"href":"https:\/\/fleschmazowsza.com.pl\/index.php?rest_route=\/wp\/v2\/users\/2"}],"replies":[{"embeddable":true,"href":"https:\/\/fleschmazowsza.com.pl\/index.php?rest_route=%2Fwp%2Fv2%2Fcomments&post=3246"}],"version-history":[{"count":1,"href":"https:\/\/fleschmazowsza.com.pl\/index.php?rest_route=\/wp\/v2\/posts\/3246\/revisions"}],"predecessor-version":[{"id":3248,"href":"https:\/\/fleschmazowsza.com.pl\/index.php?rest_route=\/wp\/v2\/posts\/3246\/revisions\/3248"}],"wp:featuredmedia":[{"embeddable":true,"href":"https:\/\/fleschmazowsza.com.pl\/index.php?rest_route=\/wp\/v2\/media\/3247"}],"wp:attachment":[{"href":"https:\/\/fleschmazowsza.com.pl\/index.php?rest_route=%2Fwp%2Fv2%2Fmedia&parent=3246"}],"wp:term":[{"taxonomy":"category","embeddable":true,"href":"https:\/\/fleschmazowsza.com.pl\/index.php?rest_route=%2Fwp%2Fv2%2Fcategories&post=3246"},{"taxonomy":"post_tag","embeddable":true,"href":"https:\/\/fleschmazowsza.com.pl\/index.php?rest_route=%2Fwp%2Fv2%2Ftags&post=3246"}],"curies":[{"name":"wp","href":"https:\/\/api.w.org\/{rel}","templated":true}]}}