{"id":3240,"date":"2019-08-12T11:14:55","date_gmt":"2019-08-12T10:14:55","guid":{"rendered":"http:\/\/fleschmazowsza.com.pl\/?p=3240"},"modified":"2019-08-12T11:14:57","modified_gmt":"2019-08-12T10:14:57","slug":"przebudowa-skrzyzowania-al-kasztanowej-z-ul-osiedlowa-i-mlodosci","status":"publish","type":"post","link":"https:\/\/fleschmazowsza.com.pl\/?p=3240","title":{"rendered":"Przebudowa  skrzy\u017cowania al. Kasztanowej z ul. Osiedlow\u0105 i M\u0142odo\u015bci"},"content":{"rendered":"\n<p><strong>Dzi\u0119ki\nwsparciu samorz\u0105du wojew\u00f3dztwa mazowieckiego w miejscowo\u015bci Rusiec\n(gm. Nadarzyn) mo\u017cliwa b\u0119dzie przebudowa skrzy\u017cowania al.\nKasztanowej (droga powiatowa) i dr\u00f3g gminnych \u2013 ul. Osiedlowej i\nul. M\u0142odo\u015bci. Projekt otrzyma\u0142 dofinansowanie w ramach instrumentu\nwsparcia zada\u0144 wa\u017cnych dla r\u00f3wnomiernego rozwoju wojew\u00f3dztwa\nmazowieckiego. Umow\u0119 w tej sprawie podpisali: marsza\u0142ek Adam\nStruzik oraz starosta powiatu pruszkowskiego Krzysztof Rymuza i \ncz\u0142onek zarz\u0105du powiatu Agnieszka Ku\u017ami\u0144ska.<\/strong><\/p>\n\n\n\n<p>\u2013Instrument zada\u0144 wa\u017cnych dla r\u00f3wnomiernego rozwoju wojew\u00f3dztwa mazowieckiego idealnie wpisuje si\u0119 w prowadzon\u0105 przez nas polityk\u0119. Mazowsze to najwi\u0119kszy region w kraju, jeden z najszybciej rozwijaj\u0105cych si\u0119, ale niestety i bardzo zr\u00f3\u017cnicowany. Aby wyr\u00f3wnywa\u0107 dysproporcje pomi\u0119dzy poszczeg\u00f3lnymi jego cz\u0119\u015bciami uruchomili\u015bmy w tym roku po raz pierwszy instrument wspieraj\u0105cy r\u00f3wnomierny rozw\u00f3j. W sumie na jego realizacj\u0119 przeznaczymy ponad 57 mln z\u0142, z czego 30 mln z\u0142 trafi do beneficjent\u00f3w jeszcze w tym roku \u2013 podkre\u015bla marsza\u0142ek Adam Struzik.<\/p>\n\n\n\n<p>W ramach tego programu gminy i powiaty\notrzyma\u0142y wsparcie na realizacj\u0119 zada\u0144 wieloletnich, na drogi\npowiatowe i gminne, na edukacj\u0119 oraz kultur\u0119. Samorz\u0105d Mazowsza\nprzeznaczy\u0142 na ten cel ze swojego bud\u017cetu w sumie ponad 57 mln z\u0142,\nz czego w tym roku przekazanych zostanie blisko 30 mln z\u0142. \n<\/p>\n\n\n\n<p>Z takiego w\u0142a\u015bnie rozwi\u0105zania\nskorzysta\u0142 powiat pruszkowski, kt\u00f3ry 567 tys. z\u0142 pozyskanego\nwsparcia przeznaczy na przebudow\u0119 skrzy\u017cowania drogi powiatowej \u2013\nal. Kasztanowej i dr\u00f3g gminnych: ul. Osiedlowej i ul. M\u0142odo\u015bci w\nRu\u015bcu w gminie Nadarzyn. Projekt jest ju\u017c realizowany, a jego\nca\u0142kowita warto\u015b\u0107 to 988 tys. z\u0142.<\/p>\n\n\n\n<p>W ramach inwestycji powstan\u0105 dodatkowe\npasy ruchu: dla lewoskr\u0119tu w ul. Osiedlow\u0105 oraz w\u0142\u0105czenia dla\nlewoskr\u0119tu z ul. Osiedlowej w kierunku M\u0142ochowa. B\u0119dzie te\u017c nowa\njezdnia o dw\u00f3ch pasach ruchu, rozdzielonych malowanymi liniami\npoziomymi. Stworzone zostan\u0105 azyle dla pieszych, zatoki autobusowe,\na tak\u017ce chodnik w kierunku ul. Osiedlowej. \n<\/p>\n\n\n\n<p>Inwestycja jest bardzo wa\u017cna zar\u00f3wno\ndla mieszka\u0144c\u00f3w, jak i przedsi\u0119biorc\u00f3w. Jej realizacja to nie\ntylko zwi\u0119kszenie bezpiecze\u0144stwa w rejonie skrzy\u017cowania, ale tak\u017ce\nusprawnienie po\u0142\u0105cze\u0144 komunikacyjnych do centr\u00f3w logistycznych\npomi\u0119dzy tras\u0105 katowick\u0105 i krakowsk\u0105, np. Schenker Sp. z o.o.,\nPepsico Logistyka, TOYA S.A., VTS, Kamis, Volvo Truck Center M\u0142och\u00f3w\noraz innych zak\u0142ad\u00f3w pracy, firm prywatnych, zabudowy\nmieszkaniowej, posesji prywatnych oraz obiekt\u00f3w u\u017cyteczno\u015bci\npublicznej. \n<\/p>\n\n\n\n<p style=\"text-align:right\"><strong>Marta Milewska<\/strong><br>Rzeczniczka Prasowa<br>Urz\u0105d Marsza\u0142kowski Wojew\u00f3dztwa Mazowieckiego<br>fot. <em><strong>Urz\u0105d Marsza\u0142kowski Wojew\u00f3dztwa Mazowieckiego w Warszawie  <\/strong><\/em><\/p>\n","protected":false},"excerpt":{"rendered":"<p>Dzi\u0119ki wsparciu samorz\u0105du wojew\u00f3dztwa mazowieckiego w miejscowo\u015bci Rusiec (gm. Nadarzyn) mo\u017cliwa b\u0119dzie przebudowa skrzy\u017cowania al. Kasztanowej (droga powiatowa) i dr\u00f3g gminnych \u2013 ul. Osiedlowej i ul. M\u0142odo\u015bci. Projekt otrzyma\u0142 dofinansowanie w ramach instrumentu wsparcia zada\u0144 wa\u017cnych dla r\u00f3wnomiernego rozwoju wojew\u00f3dztwa mazowieckiego. Umow\u0119 w tej sprawie podpisali: marsza\u0142ek Adam Struzik oraz starosta powiatu pruszkowskiego Krzysztof Rymuza [&hellip;]<\/p>\n","protected":false},"author":2,"featured_media":3241,"comment_status":"closed","ping_status":"open","sticky":false,"template":"","format":"standard","meta":{"footnotes":""},"categories":[5],"tags":[],"class_list":["post-3240","post","type-post","status-publish","format-standard","has-post-thumbnail","hentry","category-wiadomosci"],"_links":{"self":[{"href":"https:\/\/fleschmazowsza.com.pl\/index.php?rest_route=\/wp\/v2\/posts\/3240","targetHints":{"allow":["GET"]}}],"collection":[{"href":"https:\/\/fleschmazowsza.com.pl\/index.php?rest_route=\/wp\/v2\/posts"}],"about":[{"href":"https:\/\/fleschmazowsza.com.pl\/index.php?rest_route=\/wp\/v2\/types\/post"}],"author":[{"embeddable":true,"href":"https:\/\/fleschmazowsza.com.pl\/index.php?rest_route=\/wp\/v2\/users\/2"}],"replies":[{"embeddable":true,"href":"https:\/\/fleschmazowsza.com.pl\/index.php?rest_route=%2Fwp%2Fv2%2Fcomments&post=3240"}],"version-history":[{"count":1,"href":"https:\/\/fleschmazowsza.com.pl\/index.php?rest_route=\/wp\/v2\/posts\/3240\/revisions"}],"predecessor-version":[{"id":3242,"href":"https:\/\/fleschmazowsza.com.pl\/index.php?rest_route=\/wp\/v2\/posts\/3240\/revisions\/3242"}],"wp:featuredmedia":[{"embeddable":true,"href":"https:\/\/fleschmazowsza.com.pl\/index.php?rest_route=\/wp\/v2\/media\/3241"}],"wp:attachment":[{"href":"https:\/\/fleschmazowsza.com.pl\/index.php?rest_route=%2Fwp%2Fv2%2Fmedia&parent=3240"}],"wp:term":[{"taxonomy":"category","embeddable":true,"href":"https:\/\/fleschmazowsza.com.pl\/index.php?rest_route=%2Fwp%2Fv2%2Fcategories&post=3240"},{"taxonomy":"post_tag","embeddable":true,"href":"https:\/\/fleschmazowsza.com.pl\/index.php?rest_route=%2Fwp%2Fv2%2Ftags&post=3240"}],"curies":[{"name":"wp","href":"https:\/\/api.w.org\/{rel}","templated":true}]}}