{"id":3237,"date":"2019-08-12T11:11:55","date_gmt":"2019-08-12T10:11:55","guid":{"rendered":"http:\/\/fleschmazowsza.com.pl\/?p=3237"},"modified":"2019-08-12T11:11:57","modified_gmt":"2019-08-12T10:11:57","slug":"porozumienie-w-sprawie-programu-czyste-powietrze","status":"publish","type":"post","link":"https:\/\/fleschmazowsza.com.pl\/?p=3237","title":{"rendered":"Porozumienie w sprawie Programu Czyste Powietrze"},"content":{"rendered":"\n<p><strong>Kilkadziesi\u0105t gmin podpisa\u0142o umowy z wojew\u00f3dzkimi funduszami ochrony \u015brodowiska w sprawie wsp\u00f3\u0142pracy przy programie Czyste Powietrze. Piast\u00f3w tak\u017ce do\u0142\u0105czy\u0142 do tego grona. 11 lipca Burmistrz Miasta Piastowa Grzegorz Szuplewski podpisa\u0142 z WFO\u015aiGW w Warszawie porozumienie w zakresie wsp\u00f3lnej realizacji programu \u201eCzyste Powietrze\u201d. Dzia\u0142anie to ma zach\u0119ci\u0107 piastowian oraz pom\u00f3c im w przyst\u0105pieniu do programu i w aplikowaniu o \u015brodki na termomodernizacj\u0119 swoich budynk\u00f3w mieszkalnych.<\/strong><\/p>\n\n\n\n<p>Porozumienie zak\u0142ada, \u017ce do zada\u0144\ngminy b\u0119dzie nale\u017ca\u0142o zidentyfikowanie budynk\u00f3w, kt\u00f3rych\nw\u0142a\u015bciciele mogliby wnioskowa\u0107 oraz przedstawienie im korzy\u015bci\np\u0142yn\u0105cych z wzi\u0119cia udzia\u0142u w programie, tak aby m\u00f3c dotrze\u0107 do\nos\u00f3b najbardziej potrzebuj\u0105cych wsparcia i zapewni\u0107 im pomoc przy\nsk\u0142adaniu wniosku.<\/p>\n\n\n\n<p>Do 19 lipca pracownik Urz\u0119du\nMiejskiego w Piastowie zosta\u0142 przeszkolony w tym zakresie, tak by\npom\u00f3c mieszka\u0144com poprawnie z\u0142o\u017cy\u0107 wniosek i skompletowa\u0107\nwymagane za\u0142\u0105czniki. Ponadto b\u0119dzie on doradza\u0107 i informowa\u0107, a\ntak\u017ce b\u0119dzie prowadzi\u0107 bie\u017c\u0105cy kontakt z beneficjentami.<\/p>\n\n\n\n<p>W\u0142adzom Piastowa zale\u017cy na tym, by\njak najwi\u0119cej os\u00f3b mog\u0142o skorzysta\u0107 z programu \u201eCzyste\nPowietrze\u201d. Intencj\u0105 jest tak\u017ce dotarcie do tych piastowian,\nkt\u00f3rzy z obawy przed formalno\u015bciami, brakiem mobilno\u015bci lub z\ninnych powod\u00f3w w og\u00f3le nie bior\u0105 pod uwag\u0119 mo\u017cliwo\u015bci\nprzyst\u0105pienia do tego dzia\u0142ania. Pracownik Urz\u0119du Dominik\nBanasiewicz z Wydzia\u0142u Utrzymania Miasta (tel. 22-770-52-43) odpowie\nna wszelkie pytania, udzieli informacji na temat programu i rozwieje\nwszelkie w\u0105tpliwo\u015bci. <br>Priorytetem w\u0142adz miasta jest dba\u0142o\u015b\u0107\no jako\u015b\u0107 powietrza w Piastowie.<\/p>\n\n\n\n<p>\u201eCzyste Powietrze\u201d to rz\u0105dowy\nprogram priorytetowy, kt\u00f3rego celem jest poprawa efektywno\u015bci\nenergetycznej oraz zmniejszenie emisji py\u0142\u00f3w i innych\nzanieczyszcze\u0144 do powietrza z jednorodzinnych dom\u00f3w mieszkalnych.\n<br>Z inicjatyw\u0105 wsp\u00f3\u0142pracy z samorz\u0105dami w tym zakresie wyst\u0105pi\u0142\nMinister \u015arodowiska, przy  wsp\u00f3\u0142pracy z Narodowym Funduszem\nOchrony \u015arodowiska i Gospodarki Wodnej i wojew\u00f3dzkimi funduszami\nochrony \u015brodowiska. \n<\/p>\n\n\n\n<p>W ramach programu istnieje mo\u017cliwo\u015b\u0107\nuzyskania dofinansowania w formie dotacji i po\u017cyczki na wymian\u0119\nstarych, nieefektywnych \u017ar\u00f3de\u0142 ciep\u0142a na nowoczesne.\nDofinansowanie mo\u017cna pozyska\u0107 r\u00f3wnie\u017c na przeprowadzenie\nniezb\u0119dnych prac termomodernizacyjnych budynku (dotacja i po\u017cyczka)\noraz monta\u017c odnawialnych \u017ar\u00f3de\u0142 energii OZE (wy\u0142\u0105cznie\npo\u017cyczka). Wysoko\u015b\u0107 dofinansowania zale\u017cy od dochodu na osob\u0119 w\ngospodarstwie domowym. Bud\u017cet programu na 10 lat to ponad 100 mld\nz\u0142.<\/p>\n\n\n\n<p style=\"text-align:right\">\u0179r\u00f3d\u0142o: <strong>www.piastow.pl<\/strong><br>Fot. <em><strong>powietrze.mos.gov.pl<\/strong><\/em><\/p>\n","protected":false},"excerpt":{"rendered":"<p>Kilkadziesi\u0105t gmin podpisa\u0142o umowy z wojew\u00f3dzkimi funduszami ochrony \u015brodowiska w sprawie wsp\u00f3\u0142pracy przy programie Czyste Powietrze. Piast\u00f3w tak\u017ce do\u0142\u0105czy\u0142 do tego grona. 11 lipca Burmistrz Miasta Piastowa Grzegorz Szuplewski podpisa\u0142 z WFO\u015aiGW w Warszawie porozumienie w zakresie wsp\u00f3lnej realizacji programu \u201eCzyste Powietrze\u201d. Dzia\u0142anie to ma zach\u0119ci\u0107 piastowian oraz pom\u00f3c im w przyst\u0105pieniu do programu i [&hellip;]<\/p>\n","protected":false},"author":2,"featured_media":3238,"comment_status":"closed","ping_status":"open","sticky":false,"template":"","format":"standard","meta":{"footnotes":""},"categories":[9],"tags":[],"class_list":["post-3237","post","type-post","status-publish","format-standard","has-post-thumbnail","hentry","category-edukacja"],"_links":{"self":[{"href":"https:\/\/fleschmazowsza.com.pl\/index.php?rest_route=\/wp\/v2\/posts\/3237","targetHints":{"allow":["GET"]}}],"collection":[{"href":"https:\/\/fleschmazowsza.com.pl\/index.php?rest_route=\/wp\/v2\/posts"}],"about":[{"href":"https:\/\/fleschmazowsza.com.pl\/index.php?rest_route=\/wp\/v2\/types\/post"}],"author":[{"embeddable":true,"href":"https:\/\/fleschmazowsza.com.pl\/index.php?rest_route=\/wp\/v2\/users\/2"}],"replies":[{"embeddable":true,"href":"https:\/\/fleschmazowsza.com.pl\/index.php?rest_route=%2Fwp%2Fv2%2Fcomments&post=3237"}],"version-history":[{"count":1,"href":"https:\/\/fleschmazowsza.com.pl\/index.php?rest_route=\/wp\/v2\/posts\/3237\/revisions"}],"predecessor-version":[{"id":3239,"href":"https:\/\/fleschmazowsza.com.pl\/index.php?rest_route=\/wp\/v2\/posts\/3237\/revisions\/3239"}],"wp:featuredmedia":[{"embeddable":true,"href":"https:\/\/fleschmazowsza.com.pl\/index.php?rest_route=\/wp\/v2\/media\/3238"}],"wp:attachment":[{"href":"https:\/\/fleschmazowsza.com.pl\/index.php?rest_route=%2Fwp%2Fv2%2Fmedia&parent=3237"}],"wp:term":[{"taxonomy":"category","embeddable":true,"href":"https:\/\/fleschmazowsza.com.pl\/index.php?rest_route=%2Fwp%2Fv2%2Fcategories&post=3237"},{"taxonomy":"post_tag","embeddable":true,"href":"https:\/\/fleschmazowsza.com.pl\/index.php?rest_route=%2Fwp%2Fv2%2Ftags&post=3237"}],"curies":[{"name":"wp","href":"https:\/\/api.w.org\/{rel}","templated":true}]}}