{"id":3221,"date":"2019-07-16T12:20:17","date_gmt":"2019-07-16T11:20:17","guid":{"rendered":"http:\/\/fleschmazowsza.com.pl\/?p=3221"},"modified":"2019-07-16T12:20:19","modified_gmt":"2019-07-16T11:20:19","slug":"dzialaj-lokalnie-w-powiecie-grodziskim-i-w-gminie-brwinow","status":"publish","type":"post","link":"https:\/\/fleschmazowsza.com.pl\/?p=3221","title":{"rendered":"Dzia\u0142aj Lokalnie \u2013 w powiecie grodziskim i w gminie Brwin\u00f3w"},"content":{"rendered":"\n<p><strong>W grodziskiej Mediatece odby\u0142 si\u0119 Podwieczorek Grantowy zorganizowany przez Stowarzyszenie Europa i My. Przybyli na\u0144 przedstawiciele (g\u0142\u00f3wnie przedstawicielki) organizacji i grup nieformalnych z terenu powiatu grodziskiego i gminy Brwin\u00f3w, kt\u00f3re uzyska\u0142y dofinansowanie w ramach programu Dzia\u0142aj Lokalnie.<\/strong><\/p>\n\n\n\n<p>Dzia\u0142aj Lokalnie to program\nPolsko-Ameryka\u0144skiej Fundacji Wolno\u015bci, realizowany przez Akademi\u0119\nRozwoju Filantropii w Polsce oraz Stowarzyszenie Europa i My. Program\nten wspiera lokalne inicjatywy w miasteczkach i wsiach, podejmowane\nprzez ich mieszka\u0144c\u00f3w na rzecz dobra wsp\u00f3lnego. Chodzi tu jednak\nnie tylko o wsparcie dla realizacji pomys\u0142\u00f3w: spo\u0142ecznych,\nkulturalnych, ekologicznych, sportowych \u2013 warto\u015bciowych,\nciekawych, potrzebnych ludziom. Program wspomaga te\u017c budowanie\n\u201ekapita\u0142u spo\u0142ecznego\u201d \u2013 czyli nabywanie umiej\u0119tno\u015bci\nwsp\u00f3\u0142dzia\u0142ania i kszta\u0142towanie wzajemnego zaufania w ramach\nspo\u0142eczno\u015bci lokalnej. Zatem z zasady wspiera te projekty, kt\u00f3re\naktywizuj\u0105 mieszka\u0144c\u00f3w ma\u0142ych miast i teren\u00f3w wiejskich do\ndzia\u0142ania i wsp\u00f3\u0142dzia\u0142ania.<\/p>\n\n\n\n<p style=\"text-align:center\"><strong>Wielko\u015b\u0107 bez znaczenia<\/strong><\/p>\n\n\n\n<p>Nie ma przy tym znaczenia, czy projekt\ndotyczy spo\u0142eczno\u015bci ulicy, osiedla, ma\u0142ej miejscowo\u015bci czy ca\u0142ej\ngminy. Program Dzia\u0142aj Lokalnie jest tak skonstruowany, \u017ce\ndostosowuje si\u0119 do potrzeb odbiorc\u00f3w. Ma on r\u00f3wnie\u017c narz\u0119dzia,\naby grantobiorcami uczyni\u0107 grupy nieformalne, nie posiadaj\u0105ce\nosobowo\u015bci prawnej.<\/p>\n\n\n\n<p>Coroczny Podwieczorek Grantowy jest\nzwie\u0144czeniem konkursu grantowego i gromadzi wnioskodawc\u00f3w, kt\u00f3rzy\nuzyskali najbardziej przychyln\u0105 ocen\u0119 Komisji Grantowej. W jej\nsk\u0142ad wchodz\u0105 lokalne autorytety, osoby kompetentne, dobrze\nzorientowane w miejscowych potrzebach, jak np. powszechnie znany w\nGrodzisku \u0141ukasz Nowacki \u2013 znawca historii miasta,\nwsp\u00f3\u0142organizator wielu imprez kulturalnych, radny miejski, autor\n\u015bwietnego przewodnika po mie\u015bcie i gminie Grodzisk. Patronat i\nlokalne wsparcie dla programu i konkursu zapewnili miejscowi\nw\u0142odarze, m.in. burmistrz Grzegorz Benedykci\u0144ski.<\/p>\n\n\n\n<p style=\"text-align:center\"><strong>55 tysi\u0119cy dofinansowania<\/strong><\/p>\n\n\n\n<p>W tym roku na konkurs wp\u0142yn\u0119\u0142y 32\nwnioski, z czego 14 zwyci\u0119skich projekt\u00f3w otrzyma dofinansowanie z\n\u0142\u0105cznej puli 55 tys. z\u0142, rozdzielonej do\u015b\u0107 r\u00f3wnomiernie.\nBeneficjentami grant\u00f3w b\u0119d\u0105 m.in. Sku\u0142y, Bartosz\u00f3wka, Kaski,\nGole, \u017buk\u00f3w \u2013 po tych nazwach wida\u0107, \u017ce program \u201eDzia\u0142aj\nLokalnie\u201d skutecznie aktywizuje spo\u0142eczno\u015bci wiejskie.<\/p>\n\n\n\n<p>Rozrzut temat\u00f3w jest du\u017cy. Projekty,\nzgodnie z duchem czasu, dotycz\u0105 ekologii, zdrowego od\u017cywiania i\nsportowego stylu \u017cycia, zagospodarowania rekreacyjnych teren\u00f3w\nzielonych, dbania o zdrowie i bezpiecze\u0144stwo, mi\u0119dzypokoleniowego\nwsp\u00f3lnego gotowania czy kultywowania tradycji r\u0119kodzielniczych. \n<\/p>\n\n\n\n<p>\u201eOlejowy Zawr\u00f3t G\u0142owy\u201d to ciekawy\npomys\u0142 zorganizowania ma\u0142ej wiejskiej olejarni produkuj\u0105cej zdrowe\noleje z nasion na w\u0142asne potrzeby. Hipoterapia czy terapia ta\u0144cem\nma odpowiedzie\u0107 na potrzeby dzieci z niepe\u0142nosprawno\u015bci\u0105 i ich\nrodzic\u00f3w. Projekt skierowany do m\u0142odych matek powracaj\u0105cych na\nrynek pracy ma im pom\u00f3c rozezna\u0107 si\u0119 w realiach zar\u00f3wno w\u0142asnych\nkompetencji, jak i ogranicze\u0144.<\/p>\n\n\n\n<p style=\"text-align:center\"><strong>Realizacje do ko\u0144ca roku<\/strong><\/p>\n\n\n\n<p>Nagrodzone projekty realizowane b\u0119d\u0105\nod lipca do grudnia bie\u017c\u0105cego roku. Sympatyczna i lu\u017ana formu\u0142a\n\u201epodwieczorku grantowego\u201d sprzyja nawi\u0105zaniu kontakt\u00f3w mi\u0119dzy\ngrantobiorcami, wymianie do\u015bwiadcze\u0144 i \u201enabraniu wiatru w \u017cagle\u201d.\nGrupa Teatralna \u201eMi\u0119dzy S\u0142owami\u201d nada\u0142a podwieczorkowi opraw\u0119\npoetycko-muzyczn\u0105, prezes Stowarzyszenia Europa i My Daniel\nPr\u0119dkopowicz dynamicznie poprowadzi\u0142 spotkanie, prezentacja\nprojekt\u00f3w brzmia\u0142a ciekawie, a na zako\u0144czenie dla wszystkich\nobecnych otwarto szampana, do kt\u00f3rego zaserwowano owoce. Tak\nuhonorowani grantobiorcy przeszli do meritum, czyli do cz\u0119\u015bci\nroboczej.<\/p>\n\n\n\n<p style=\"text-align:right\">Tekst i foto:<br><strong><em>Sylwia Pa\u0144k\u00f3w<\/em><\/strong><\/p>\n","protected":false},"excerpt":{"rendered":"<p>W grodziskiej Mediatece odby\u0142 si\u0119 Podwieczorek Grantowy zorganizowany przez Stowarzyszenie Europa i My. Przybyli na\u0144 przedstawiciele (g\u0142\u00f3wnie przedstawicielki) organizacji i grup nieformalnych z terenu powiatu grodziskiego i gminy Brwin\u00f3w, kt\u00f3re uzyska\u0142y dofinansowanie w ramach programu Dzia\u0142aj Lokalnie. Dzia\u0142aj Lokalnie to program Polsko-Ameryka\u0144skiej Fundacji Wolno\u015bci, realizowany przez Akademi\u0119 Rozwoju Filantropii w Polsce oraz Stowarzyszenie Europa i [&hellip;]<\/p>\n","protected":false},"author":2,"featured_media":3222,"comment_status":"closed","ping_status":"open","sticky":false,"template":"","format":"standard","meta":{"footnotes":""},"categories":[8],"tags":[],"class_list":["post-3221","post","type-post","status-publish","format-standard","has-post-thumbnail","hentry","category-roznosci"],"_links":{"self":[{"href":"https:\/\/fleschmazowsza.com.pl\/index.php?rest_route=\/wp\/v2\/posts\/3221","targetHints":{"allow":["GET"]}}],"collection":[{"href":"https:\/\/fleschmazowsza.com.pl\/index.php?rest_route=\/wp\/v2\/posts"}],"about":[{"href":"https:\/\/fleschmazowsza.com.pl\/index.php?rest_route=\/wp\/v2\/types\/post"}],"author":[{"embeddable":true,"href":"https:\/\/fleschmazowsza.com.pl\/index.php?rest_route=\/wp\/v2\/users\/2"}],"replies":[{"embeddable":true,"href":"https:\/\/fleschmazowsza.com.pl\/index.php?rest_route=%2Fwp%2Fv2%2Fcomments&post=3221"}],"version-history":[{"count":1,"href":"https:\/\/fleschmazowsza.com.pl\/index.php?rest_route=\/wp\/v2\/posts\/3221\/revisions"}],"predecessor-version":[{"id":3223,"href":"https:\/\/fleschmazowsza.com.pl\/index.php?rest_route=\/wp\/v2\/posts\/3221\/revisions\/3223"}],"wp:featuredmedia":[{"embeddable":true,"href":"https:\/\/fleschmazowsza.com.pl\/index.php?rest_route=\/wp\/v2\/media\/3222"}],"wp:attachment":[{"href":"https:\/\/fleschmazowsza.com.pl\/index.php?rest_route=%2Fwp%2Fv2%2Fmedia&parent=3221"}],"wp:term":[{"taxonomy":"category","embeddable":true,"href":"https:\/\/fleschmazowsza.com.pl\/index.php?rest_route=%2Fwp%2Fv2%2Fcategories&post=3221"},{"taxonomy":"post_tag","embeddable":true,"href":"https:\/\/fleschmazowsza.com.pl\/index.php?rest_route=%2Fwp%2Fv2%2Ftags&post=3221"}],"curies":[{"name":"wp","href":"https:\/\/api.w.org\/{rel}","templated":true}]}}