{"id":3215,"date":"2019-07-16T12:01:32","date_gmt":"2019-07-16T11:01:32","guid":{"rendered":"http:\/\/fleschmazowsza.com.pl\/?p=3215"},"modified":"2019-07-16T12:01:33","modified_gmt":"2019-07-16T11:01:33","slug":"fantastyczne-rzezby-w-mediatece","status":"publish","type":"post","link":"https:\/\/fleschmazowsza.com.pl\/?p=3215","title":{"rendered":"Fantastyczne rze\u017aby w Mediatece"},"content":{"rendered":"\n<p><strong>Ktokolwiek znajdzie si\u0119 w najbli\u017cszych dniach w pobli\u017cu Mediateki w Grodzisku Mazowieckim, powinien koniecznie zajrze\u0107 do sali wielofunkcyjnej na parterze. Mo\u017cna tam zobaczy\u0107, obejrze\u0107 a nawet przekontemplowa\u0107 rze\u017aby \u0141ukasza Krupskiego. Wystawa potrwa do 24 lipca, wi\u0119c nie nale\u017cy zwleka\u0107.<\/strong><\/p>\n\n\n\n<p>Nie trzeba by\u0107 znawc\u0105 sztuki, \u017ceby\ndostrzec tu prawdziwy talent. Po prostu rzuca si\u0119 on w oczy,\nmomentalnie, od samego wej\u015bcia. Wsp\u00f3\u0142czesna sztuka ma to do\nsiebie, \u017ce cz\u0119sto wymaga om\u00f3wienia, dopowiedzenia, wyt\u0142umaczenia,\ntrudno j\u0105 odebra\u0107 tak po prostu. Tutaj jest inaczej, bo sztuka\n\u0141ukasza Krupskiego broni si\u0119 sama i nie potrzebuje komentarza. Jest\non m\u0142odym tw\u00f3rc\u0105, a przypomina w tym dawnych mistrz\u00f3w, kt\u00f3rzy\nwywierali wra\u017cenie samym dzie\u0142em. Wchodzimy do sali i od razu nie\nmamy w\u0105tpliwo\u015bci, \u017ce jeste\u015bmy w \u015bwi\u0105tyni sztuki, a raczej\nSztuki przez du\u017ce \u201eS\u201d. \n<\/p>\n\n\n\n<p>Prace wykonane s\u0105 z r\u00f3\u017cnych\nmateria\u0142\u00f3w: z gipsu (bia\u0142ego lub pomalowanego), kolorowej\nceramiki, br\u0105zu, aluminium, \u017celiwa, \u017cywicy epoksydowej. Wymaga to\nod tw\u00f3rcy bieg\u0142ej znajomo\u015bci poszczeg\u00f3lnych technik, skoro w\nka\u017cdy z tych materia\u0142\u00f3w umie tchn\u0105\u0107 ducha. Nie ma monotonii \u2013\nnawet dla laika widoczne jest to zr\u00f3\u017cnicowanie, s\u0105 inne faktury,\nspecyficzny po\u0142ysk, chropowato\u015b\u0107, g\u0142adko\u015b\u0107, matowo\u015b\u0107\npowierzchni.<\/p>\n\n\n\n<p>Wida\u0107, \u017ce tw\u00f3rc\u0119 interesuje przede\nwszystkim rze\u017abienie postaci ludzkich \u2013 wyra\u017ca je w rze\u017abach\nca\u0142opostaciowych, popiersiach, g\u0142owach lub formach bardziej\nabstrakcyjnych, cho\u0107 do\u015b\u0107 czytelnych. Je\u015bli wczyta\u0107 si\u0119 w\ntytu\u0142y prac, jasne staje si\u0119, \u017ce g\u0142\u0119bokie inspiracje czerpie z\nkr\u0119gu kultury wysokiej, z historii, literatury, antyku, religii, z\neuropejskiej i polskiej tradycji. S\u0105 rze\u017aby przedstawiaj\u0105ce\nkonkretne postacie historyczne (np. Jana III Sobieskiego, Jana Paw\u0142a\nII), tw\u00f3rc\u00f3w literatury (np. Norwida, Herberta), s\u0105 i postacie\nludzkie alegoryczne, wyra\u017caj\u0105ce ide\u0119 lub motyw. Wizualnie\nnowoczesna forma rze\u017ab w jaki\u015b spos\u00f3b r\u00f3wnie\u017c nawi\u0105zuje do form\ntradycyjnych, od dawna funkcjonuj\u0105cych w kulturze, ale przetwarzaj\u0105c\nje.<\/p>\n\n\n\n<p>Rze\u017aby \u0141ukasza Krupskiego s\u0105\nniew\u0105tpliwie ekspresyjne, maj\u0105 \u0142adunek emocjonalny, nie\npozostawiaj\u0105 widza oboj\u0119tnym, a wi\u0119c skutecznie wchodz\u0105 z nim w\nrelacj\u0119. Autentycznie chce si\u0119 na nie patrze\u0107, obejrze\u0107 z r\u00f3\u017cnych\nstron, a za kilka minut obejrze\u0107 ponownie \u2013 budz\u0105 jaki\u015b rodzaj\nzdziwienia i zaciekawienia. A przy tym s\u0105 naprawd\u0119 pi\u0119kne, razem i\npojedynczo. Wystawie jako ca\u0142o\u015bci uroku dodaje sala ekspozycyjna,\nwysoka, bardzo przestrzenna, przeszklona, wizualnie po\u0142\u0105czona z\nparkowym starodrzewem. Z g\u0142o\u015bnika s\u0105czy si\u0119 cicha muzyka, mo\u017cna\nodpocz\u0105\u0107 mi\u0119dzy dzie\u0142ami sztuki na siedziskach. Nie ujmuj\u0105c\nprofesjonalnym muzeom, s\u0105 tu \u015bwietne warunki do kontaktu ze sztuk\u0105.\nI nie ujmuj\u0105c innym tw\u00f3rcom, chyba w Grodzisku nie by\u0142o r\u00f3wnie\natrakcyjnej wystawy.<\/p>\n\n\n\n<p style=\"text-align:right\">Tekst i foto:<br><em><strong>Sylwia Pa\u0144k\u00f3w<\/strong><\/em><\/p>\n","protected":false},"excerpt":{"rendered":"<p>Ktokolwiek znajdzie si\u0119 w najbli\u017cszych dniach w pobli\u017cu Mediateki w Grodzisku Mazowieckim, powinien koniecznie zajrze\u0107 do sali wielofunkcyjnej na parterze. Mo\u017cna tam zobaczy\u0107, obejrze\u0107 a nawet przekontemplowa\u0107 rze\u017aby \u0141ukasza Krupskiego. Wystawa potrwa do 24 lipca, wi\u0119c nie nale\u017cy zwleka\u0107. Nie trzeba by\u0107 znawc\u0105 sztuki, \u017ceby dostrzec tu prawdziwy talent. Po prostu rzuca si\u0119 on w [&hellip;]<\/p>\n","protected":false},"author":2,"featured_media":3216,"comment_status":"closed","ping_status":"open","sticky":false,"template":"","format":"standard","meta":{"footnotes":""},"categories":[6],"tags":[],"class_list":["post-3215","post","type-post","status-publish","format-standard","has-post-thumbnail","hentry","category-kultura"],"_links":{"self":[{"href":"https:\/\/fleschmazowsza.com.pl\/index.php?rest_route=\/wp\/v2\/posts\/3215","targetHints":{"allow":["GET"]}}],"collection":[{"href":"https:\/\/fleschmazowsza.com.pl\/index.php?rest_route=\/wp\/v2\/posts"}],"about":[{"href":"https:\/\/fleschmazowsza.com.pl\/index.php?rest_route=\/wp\/v2\/types\/post"}],"author":[{"embeddable":true,"href":"https:\/\/fleschmazowsza.com.pl\/index.php?rest_route=\/wp\/v2\/users\/2"}],"replies":[{"embeddable":true,"href":"https:\/\/fleschmazowsza.com.pl\/index.php?rest_route=%2Fwp%2Fv2%2Fcomments&post=3215"}],"version-history":[{"count":1,"href":"https:\/\/fleschmazowsza.com.pl\/index.php?rest_route=\/wp\/v2\/posts\/3215\/revisions"}],"predecessor-version":[{"id":3217,"href":"https:\/\/fleschmazowsza.com.pl\/index.php?rest_route=\/wp\/v2\/posts\/3215\/revisions\/3217"}],"wp:featuredmedia":[{"embeddable":true,"href":"https:\/\/fleschmazowsza.com.pl\/index.php?rest_route=\/wp\/v2\/media\/3216"}],"wp:attachment":[{"href":"https:\/\/fleschmazowsza.com.pl\/index.php?rest_route=%2Fwp%2Fv2%2Fmedia&parent=3215"}],"wp:term":[{"taxonomy":"category","embeddable":true,"href":"https:\/\/fleschmazowsza.com.pl\/index.php?rest_route=%2Fwp%2Fv2%2Fcategories&post=3215"},{"taxonomy":"post_tag","embeddable":true,"href":"https:\/\/fleschmazowsza.com.pl\/index.php?rest_route=%2Fwp%2Fv2%2Ftags&post=3215"}],"curies":[{"name":"wp","href":"https:\/\/api.w.org\/{rel}","templated":true}]}}