{"id":3212,"date":"2019-07-16T11:54:55","date_gmt":"2019-07-16T10:54:55","guid":{"rendered":"http:\/\/fleschmazowsza.com.pl\/?p=3212"},"modified":"2019-07-16T11:54:56","modified_gmt":"2019-07-16T10:54:56","slug":"duch-narodu-zaklety-w-muzyce","status":"publish","type":"post","link":"https:\/\/fleschmazowsza.com.pl\/?p=3212","title":{"rendered":"Duch narodu zakl\u0119ty w muzyce"},"content":{"rendered":"\n<p><strong>W podkowia\u0144skim Pa\u0142acyku Kasyno odby\u0142 si\u0119 kolejny koncert z cyklu Muzyczny Five O\u2019Clock. Tym razem po\u015bwi\u0119cony by\u0142 dw\u00f3m wielkim jubilatom, kt\u00f3rych okr\u0105g\u0142e rocznice urodzin obchodzimy w tym roku. J\u00f3zef Kolinek (skrzypce) i El\u017cbieta Kara\u015b-Krasztel (fortepian) wprowadzili nas w muzyczny \u015bwiat J\u00f3zefa Elsnera i Stanis\u0142awa Moniuszki.<\/strong><\/p>\n\n\n\n<p>J\u00f3zef Elsner, urodzony 250 lat temu na\nDolnym \u015al\u0105sku, pami\u0119tany jest dzi\u015b przede wszystkim jako\nnauczyciel Chopina. To nie wyczerpuje obrazu jego osoby. Jako\nkompozytor nie stworzy\u0142 dzie\u0142 na miar\u0119 swojego genialnego ucznia,\nniemniej po\u0142o\u017cy\u0142 ogromne zas\u0142ugi dla polskiej i warszawskiej\nkultury swoich czas\u00f3w. Jego wieloletnia praca pedagogiczna,\nniestrudzona dzia\u0142alno\u015b\u0107 instytucjonalna i aktywno\u015b\u0107 wydawnicza\nw dziedzinie muzyki wsp\u00f3\u0142tworzy\u0142y klimat kulturalny i artystyczny\n\u00f3wczesnej Warszawy. By\u0142 jednym z pierwszych, kt\u00f3rzy si\u0119gali do\npolskiego folkloru, bada\u0142 cechy polskiej muzyki ludowej.<\/p>\n\n\n\n<p>Podczas koncertu wys\u0142uchali\u015bmy dw\u00f3ch\npolonez\u00f3w skomponowanych przez J\u00f3zefa Elsnera jeszcze pod koniec\nXVIII w. oraz sonaty jego autorstwa w trzech cz\u0119\u015bciach, kt\u00f3ry to\npodzia\u0142 narzucaj\u0105 zasady kompozycji. Mieli\u015bmy te\u017c unikaln\u0105\nokazj\u0119 us\u0142ysze\u0107 niefunkcjonuj\u0105c\u0105 na estradzie, a rzadko w\nnagraniach, s\u0142abo znan\u0105 sonat\u0119 Chopina, kt\u00f3r\u0105 skomponowa\u0142 w\nwieku 17 lat, jako prac\u0119 roczn\u0105 z kompozycji u J\u00f3zefa Elsnera.\nJest skomplikowana i ma smutny, t\u0119skny ton, i nie jest to jeszcze\nznany nam wszystkim Chopin, lecz jego pocz\u0105tki. By\u0107 mo\u017ce z tych\npowod\u00f3w utw\u00f3r nie zyska\u0142 aprobaty wykonawc\u00f3w. \n<\/p>\n\n\n\n<p>Kolejnym tematem koncertu by\u0142a muzyka\nStanis\u0142awa Moniuszki, w opracowaniu na skrzypce i fortepian.\nTegoroczny jubilat urodzony okr\u0105g\u0142e 200 lat temu jak dot\u0105d nie\ndoczeka\u0142 si\u0119 wydania swoich Dzie\u0142 Wszystkich, czy to w formie nut,\nczy nagra\u0144. Obecny Rok Moniuszki jest dobr\u0105 okazj\u0105 do\nprzypomnienia jego niew\u0105tpliwych zas\u0142ug w budzeniu i podtrzymywaniu\nducha narodowego w czasach braku polskiej pa\u0144stwowo\u015bci. Podczas\nkoncertu wys\u0142uchali\u015bmy \u201eMazura Weselnego\u201d oraz wersji\ninstrumentalnej dw\u00f3ch znanych pie\u015bni: \u201eZnaszli ten kraj\u201d i\n\u201ePrz\u0105\u015bniczki\u201d. A  po koncercie przyszed\u0142 czas na herbat\u0119,\nciasteczka i wymian\u0119 wra\u017ce\u0144.<\/p>\n\n\n\n<p style=\"text-align:right\">Tekst i foto:<br><em><strong>Sylwia Pa\u0144k\u00f3w<\/strong><\/em><\/p>\n","protected":false},"excerpt":{"rendered":"<p>W podkowia\u0144skim Pa\u0142acyku Kasyno odby\u0142 si\u0119 kolejny koncert z cyklu Muzyczny Five O\u2019Clock. Tym razem po\u015bwi\u0119cony by\u0142 dw\u00f3m wielkim jubilatom, kt\u00f3rych okr\u0105g\u0142e rocznice urodzin obchodzimy w tym roku. J\u00f3zef Kolinek (skrzypce) i El\u017cbieta Kara\u015b-Krasztel (fortepian) wprowadzili nas w muzyczny \u015bwiat J\u00f3zefa Elsnera i Stanis\u0142awa Moniuszki. J\u00f3zef Elsner, urodzony 250 lat temu na Dolnym \u015al\u0105sku, pami\u0119tany [&hellip;]<\/p>\n","protected":false},"author":2,"featured_media":3213,"comment_status":"closed","ping_status":"open","sticky":false,"template":"","format":"standard","meta":{"footnotes":""},"categories":[6],"tags":[],"class_list":["post-3212","post","type-post","status-publish","format-standard","has-post-thumbnail","hentry","category-kultura"],"_links":{"self":[{"href":"https:\/\/fleschmazowsza.com.pl\/index.php?rest_route=\/wp\/v2\/posts\/3212","targetHints":{"allow":["GET"]}}],"collection":[{"href":"https:\/\/fleschmazowsza.com.pl\/index.php?rest_route=\/wp\/v2\/posts"}],"about":[{"href":"https:\/\/fleschmazowsza.com.pl\/index.php?rest_route=\/wp\/v2\/types\/post"}],"author":[{"embeddable":true,"href":"https:\/\/fleschmazowsza.com.pl\/index.php?rest_route=\/wp\/v2\/users\/2"}],"replies":[{"embeddable":true,"href":"https:\/\/fleschmazowsza.com.pl\/index.php?rest_route=%2Fwp%2Fv2%2Fcomments&post=3212"}],"version-history":[{"count":1,"href":"https:\/\/fleschmazowsza.com.pl\/index.php?rest_route=\/wp\/v2\/posts\/3212\/revisions"}],"predecessor-version":[{"id":3214,"href":"https:\/\/fleschmazowsza.com.pl\/index.php?rest_route=\/wp\/v2\/posts\/3212\/revisions\/3214"}],"wp:featuredmedia":[{"embeddable":true,"href":"https:\/\/fleschmazowsza.com.pl\/index.php?rest_route=\/wp\/v2\/media\/3213"}],"wp:attachment":[{"href":"https:\/\/fleschmazowsza.com.pl\/index.php?rest_route=%2Fwp%2Fv2%2Fmedia&parent=3212"}],"wp:term":[{"taxonomy":"category","embeddable":true,"href":"https:\/\/fleschmazowsza.com.pl\/index.php?rest_route=%2Fwp%2Fv2%2Fcategories&post=3212"},{"taxonomy":"post_tag","embeddable":true,"href":"https:\/\/fleschmazowsza.com.pl\/index.php?rest_route=%2Fwp%2Fv2%2Ftags&post=3212"}],"curies":[{"name":"wp","href":"https:\/\/api.w.org\/{rel}","templated":true}]}}