{"id":3209,"date":"2019-07-16T11:19:33","date_gmt":"2019-07-16T10:19:33","guid":{"rendered":"http:\/\/fleschmazowsza.com.pl\/?p=3209"},"modified":"2019-07-16T11:19:34","modified_gmt":"2019-07-16T10:19:34","slug":"bedzie-hala-widowiskowo-sportowa-w-grodzisku-mazowieckim","status":"publish","type":"post","link":"https:\/\/fleschmazowsza.com.pl\/?p=3209","title":{"rendered":"B\u0119dzie hala widowiskowo-sportowa w Grodzisku Mazowieckim"},"content":{"rendered":"\n<p><strong>W lipcu w Grodzisku Mazowieckim zostanie og\u0142oszony przetarg na budow\u0119 nowoczesnej hali widowiskowo-sportowej przy ulicy Sportowej. Takie informacje przekaza\u0142 Grzegorz Benedykci\u0144ski, burmistrz miasta.<\/strong><\/p>\n\n\n\n<p>W\u0142odarz miasta Grodzisk Mazowiecki\npodczas rozm\u00f3w prowadzonych w po\u0142owie maja zapowiada\u0142, \u017ce w\nwakacje zostanie og\u0142oszony przetarg, w kt\u00f3rym wybrana zostanie\nfirma realizuj\u0105ca projekt budowy obiektu. Zaanonsowa\u0142 r\u00f3wnie\u017c, \u017ce\nspodziewa si\u0119 ofert, kt\u00f3rych cennik b\u0119dzie obejmowa\u0142 przedzia\u0142\n55\uf02d60 milion\u00f3w z\u0142otych. W przeciwnym razie, koncepcja ma zosta\u0107\nzredukowana, aby zmniejszy\u0107 koszty inwestycji. Budowa hali\nwidowiskowo-sportowej przewidywana jest na lata 2016\uf02d2017. Koszt\nbudowy b\u0119dzie waha\u0142 si\u0119 od 17 do 20 milion\u00f3w z\u0142otych. \n<\/p>\n\n\n\n<p>Hala b\u0119dzie obiektem s\u0142u\u017c\u0105cym\norganizowaniu imprez sportowych, koncert\u00f3w oraz innych wydarze\u0144 o\ncharakterze rozrywkowym. Zak\u0142ada si\u0119, \u017ce powierzchnia nowoczesnej\nhali b\u0119dzie obejmowa\u0142a ponad 6500 metr\u00f3w kwadratowych. G\u0142\u00f3wna\narena kompleksu, znajduj\u0105ca si\u0119 wewn\u0105trz, ma mie\u0107 wymiary 60&#215;30\nmetr\u00f3w i ma pe\u0142ni\u0107 funkcj\u0119 boiska do koszyk\u00f3wki lub siatk\u00f3wki.\nWewn\u0105trz hali planuje si\u0119 umieszczenie trybun sta\u0142ych dla\npubliczno\u015bci licz\u0105cych 800 miejsc, a tak\u017ce 400 trybun ruchomych.\nPonadto projekt zak\u0142ada instalacj\u0119 wyposa\u017cenia technicznego, kt\u00f3re\numo\u017cliwi przeprowadzanie transmisji telewizyjnych.<\/p>\n\n\n\n<p>Plany\ninwestycyjne obejmuj\u0105 powstanie nie tylko budynku hali\nwidowiskowo-sportowej, ale tak\u017ce zagospodarowanie terenu na zewn\u0105trz\nobiektu. Dodatkowym u\u0142atwieniem b\u0119dzie stworzenie \u0142\u0105cznika ze\nszko\u0142\u0105 numer 6, kt\u00f3rym dzieci b\u0119d\u0105 mog\u0142y komfortowo i\nbezpiecznie przemieszcza\u0107 si\u0119 oraz korzysta\u0107 z infrastruktury\nkompleksu. W hali znajdzie si\u0119 r\u00f3wnie\u017c miejsce dla orkiestry d\u0119tej\noraz klubu tenisa sportowego. Projekt b\u0119dzie wielofunkcyjnym centrum\nrozrywki i sportu dla mieszka\u0144c\u00f3w miasta oraz okolic.<\/p>\n\n\n\n<p style=\"text-align:right\"><strong>Aneta Czarnecka<br><\/strong>Fot.: <em><strong>www.grodzisk.pl\/wizualizacja<\/strong><\/em><\/p>\n","protected":false},"excerpt":{"rendered":"<p>W lipcu w Grodzisku Mazowieckim zostanie og\u0142oszony przetarg na budow\u0119 nowoczesnej hali widowiskowo-sportowej przy ulicy Sportowej. Takie informacje przekaza\u0142 Grzegorz Benedykci\u0144ski, burmistrz miasta. W\u0142odarz miasta Grodzisk Mazowiecki podczas rozm\u00f3w prowadzonych w po\u0142owie maja zapowiada\u0142, \u017ce w wakacje zostanie og\u0142oszony przetarg, w kt\u00f3rym wybrana zostanie firma realizuj\u0105ca projekt budowy obiektu. Zaanonsowa\u0142 r\u00f3wnie\u017c, \u017ce spodziewa si\u0119 ofert, [&hellip;]<\/p>\n","protected":false},"author":2,"featured_media":3210,"comment_status":"closed","ping_status":"open","sticky":false,"template":"","format":"standard","meta":{"footnotes":""},"categories":[4,5],"tags":[],"class_list":["post-3209","post","type-post","status-publish","format-standard","has-post-thumbnail","hentry","category-sport","category-wiadomosci"],"_links":{"self":[{"href":"https:\/\/fleschmazowsza.com.pl\/index.php?rest_route=\/wp\/v2\/posts\/3209","targetHints":{"allow":["GET"]}}],"collection":[{"href":"https:\/\/fleschmazowsza.com.pl\/index.php?rest_route=\/wp\/v2\/posts"}],"about":[{"href":"https:\/\/fleschmazowsza.com.pl\/index.php?rest_route=\/wp\/v2\/types\/post"}],"author":[{"embeddable":true,"href":"https:\/\/fleschmazowsza.com.pl\/index.php?rest_route=\/wp\/v2\/users\/2"}],"replies":[{"embeddable":true,"href":"https:\/\/fleschmazowsza.com.pl\/index.php?rest_route=%2Fwp%2Fv2%2Fcomments&post=3209"}],"version-history":[{"count":1,"href":"https:\/\/fleschmazowsza.com.pl\/index.php?rest_route=\/wp\/v2\/posts\/3209\/revisions"}],"predecessor-version":[{"id":3211,"href":"https:\/\/fleschmazowsza.com.pl\/index.php?rest_route=\/wp\/v2\/posts\/3209\/revisions\/3211"}],"wp:featuredmedia":[{"embeddable":true,"href":"https:\/\/fleschmazowsza.com.pl\/index.php?rest_route=\/wp\/v2\/media\/3210"}],"wp:attachment":[{"href":"https:\/\/fleschmazowsza.com.pl\/index.php?rest_route=%2Fwp%2Fv2%2Fmedia&parent=3209"}],"wp:term":[{"taxonomy":"category","embeddable":true,"href":"https:\/\/fleschmazowsza.com.pl\/index.php?rest_route=%2Fwp%2Fv2%2Fcategories&post=3209"},{"taxonomy":"post_tag","embeddable":true,"href":"https:\/\/fleschmazowsza.com.pl\/index.php?rest_route=%2Fwp%2Fv2%2Ftags&post=3209"}],"curies":[{"name":"wp","href":"https:\/\/api.w.org\/{rel}","templated":true}]}}