{"id":3203,"date":"2019-07-16T11:09:52","date_gmt":"2019-07-16T10:09:52","guid":{"rendered":"http:\/\/fleschmazowsza.com.pl\/?p=3203"},"modified":"2019-07-16T11:14:50","modified_gmt":"2019-07-16T10:14:50","slug":"wukadka-bedzie-trabila-ciszej","status":"publish","type":"post","link":"https:\/\/fleschmazowsza.com.pl\/?p=3203","title":{"rendered":"Wukadka b\u0119dzie tr\u0105bi\u0142a ciszej"},"content":{"rendered":"\n<p><strong>Apele mieszka\u0144c\u00f3w zosta\u0142y wys\u0142uchane. Kolejki Warszawskiej Kolei Dojazdowej b\u0119d\u0105 tr\u0105bi\u0142y ciszej. Z pewno\u015bci\u0105 przyniesie to komfort osobom zamieszkuj\u0105cym w najbli\u017cszej okolicy linii WKD, ale czy utrzyma to oczekiwany poziom bezpiecze\u0144stwa?<\/strong><\/p>\n\n\n\n<p>Mieszka\u0144cy regionu od dawna skar\u017cyli\nsi\u0119 na g\u0142o\u015bno\u015b\u0107 syren sygnalizuj\u0105cych zbli\u017canie si\u0119 poci\u0105gu\ndo przejazdu. W ko\u0144cu zapad\u0142a decyzja o obni\u017ceniu decybeli sygna\u0142u\nd\u017awi\u0119kowego kolejek. Za rozwi\u0105zaniem problemu stoj\u0105 samorz\u0105dy,\nkt\u00f3re wsp\u00f3lnie z WKD podj\u0119\u0142y uzgodnienie o przyciszeniu Wukadek.<\/p>\n\n\n\n<p>Ca\u0142kowita rezygnacja z sygna\u0142u\nostrzegawczego nie by\u0142a mo\u017cliwa, by\u0142oby to zbyt niebezpieczne,\nszczeg\u00f3lnie dla os\u00f3b przyjezdnych, nieprzyzwyczajonych do\ncz\u0119stotliwo\u015bci jazdy poci\u0105g\u00f3w WKD. Kompromisowym rozwi\u0105zaniem\nokaza\u0142o si\u0119 obni\u017cenie poziomu g\u0142o\u015bno\u015bci syren ostrzegawczych. W\nzamian za zmniejszenie decybeli d\u017awi\u0119k\u00f3w ostrzegawczych, zostan\u0105\nzastosowane inne elementy poprawiaj\u0105ce bezpiecze\u0144stwo, np.\nograniczenie pr\u0119dko\u015bci poci\u0105g\u00f3w do 20 km\/h w pobli\u017cu przejazd\u00f3w\nniestrze\u017conych, a tak\u017ce umieszczenie dodatkowej sygnalizacji\n\u015bwietlnej.<\/p>\n\n\n\n<p>W\u0142adze WKD zaznaczaj\u0105, \u017ce obni\u017cenie\npoziomu g\u0142o\u015bno\u015bci syren musi by\u0107 zgodne prawem, wobec czego jest\nmo\u017cliwe tylko w\u00f3wczas, gdy zostanie uzyskana zgoda na odst\u0119pstwa\nod Ustawy o transporcie kolejowym.<\/p>\n\n\n\n<p>Warszawska Kolej Dojazdowa wys\u0142uchuj\u0105c\npostulat\u00f3w mieszka\u0144c\u00f3w, zdecydowa\u0142a si\u0119 na modernizacj\u0119\nurz\u0105dze\u0144 d\u017awi\u0119kowych we wszystkich poci\u0105gach. Celem by\u0142o\nobni\u017cenie g\u0142o\u015bno\u015bci sygna\u0142u o 5-8 decybeli wzgl\u0119dem\npierwotnego. Zarz\u0105d sp\u00f3\u0142ki WKD zaznacza, \u017ce najwa\u017cniejsze s\u0105\naspekty bezpiecze\u0144stwa. Dlatego podj\u0119to decyzj\u0119 o obni\u017ceniu\ng\u0142o\u015bno\u015bci sygna\u0142u \u201eBaczno\u015b\u0107\u201d do wymaganego minimum, kt\u00f3ry\njest jednak zgodny z prawem.<\/p>\n\n\n\n<p>W pa\u017adzierniku 2018 roku WKD nawi\u0105za\u0142a\nwsp\u00f3\u0142prac\u0119 z niemieckim producentem makrofon\u00f3w, dzi\u0119ki kt\u00f3rym\nmo\u017cliwa jest zmiana barwy d\u017awi\u0119ku oraz wprowadzenie oczekiwanej\nzmiany przyciszenia sygna\u0142\u00f3w. Przeprowadzenie test\u00f3w oraz\nmodernizacji we wszystkich, 21 elektrycznych zespo\u0142ach trakcyjnych\nWKD zosta\u0142o etapowo wprowadzone do ko\u0144ca maja. \n<\/p>\n\n\n\n<p style=\"text-align:right\"><em><strong>Aneta Czarnecka<\/strong><\/em><br>Fot.: <strong><em>www.warszawa.naszemiasto.pl<\/em><\/strong><\/p>\n","protected":false},"excerpt":{"rendered":"<p>Apele mieszka\u0144c\u00f3w zosta\u0142y wys\u0142uchane. Kolejki Warszawskiej Kolei Dojazdowej b\u0119d\u0105 tr\u0105bi\u0142y ciszej. Z pewno\u015bci\u0105 przyniesie to komfort osobom zamieszkuj\u0105cym w najbli\u017cszej okolicy linii WKD, ale czy utrzyma to oczekiwany poziom bezpiecze\u0144stwa? Mieszka\u0144cy regionu od dawna skar\u017cyli si\u0119 na g\u0142o\u015bno\u015b\u0107 syren sygnalizuj\u0105cych zbli\u017canie si\u0119 poci\u0105gu do przejazdu. W ko\u0144cu zapad\u0142a decyzja o obni\u017ceniu decybeli sygna\u0142u d\u017awi\u0119kowego kolejek. [&hellip;]<\/p>\n","protected":false},"author":2,"featured_media":3204,"comment_status":"closed","ping_status":"open","sticky":false,"template":"","format":"standard","meta":{"footnotes":""},"categories":[5],"tags":[],"class_list":["post-3203","post","type-post","status-publish","format-standard","has-post-thumbnail","hentry","category-wiadomosci"],"_links":{"self":[{"href":"https:\/\/fleschmazowsza.com.pl\/index.php?rest_route=\/wp\/v2\/posts\/3203","targetHints":{"allow":["GET"]}}],"collection":[{"href":"https:\/\/fleschmazowsza.com.pl\/index.php?rest_route=\/wp\/v2\/posts"}],"about":[{"href":"https:\/\/fleschmazowsza.com.pl\/index.php?rest_route=\/wp\/v2\/types\/post"}],"author":[{"embeddable":true,"href":"https:\/\/fleschmazowsza.com.pl\/index.php?rest_route=\/wp\/v2\/users\/2"}],"replies":[{"embeddable":true,"href":"https:\/\/fleschmazowsza.com.pl\/index.php?rest_route=%2Fwp%2Fv2%2Fcomments&post=3203"}],"version-history":[{"count":1,"href":"https:\/\/fleschmazowsza.com.pl\/index.php?rest_route=\/wp\/v2\/posts\/3203\/revisions"}],"predecessor-version":[{"id":3205,"href":"https:\/\/fleschmazowsza.com.pl\/index.php?rest_route=\/wp\/v2\/posts\/3203\/revisions\/3205"}],"wp:featuredmedia":[{"embeddable":true,"href":"https:\/\/fleschmazowsza.com.pl\/index.php?rest_route=\/wp\/v2\/media\/3204"}],"wp:attachment":[{"href":"https:\/\/fleschmazowsza.com.pl\/index.php?rest_route=%2Fwp%2Fv2%2Fmedia&parent=3203"}],"wp:term":[{"taxonomy":"category","embeddable":true,"href":"https:\/\/fleschmazowsza.com.pl\/index.php?rest_route=%2Fwp%2Fv2%2Fcategories&post=3203"},{"taxonomy":"post_tag","embeddable":true,"href":"https:\/\/fleschmazowsza.com.pl\/index.php?rest_route=%2Fwp%2Fv2%2Ftags&post=3203"}],"curies":[{"name":"wp","href":"https:\/\/api.w.org\/{rel}","templated":true}]}}