{"id":3167,"date":"2019-06-14T12:37:47","date_gmt":"2019-06-14T11:37:47","guid":{"rendered":"http:\/\/fleschmazowsza.com.pl\/?p=3167"},"modified":"2019-06-14T12:37:49","modified_gmt":"2019-06-14T11:37:49","slug":"swietowanie-z-niespodzianka","status":"publish","type":"post","link":"https:\/\/fleschmazowsza.com.pl\/?p=3167","title":{"rendered":"\u015awi\u0119towanie z niespodziank\u0105"},"content":{"rendered":"\n<p><strong>W sobotnie popo\u0142udnie 8 czerwca w Parku Skarbk\u00f3w rozpocz\u0105\u0142 si\u0119 piknik regionalny z okazji 75-lecia Okr\u0119gowej Sp\u00f3\u0142dzielni Mleczarskiej w Grodzisku Mazowieckim. \u201e\u015awi\u0119to Mleka i Ser\u00f3w na Mazowszu\u201d mia\u0142o jednak  przebieg zgo\u0142a niespodziewany.<\/strong><\/p>\n\n\n\n<p>Wydarzenie rozpocz\u0119\u0142o si\u0119\ntradycyjnie wyst\u0105pieniem burmistrza Grzegorza Benedykci\u0144skiego,\nkt\u00f3ry w celnych s\u0142owach podkre\u015bli\u0142 niepowstrzymany rozw\u00f3j\ngrodziskiej OSM w realiach wolnego rynku. Z kolei Prezes OSM zaprosi\u0142\nprzyby\u0142e rodziny na degustacj\u0119 potraw na bazie mleka i przetwor\u00f3w\nmlecznych, a dzieci do skorzystania z symulatora sztucznej krowy do\ndojenia, \u201eaby wiedzia\u0142y, sk\u0105d si\u0119 bierze mleko\u201d.<\/p>\n\n\n\n<p style=\"text-align:center\"><strong>Pocz\u0105tek atrakcji<\/strong><\/p>\n\n\n\n<p>Pogoda by\u0142a s\u0142oneczna i nic nie\nzapowiada\u0142o ekstremalnej zmiany aury. Piknik powoli nabiera\u0142\nrozp\u0119du \u2013 w namiotach Sp\u00f3\u0142dzielni Mleczarskiej delektowano si\u0119\nkuleczkami mozarelli, twarogiem uformowanym w kszta\u0142cie imponuj\u0105cych\nklink\u00f3w, koktajlami mlecznymi i porcjami tradycyjnego sernika.\nRuszy\u0142y dzieci\u0119ce animacje typu \u201erobienie krowiego \u0142a\u0144cucha\u201d,\nw ramach warsztat\u00f3w plastycznych zacz\u0119\u0142y powstawa\u0107 weso\u0142e\ntekstylne kr\u00f3wki na patyku. Odwa\u017cnie przyst\u0119powano do dojenia\nsztucznej krowy, rozpocz\u0119\u0142y si\u0119 te\u017c dzieci\u0119ce szale\u0144stwa na tak\nobecnie popularnych dmucha\u0144cach.<\/p>\n\n\n\n<p style=\"text-align:center\"><strong>Gotowanie z mistrzem<\/strong><\/p>\n\n\n\n<p>\u201eLive cooking\u201d czyli gotowanie na\n\u017cywo w wykonaniu Mariusza Szweda, finalisty programu \u201eMaster\nChef\u201d, przyci\u0105gn\u0119\u0142o ju\u017c od pocz\u0105tku rzesz\u0119 zainteresowanych.\nNa przeogromnej kwadratowej patelni polowej i r\u00f3wnie wielkim\npalenisku, na oczach zebranych stopniowo powstawa\u0142a wiosenna\npotrawa, kt\u00f3rej sk\u0142adnikiem zwie\u0144czaj\u0105cym dzie\u0142o mia\u0142a by\u0107\nstarta mozarella. P\u00f3ki co mistrz kuchni demonstrowa\u0142 ciasto na\npierogi, o kt\u00f3rego walorach, czyli barwie i elastyczno\u015bci,\ndecydowa\u0142o u\u017cycie \u015bmietany.<\/p>\n\n\n\n<p style=\"text-align:center\"><strong>Tropikalny deszcz<\/strong><\/p>\n\n\n\n<p>Wszystkie te czynno\u015bci i zabawy\nzosta\u0142y przerwane w spos\u00f3b do\u015b\u0107 nag\u0142y. Niebo pociemnia\u0142o i nad\nPark Skarbk\u00f3w nadci\u0105gn\u0119\u0142y g\u0119ste chmury, a wraz z nimi ulewa \u2013\nnabieraj\u0105ca stopniowo mocy i\u015bcie tropikalnej. Kto m\u00f3g\u0142, salwowa\u0142\nsi\u0119 ucieczk\u0105, m.in. do namiot\u00f3w OSP. Og\u0142uszaj\u0105ce pioruny\nceluj\u0105ce dooko\u0142a, ilo\u015bci wody jak pod wodospadem i woda\nchlupocz\u0105ca pod nogami, dooko\u0142a jedna \u015bciana deszczu, a nawet\nbombardowanie kulkami gradu \u2013 kogo nie by\u0142o wtedy na pikniku,\nniech \u017ca\u0142uje, bo mia\u0142 okazj\u0119 do\u015bwiadczy\u0107 Armagedonu. Heroizmem\nwykaza\u0142 si\u0119 pomocnik Mariusza Szweda, kt\u00f3ry w tak ekstremalnych\nokoliczno\u015bciach podk\u0142ada\u0142 ci\u0105gle do ognia i nie przerywa\u0142\nduszenia potrawy na wielkiej patelni. Pomimo, \u017ce obficie podlana\nzosta\u0142a deszcz\u00f3wk\u0105, smakowa\u0142a pono\u0107 nieodmiennie.<\/p>\n\n\n\n<p style=\"text-align:center\"><strong>Optymistyczne zako\u0144czenie<\/strong><\/p>\n\n\n\n<p>Nawa\u0142nica wi\u0119c przesz\u0142a, r\u00f3wnowaga\nw przyrodzie powr\u00f3ci\u0142a, dmucha\u0144ce ponownie napompowano, a piknik\ntrwa\u0142 zn\u00f3w w s\u0142o\u0144cu. Zaplanowany jako plenerowy koncert muzyki\ncountry w wykonaniu Andrzeja Ciernikowskiego przeniesiony zosta\u0142 do\nMediateki. Dowcip, humor i \u015bwietny kontakt wokalisty z publiczno\u015bci\u0105\noraz takie piosenki jak \u201eMoja droga ja Ci\u0119 kocham\u201d czy cover\nElvisa Presleya \u201eYou were always on my mind\u201d utrwali\u0142y\ns\u0142oneczn\u0105, optymistyczn\u0105 aur\u0119.<\/p>\n\n\n\n<p style=\"text-align:right\">Tekst i foto:<strong> (PS)<\/strong><\/p>\n","protected":false},"excerpt":{"rendered":"<p>W sobotnie popo\u0142udnie 8 czerwca w Parku Skarbk\u00f3w rozpocz\u0105\u0142 si\u0119 piknik regionalny z okazji 75-lecia Okr\u0119gowej Sp\u00f3\u0142dzielni Mleczarskiej w Grodzisku Mazowieckim. \u201e\u015awi\u0119to Mleka i Ser\u00f3w na Mazowszu\u201d mia\u0142o jednak przebieg zgo\u0142a niespodziewany. Wydarzenie rozpocz\u0119\u0142o si\u0119 tradycyjnie wyst\u0105pieniem burmistrza Grzegorza Benedykci\u0144skiego, kt\u00f3ry w celnych s\u0142owach podkre\u015bli\u0142 niepowstrzymany rozw\u00f3j grodziskiej OSM w realiach wolnego rynku. Z kolei [&hellip;]<\/p>\n","protected":false},"author":2,"featured_media":3168,"comment_status":"closed","ping_status":"open","sticky":false,"template":"","format":"standard","meta":{"footnotes":""},"categories":[8],"tags":[],"class_list":["post-3167","post","type-post","status-publish","format-standard","has-post-thumbnail","hentry","category-roznosci"],"_links":{"self":[{"href":"https:\/\/fleschmazowsza.com.pl\/index.php?rest_route=\/wp\/v2\/posts\/3167","targetHints":{"allow":["GET"]}}],"collection":[{"href":"https:\/\/fleschmazowsza.com.pl\/index.php?rest_route=\/wp\/v2\/posts"}],"about":[{"href":"https:\/\/fleschmazowsza.com.pl\/index.php?rest_route=\/wp\/v2\/types\/post"}],"author":[{"embeddable":true,"href":"https:\/\/fleschmazowsza.com.pl\/index.php?rest_route=\/wp\/v2\/users\/2"}],"replies":[{"embeddable":true,"href":"https:\/\/fleschmazowsza.com.pl\/index.php?rest_route=%2Fwp%2Fv2%2Fcomments&post=3167"}],"version-history":[{"count":1,"href":"https:\/\/fleschmazowsza.com.pl\/index.php?rest_route=\/wp\/v2\/posts\/3167\/revisions"}],"predecessor-version":[{"id":3169,"href":"https:\/\/fleschmazowsza.com.pl\/index.php?rest_route=\/wp\/v2\/posts\/3167\/revisions\/3169"}],"wp:featuredmedia":[{"embeddable":true,"href":"https:\/\/fleschmazowsza.com.pl\/index.php?rest_route=\/wp\/v2\/media\/3168"}],"wp:attachment":[{"href":"https:\/\/fleschmazowsza.com.pl\/index.php?rest_route=%2Fwp%2Fv2%2Fmedia&parent=3167"}],"wp:term":[{"taxonomy":"category","embeddable":true,"href":"https:\/\/fleschmazowsza.com.pl\/index.php?rest_route=%2Fwp%2Fv2%2Fcategories&post=3167"},{"taxonomy":"post_tag","embeddable":true,"href":"https:\/\/fleschmazowsza.com.pl\/index.php?rest_route=%2Fwp%2Fv2%2Ftags&post=3167"}],"curies":[{"name":"wp","href":"https:\/\/api.w.org\/{rel}","templated":true}]}}