{"id":3159,"date":"2019-06-14T12:30:57","date_gmt":"2019-06-14T11:30:57","guid":{"rendered":"http:\/\/fleschmazowsza.com.pl\/?p=3159"},"modified":"2019-06-14T12:30:59","modified_gmt":"2019-06-14T11:30:59","slug":"komunikacja-zabia-wola-chce-pociagow","status":"publish","type":"post","link":"https:\/\/fleschmazowsza.com.pl\/?p=3159","title":{"rendered":"KOMUNIKACJA. \u017babia Wola chce poci\u0105g\u00f3w"},"content":{"rendered":"\n<p><strong>Czy \u017babia Wola wkr\u00f3tce zyska po\u0142\u0105czenie kolejowe z Warszaw\u0105? Pojawi\u0142y si\u0119 takie inicjatywy. Urz\u0119dnicy gminy \u017babia Wola odbyli spotkanie z pe\u0142nomocnikiem rz\u0105du ds. Centralnego Portu Komunikacyjnego, Miko\u0142ajem Wildem. Rozmowy dotyczy\u0142y pomys\u0142u budowy linii kolejowej ci\u0105gn\u0105cej si\u0119 wzd\u0142u\u017c trasy Katowickiej.<\/strong><\/p>\n\n\n\n<p>Spotkanie odby\u0142o si\u0119 pod koniec kwietnia. W rozmowach wzi\u0119li\nudzia\u0142: w\u00f3jt \u017babiej Woli, Piotr Rybka oraz kierownik Referatu Pozyskiwania\n\u015arodk\u00f3w Zewn\u0119trznych, Marcin Tylczy\u0144ski. Dyskusja odby\u0142a si\u0119 w obecno\u015bci\nMiko\u0142aja Wilda. G\u0142\u00f3wnym tematem poruszanym podczas spotkania by\u0142a mo\u017cliwo\u015b\u0107\nbudowy po\u0142\u0105czenia kolejowego mi\u0119dzy \u017babi\u0105 Wol\u0105 a Warszaw\u0105, kt\u00f3re mia\u0142oby zosta\u0107\nulokowane wzd\u0142u\u017c trasy kolejowej do Lotniska Chopina.<\/p>\n\n\n\n<p>Pomys\u0142y ubiegania si\u0119 o realizacj\u0119 takiej inwestycji pojawia\u0142y si\u0119\nod dawna. Obecnie, projekt budowy Centralnego Portu Komunikacyjnego jest\nwsparciem dla inicjatyw stworzenia linii kolejowej. Infrastruktura umo\u017cliwi\u0142aby\n\u0142atwy i wygodny dojazd mieszka\u0144c\u00f3w do stolicy. Rozbudowa zaplecza\nkomunikacyjnego wok\u00f3\u0142 lotniska, kt\u00f3re ma powsta\u0107, jest okazj\u0105 do realizacji\npotrzeb gmin ulokowanych wzd\u0142u\u017c DK8.<\/p>\n\n\n\n<p>Na spotkaniu pojawi\u0142 si\u0119 tak\u017ce temat modernizacji linii nr 12\nSkierniewice \u2013 \u0141uk\u00f3w. W tym przypadku g\u0142\u00f3wnym postulatem by\u0142a inicjatywa\nstworzenia po\u0142\u0105czenia kolejowego z Warszaw\u0105. Ponadto, w\u0142adze \u017babiej Woli\nzabiegaj\u0105, aby na terenie gminy powsta\u0142 przystanek PKP oraz uruchomiony zosta\u0142\nprzew\u00f3z pasa\u017cer\u00f3w do Warszawy.<\/p>\n\n\n\n<p>Mieszka\u0144cy \u017babiej Woli oraz s\u0105siednich gmin nie kryj\u0105\nniezadowolenia z trudno\u015bci komunikacyjnych oraz braku bezpo\u015bredniego po\u0142\u0105czenia\nze stolic\u0105 za po\u015brednictwem miejskich \u015brodk\u00f3w transportu. \u017badne wi\u0105\u017c\u0105ce decyzje\nna razie nie zapad\u0142y, cho\u0107 pierwszy krok w kierunku realizacji lokalnych\npotrzeb zosta\u0142 poczyniony. Czas poka\u017ce, na ile postulaty b\u0119d\u0105 mo\u017cliwe do\nspe\u0142nienia.<\/p>\n\n\n\n<p style=\"text-align:right\"><strong>Aneta Czarnecka<\/strong><br>Fot.: <em><strong>www.kurierkolejowy.eu<\/strong><\/em><\/p>\n\n\n\n<figure class=\"wp-block-image\"><img loading=\"lazy\" decoding=\"async\" width=\"1024\" height=\"768\" src=\"http:\/\/fleschmazowsza.com.pl\/wp-content\/uploads\/2019\/06\/kolej-1024x768.jpg\" alt=\"\" class=\"wp-image-3160\" srcset=\"https:\/\/fleschmazowsza.com.pl\/wp-content\/uploads\/2019\/06\/kolej-1024x768.jpg 1024w, https:\/\/fleschmazowsza.com.pl\/wp-content\/uploads\/2019\/06\/kolej-300x225.jpg 300w, https:\/\/fleschmazowsza.com.pl\/wp-content\/uploads\/2019\/06\/kolej-768x576.jpg 768w\" sizes=\"auto, (max-width: 1024px) 100vw, 1024px\" \/><\/figure>\n","protected":false},"excerpt":{"rendered":"<p>Czy \u017babia Wola wkr\u00f3tce zyska po\u0142\u0105czenie kolejowe z Warszaw\u0105? Pojawi\u0142y si\u0119 takie inicjatywy. Urz\u0119dnicy gminy \u017babia Wola odbyli spotkanie z pe\u0142nomocnikiem rz\u0105du ds. Centralnego Portu Komunikacyjnego, Miko\u0142ajem Wildem. Rozmowy dotyczy\u0142y pomys\u0142u budowy linii kolejowej ci\u0105gn\u0105cej si\u0119 wzd\u0142u\u017c trasy Katowickiej. Spotkanie odby\u0142o si\u0119 pod koniec kwietnia. W rozmowach wzi\u0119li udzia\u0142: w\u00f3jt \u017babiej Woli, Piotr Rybka oraz [&hellip;]<\/p>\n","protected":false},"author":2,"featured_media":0,"comment_status":"closed","ping_status":"open","sticky":false,"template":"","format":"standard","meta":{"footnotes":""},"categories":[5],"tags":[],"class_list":["post-3159","post","type-post","status-publish","format-standard","hentry","category-wiadomosci"],"_links":{"self":[{"href":"https:\/\/fleschmazowsza.com.pl\/index.php?rest_route=\/wp\/v2\/posts\/3159","targetHints":{"allow":["GET"]}}],"collection":[{"href":"https:\/\/fleschmazowsza.com.pl\/index.php?rest_route=\/wp\/v2\/posts"}],"about":[{"href":"https:\/\/fleschmazowsza.com.pl\/index.php?rest_route=\/wp\/v2\/types\/post"}],"author":[{"embeddable":true,"href":"https:\/\/fleschmazowsza.com.pl\/index.php?rest_route=\/wp\/v2\/users\/2"}],"replies":[{"embeddable":true,"href":"https:\/\/fleschmazowsza.com.pl\/index.php?rest_route=%2Fwp%2Fv2%2Fcomments&post=3159"}],"version-history":[{"count":1,"href":"https:\/\/fleschmazowsza.com.pl\/index.php?rest_route=\/wp\/v2\/posts\/3159\/revisions"}],"predecessor-version":[{"id":3161,"href":"https:\/\/fleschmazowsza.com.pl\/index.php?rest_route=\/wp\/v2\/posts\/3159\/revisions\/3161"}],"wp:attachment":[{"href":"https:\/\/fleschmazowsza.com.pl\/index.php?rest_route=%2Fwp%2Fv2%2Fmedia&parent=3159"}],"wp:term":[{"taxonomy":"category","embeddable":true,"href":"https:\/\/fleschmazowsza.com.pl\/index.php?rest_route=%2Fwp%2Fv2%2Fcategories&post=3159"},{"taxonomy":"post_tag","embeddable":true,"href":"https:\/\/fleschmazowsza.com.pl\/index.php?rest_route=%2Fwp%2Fv2%2Ftags&post=3159"}],"curies":[{"name":"wp","href":"https:\/\/api.w.org\/{rel}","templated":true}]}}