{"id":3151,"date":"2019-06-03T14:34:32","date_gmt":"2019-06-03T13:34:32","guid":{"rendered":"http:\/\/fleschmazowsza.com.pl\/?p=3151"},"modified":"2019-06-03T14:34:34","modified_gmt":"2019-06-03T13:34:34","slug":"sami-mozemy-chronic-klimat","status":"publish","type":"post","link":"https:\/\/fleschmazowsza.com.pl\/?p=3151","title":{"rendered":"Sami mo\u017cemy chroni\u0107 klimat"},"content":{"rendered":"\n<p><strong>W podkowia\u0144skim Pa\u0142acyku Kasyno go\u015bci\u0142 dr Witold Lenart z Uniwersytetu Warszawskiego \u2013 klimatolog, ekspert w dziedzinie zmian klimatycznych. Wyg\u0142osi\u0142 arcyciekaw\u0105 prelekcj\u0119 na temat globalnego ocieplenia oraz b\u0119d\u0105cych jego nast\u0119pstwem zmian klimatu. Obraz przedstawiony przez dr Lenarta jest alarmuj\u0105cy a wnioski s\u0105 takie, \u017ce trzeba dzia\u0142a\u0107 niezw\u0142ocznie, zar\u00f3wno globalnie, jak i na w\u0142asnym podw\u00f3rku.<\/strong><\/p>\n\n\n\n<p>Prelegent wspomnia\u0142 o dw\u00f3ch istotnych\nwydarzeniach. Po pierwsze, majowy szczyt Unii Europejskiej w Rumunii\npokaza\u0142, \u017ce Polska jest na szarym ko\u0144cu, je\u015bli chodzi o ochron\u0119\nklimatu. W por\u00f3wnaniu z najskuteczniejszymi krajami Polska\nzrealizowa\u0142a tylko 1\/4 zalecanych dzia\u0142a\u0144. Ograniczenie emisji\ngaz\u00f3w cieplarnianych, uznawanych za przyczyn\u0119 globalnego ocieplenia\n\u2013 kwitnie w naszym kraju g\u0142\u00f3wnie na papierze i rozkwita w\nintencjach. Szybkich i sprawnych dzia\u0142a\u0144 brakuje. A przecie\u017c\npolski klimat te\u017c ju\u017c si\u0119 zmieni\u0142 \u2013 wszyscy odczuwamy, \u017ce\npogoda jest niestabilna, nieprzewidywalna, inna.<\/p>\n\n\n\n<p style=\"text-align:center\"><strong>Alarmuj\u0105ce zjawisko<\/strong><\/p>\n\n\n\n<p>Po drugie, trzeba zwr\u00f3ci\u0107 uwag\u0119 na\nwydarzenie odleg\u0142e od nas, a znamienne. Tegoroczny, marcowy cyklon w\nMozambiku u po\u0142udniowo-wschodnich wybrze\u017cy Afryki to z punktu\nwidzenia klimatolog\u00f3w wydarzenie niezwykle istotne, mo\u017cna\npowiedzie\u0107 \u2013 o historycznym znaczeniu. W dziejach obserwacji\nklimatologicznych nigdy jeszcze cyklony tropikalne nie dociera\u0142y a\u017c\ntak daleko na zach\u00f3d w\u00f3d Oceanu Indyjskiego. Nie by\u0142y a\u017c tak\npot\u0119\u017cne i nie wdziera\u0142y si\u0119 tak daleko w g\u0142\u0105b l\u0105du.\nEkstremalne zjawiska klimatyczne ewidentnie narastaj\u0105.<\/p>\n\n\n\n<p style=\"text-align:center\"><strong>Bezdyskusyjny fakt<\/strong><\/p>\n\n\n\n<p>Globalne ocieplenie jest bezdyskusyjnym\nfaktem. Pomiary pokazuj\u0105, \u017ce przez ostatnie 70 lat wsz\u0119dzie na\nZiemi, w ka\u017cdym miejscu naszej planety, temperatura wzrasta, cho\u0107\nnier\u00f3wnomiernie. Za antropogenn\u0105, czyli pochodn\u0105 od cz\u0142owieka\nprzyczyn\u0119 globalnego ocieplenia uznaje si\u0119 emisj\u0119 gaz\u00f3w\ncieplarnianych do atmosfery: g\u0142\u00f3wnie dwutlenku w\u0119gla i metanu.\nGazy cieplarniane, kt\u00f3rych wsp\u00f3ln\u0105 cech\u0105 jest zdolno\u015b\u0107\npoch\u0142aniania i zatrzymywania ciep\u0142a, s\u0105 w naturalny spos\u00f3b obecne\nw atmosferze ziemskiej. Jednak od czas\u00f3w rewolucji przemys\u0142owej na\nprze\u0142omie XVIII i XIX w. koncentracja dwutlenku w\u0119gla i metanu w\natmosferze znacz\u0105co wzros\u0142a i ro\u015bnie nadal. Rozw\u00f3j cywilizacyjny\ni gospodarczy oparty na spalaniu paliw kopalnych: w\u0119gla, ropy\nnaftowej i gazu ziemnego spowodowa\u0142 daleko id\u0105ce skutki\nklimatyczne. \n<\/p>\n\n\n\n<p style=\"text-align:center\"><strong>Zacznij od siebie!<\/strong><\/p>\n\n\n\n<p>Co\nmo\u017cna robi\u0107 w tej sytuacji na w\u0142asnym podw\u00f3rku, r\u00f3wnolegle do\ndzia\u0142a\u0144 globalnych? Przede wszystkim trzeba zacz\u0105\u0107 wdra\u017ca\u0107\nekologiczne i energooszcz\u0119dne rozwi\u0105zania w swoim domu lub\nmieszkaniu. Pompa ciep\u0142a (polskiej produkcji, z poziomym pozyskaniem\nciep\u0142a z gruntu) jako \u017ar\u00f3d\u0142o ogrzewania, fotowoltaika w roli\nprywatnej elektrowni, kolektory s\u0142oneczne jako \u017ar\u00f3d\u0142o ciep\u0142ej\nwody \u2013 to rozwi\u0105zania, kt\u00f3re w polskich warunkach geologicznych i\nsolarnych dobrze si\u0119 sprawdz\u0105, nale\u017cy je tylko starannie\nzaplanowa\u0107. Jest niewykluczone, \u017ce doradztwo energetyczne w tym\nzakresie znajdziemy we w\u0142asnym Urz\u0119dzie Miasta (lub Gminy), je\u015bli\nnie teraz, to ju\u017c niebawem. Ciep\u0142y sweter w mieszkaniu zamiast\nrozkr\u0119conego grzejnika, pierzyna i sypialnia sch\u0142odzona do\ntemperatury 17\u00b0C, zakup uniwersalnego wy\u0142\u0105cznika do wszystkich\nurz\u0105dze\u0144 elektrycznych i ods\u0142oni\u0119te okna przepuszczaj\u0105ce\nmaksimum \u015bwiat\u0142a s\u0142onecznego \u2013 pomog\u0105 zaoszcz\u0119dzi\u0107 i energi\u0119,\ni pieni\u0105dze.<\/p>\n\n\n\n<p style=\"text-align:center\"><strong>Dieta w obronie klimatu<\/strong><\/p>\n\n\n\n<p>Na ile to tylko mo\u017cliwe warto\nograniczy\u0107, a najlepiej przesta\u0107 je\u015b\u0107 w og\u00f3le mi\u0119so du\u017cych\nzwierz\u0105t hodowlanych, maj\u0105c na uwadze, \u017ce za ponad po\u0142ow\u0119 emisji\nmetanu na Ziemi odpowiedzialna jest hodowla na skal\u0119 masow\u0105. Trzeba\nkoniecznie sadzi\u0107 drzewa i to jak najwi\u0119cej, a najlepiej ca\u0142e lasy\n\u2013 w okresie wzrostu ro\u015bliny poch\u0142aniaj\u0105 du\u017ce ilo\u015bci dwutlenku\nw\u0119gla. Rozs\u0105dnie by\u0142oby zrezygnowa\u0107 z kupowania plastikowych\ngad\u017cet\u00f3w, bez kt\u00f3rych tak naprawd\u0119 mo\u017cemy si\u0119 obej\u015b\u0107 \u2013 do\nich wyprodukowania potrzeba du\u017co energii. \n<\/p>\n\n\n\n<p>To tylko przyk\u0142adowe dzia\u0142ania\nproekologiczne, kt\u00f3re warto podejmowa\u0107 jednostkowo, aby nie\npozostawa\u0107 bezczynnym w obliczu klimatycznego zagro\u017cenia.\nMo\u017cliwo\u015bci jest du\u017co wi\u0119cej. Istot\u0105 jest edukacja, pokonywanie\nbarier, dzia\u0142ania indywidualne i zbiorowe. Na pewno nie mo\u017cna\nliczy\u0107 na procesy autoregulacyjne w przyrodzie, tempo zmian\nklimatycznych jest zbyt szybkie, sama natura ju\u017c sobie z tym nie\nporadzi.<\/p>\n\n\n\n<p style=\"text-align:right\">Tekst i foto: <strong>(PS)<\/strong><\/p>\n","protected":false},"excerpt":{"rendered":"<p>W podkowia\u0144skim Pa\u0142acyku Kasyno go\u015bci\u0142 dr Witold Lenart z Uniwersytetu Warszawskiego \u2013 klimatolog, ekspert w dziedzinie zmian klimatycznych. Wyg\u0142osi\u0142 arcyciekaw\u0105 prelekcj\u0119 na temat globalnego ocieplenia oraz b\u0119d\u0105cych jego nast\u0119pstwem zmian klimatu. Obraz przedstawiony przez dr Lenarta jest alarmuj\u0105cy a wnioski s\u0105 takie, \u017ce trzeba dzia\u0142a\u0107 niezw\u0142ocznie, zar\u00f3wno globalnie, jak i na w\u0142asnym podw\u00f3rku. Prelegent wspomnia\u0142 [&hellip;]<\/p>\n","protected":false},"author":2,"featured_media":3152,"comment_status":"closed","ping_status":"open","sticky":false,"template":"","format":"standard","meta":{"footnotes":""},"categories":[9,6],"tags":[],"class_list":["post-3151","post","type-post","status-publish","format-standard","has-post-thumbnail","hentry","category-edukacja","category-kultura"],"_links":{"self":[{"href":"https:\/\/fleschmazowsza.com.pl\/index.php?rest_route=\/wp\/v2\/posts\/3151","targetHints":{"allow":["GET"]}}],"collection":[{"href":"https:\/\/fleschmazowsza.com.pl\/index.php?rest_route=\/wp\/v2\/posts"}],"about":[{"href":"https:\/\/fleschmazowsza.com.pl\/index.php?rest_route=\/wp\/v2\/types\/post"}],"author":[{"embeddable":true,"href":"https:\/\/fleschmazowsza.com.pl\/index.php?rest_route=\/wp\/v2\/users\/2"}],"replies":[{"embeddable":true,"href":"https:\/\/fleschmazowsza.com.pl\/index.php?rest_route=%2Fwp%2Fv2%2Fcomments&post=3151"}],"version-history":[{"count":1,"href":"https:\/\/fleschmazowsza.com.pl\/index.php?rest_route=\/wp\/v2\/posts\/3151\/revisions"}],"predecessor-version":[{"id":3153,"href":"https:\/\/fleschmazowsza.com.pl\/index.php?rest_route=\/wp\/v2\/posts\/3151\/revisions\/3153"}],"wp:featuredmedia":[{"embeddable":true,"href":"https:\/\/fleschmazowsza.com.pl\/index.php?rest_route=\/wp\/v2\/media\/3152"}],"wp:attachment":[{"href":"https:\/\/fleschmazowsza.com.pl\/index.php?rest_route=%2Fwp%2Fv2%2Fmedia&parent=3151"}],"wp:term":[{"taxonomy":"category","embeddable":true,"href":"https:\/\/fleschmazowsza.com.pl\/index.php?rest_route=%2Fwp%2Fv2%2Fcategories&post=3151"},{"taxonomy":"post_tag","embeddable":true,"href":"https:\/\/fleschmazowsza.com.pl\/index.php?rest_route=%2Fwp%2Fv2%2Ftags&post=3151"}],"curies":[{"name":"wp","href":"https:\/\/api.w.org\/{rel}","templated":true}]}}