{"id":3139,"date":"2019-05-17T11:34:43","date_gmt":"2019-05-17T10:34:43","guid":{"rendered":"http:\/\/fleschmazowsza.com.pl\/?p=3139"},"modified":"2019-05-17T11:34:45","modified_gmt":"2019-05-17T10:34:45","slug":"noc-muzeow-w-pruszkowie","status":"publish","type":"post","link":"https:\/\/fleschmazowsza.com.pl\/?p=3139","title":{"rendered":"Noc Muze\u00f3w w Pruszkowie"},"content":{"rendered":"\n<p><strong>W najbli\u017csz\u0105 sobot\u0119 18 maja w ca\u0142ej Polsce odbywa\u0107 si\u0119 b\u0119dzie kolejna edycja Nocy Muze\u00f3w. Z tek okazji w\u0142adze Pruszkowa zapraszaj\u0105 wszystkich Mieszka\u0144c\u00f3w oraz Go\u015bci do skorzystania z oferty pruszkowskich instytucji, kt\u00f3re z taj okazji przygotowa\u0142y wiele ciekawych atrakcji.<\/strong><\/p>\n\n\n\n<p><strong>W Urz\u0119dzie Miasta Pruszkowa <\/strong>przy ul. Kraszewskiego 14\/16,\nw godzinach 19:00 \u2013 1:00 dost\u0119pne b\u0119d\u0105: gabinet Prezydenta,\ngabinety zast\u0119pc\u00f3w Prezydenta, sekretariat i sala konferencyjna.<\/p>\n\n\n\n<p><strong>Muzeum Staro\u017cytnego Hutnictwa Mazowieckiego <\/strong>z siedzib\u0105\nprzy Placu Jana Paw\u0142a II 2 w godzinach 17:00 \u2013 1:00 zaprasza na\n\u201eNoc z Celtami\u201d. Poznamy \u017cycie codzienne niezwyk\u0142ego ludu oraz\nrol\u0119, jak\u0105 odegra\u0142 on w rozwoju cywilizacyjnym ziem Polski. Muzeum\nstanie si\u0119 aren\u0105 dyskusji, wyk\u0142ad\u00f3w, zaj\u0119\u0107 warsztatowych,\npokaz\u00f3w, gier i zabaw. Uczestnicy dowiedz\u0105 si\u0119, gdzie mo\u017cna si\u0119\nnatkn\u0105\u0107 na \u015blady Celt\u00f3w; czy mieli oni wp\u0142yw na rozw\u00f3j\nmetalurgii \u017celaza na Mazowszu, co im zawdzi\u0119czamy opr\u00f3cz no\u017cyc,\nkleszczy i ko\u0142a garncarskiego.<\/p>\n\n\n\n<p>Do dyspozycji zwiedzaj\u0105cych b\u0119dzie sta\u0142a wystawa \u201ePrzed\u015bwit.\nMazowieckie Centrum Metalurgiczne z prze\u0142omu er\u201d.<\/p>\n\n\n\n<p><strong>Muzeum Dulag 121 <\/strong>przy ul. 3 Maja 8a ju\u017c od godziny 15:00\nzamieni si\u0119 w Jednodniowe Muzeum \u017bbikowa.Na specjalnej\nwystawie znajd\u0105 si\u0119 materia\u0142y Muzeum dotycz\u0105ce \u017bbikowa,\nfotografie ze zbior\u00f3w Ksi\u0105\u017cnicy Pruszkowskiej i zasob\u00f3w\nprywatnych. Tereny robotniczego \u017bbikowka i by\u0142ego obozu\nprzej\u015bciowego b\u0119dzie mo\u017cna zwiedzi\u0107 z przewodnikiem. Do\ndyspozycji odwiedzaj\u0105cych kawiarnia historyczno-literacka\n\u201eWarsztatowa\u201d.<\/p>\n\n\n\n<p><strong>Ksi\u0105\u017cnica Pruszkowska <\/strong>otworzy swoje podwoje w godzinach\n19:00 \u2013 1:00. Dla tych z Czytelnik\u00f3w, kt\u00f3rzy maj\u0105 powa\u017cne\nzaleg\u0142o\u015bci w odwiedzaniu tego typu obiekt\u00f3w, b\u0119dzie to doskona\u0142a\nokazja, by przypomnie\u0107 sobie, jak wygl\u0105da biblioteka \u201eod \u015brodka\u201d\ni do czego s\u0142u\u017cy.<\/p>\n\n\n\n<p>Zapraszamy do wypo\u017cyczalni i czytelni przy ulicy Kraszewskiego\n13.<\/p>\n\n\n\n<p><strong>Ksi\u0105\u017ckowe Wymianki Pruszk\u00f3w <\/strong>to cykliczne spotkania, na\nkt\u00f3rych wymieniamy si\u0119 ksi\u0105\u017ckami. Wszystkich mi\u0142o\u015bnik\u00f3w\nksi\u0105\u017cek zapraszamy na wymianki, na kt\u00f3rych mog\u0105 Pa\u0144stwo upolowa\u0107\ndobr\u0105 ksi\u0105\u017ck\u0119 i mi\u0142o sp\u0119dzi\u0107 czas. W \u201eNoc Muze\u00f3w\u201d\nzapraszamy do Urz\u0119du Miasta Pruszkowa w godzinach 19:00 \u2013 1:00 ,\nul. Kraszewskiego 14\/16.<\/p>\n\n\n\n<p><strong>Zesp\u00f3\u0142 Ta\u0144ca Ludowego \u201ePruszkowiacy\u201d <\/strong>zaprasza w t\u0119\nnoc na Plac Jana Paw\u0142a II, gdzie zaprezentuje wystaw\u0119 jubileuszow\u0105\nna czterdziestolecie istnienia Zespo\u0142u. Ju\u017c od godziny 18.00 b\u0119dzie\nmo\u017cna podziwia\u0107 m.in. fotografie dokumentuj\u0105ce dokonania Zespo\u0142u,\nkt\u00f3ry w tym roku zaczyna pi\u0105t\u0105 dekad\u0119 dzia\u0142alno\u015bci.<\/p>\n\n\n\n<p>Pracownie artystyczne <strong>Miejskiego O\u015brodka Kultury <\/strong>b\u0119d\u0105\notwarte w godzinach 19:00 \u2013 1:00. B\u0119dzie to okazja do odwiedzenia\n\u201eKamyka\u201d w jego nowej siedzibie urz\u0105dzonej w Centrum Dziedzictwa\nKulturowego przy ul. Bohater\u00f3w Warszawy 4.<\/p>\n\n\n\n<p>Tegoroczna Noc Muze\u00f3w b\u0119dzie okazj\u0105 do obejrzenia\nnajwa\u017cniejszego obiektu historycznego Pruszkowa. Otwarty b\u0119dzie\ndw\u00f3r hr. Potulickich przy Placu Jana Paw\u0142a II 1, mieszcz\u0105cy dzi\u015b\n<strong>Urz\u0105d Stanu Cywilnego<\/strong>. Jego wn\u0119trza dost\u0119pne b\u0119d\u0105 w\ngodzinach 19:00 \u2013 1:00.<\/p>\n\n\n\n<p><strong>P\u0142ywalnia \u201eKapry\u201d <\/strong>przy ul. Andrzeja 3 b\u0119dzie\nudost\u0119pniona od godziny 22:00 do 1:00. B\u0119dzie mo\u017cna pozna\u0107\nurz\u0105dzenia, dzi\u0119ki kt\u00f3rym funkcjonuje basen, wyposa\u017cenie\nratownicze i medyczne. Do obejrzenia mini wystawa obraz\u00f3w o tematyce\nk\u0105pielowej i p\u0142ywackiej przed 1939 r., kronika P\u0142ywalni i galeria\nzdj\u0119\u0107. B\u0119dzie te\u017c spotkanie z ekspertem w dziedzinie historii\npruszkowskiego sportu.<\/p>\n\n\n\n<p><strong>Centrum Kultury i Sportu <\/strong>ul. Bohater\u00f3w Warszawy 4 zaprasza\nna \u015bciank\u0119 wspinaczkow\u0105. Nocne wspinanie (z instruktorem)\nrozpocznie si\u0119 o godzinie 19:00 (ostatnie wspinanie o godz. 24:00<strong>)<\/strong>.\nWej\u015bcia wed\u0142ug kolejno\u015bci zg\u0142osze\u0144 w Noc Muze\u00f3w.<\/p>\n\n\n\n<p>Na zlecenie Urz\u0119du Miasta Pruszkowa uruchomione b\u0119d\u0105 <strong>specjalne\nautobusy<\/strong>. Ich trasy uwzgl\u0119dni\u0105 wszystkie instytucje bior\u0105ce\nudzia\u0142 w Pruszkowskiej Nocy Muze\u00f3w oraz stacje PKP i WKD. Pierwszy\nautobus z p\u0119tli przy Al. Wojska Polskiego wyruszy o godz. 18:30;\nostatni o godz. 0:30. Odjazdy z cz\u0119stotliwo\u015bci\u0105 co p\u00f3\u0142 godziny.\nW stron\u0119 przeciwn\u0105 pierwszy autobus z G\u0105sina (ul. Przejazdowa)\nodjedzie o godz. 18:00; ostatni o godz. 1:00 po p\u00f3\u0142nocy.<\/p>\n\n\n\n<p>Przejazdy autobusami i wst\u0119p do instytucji \u2013 bezp\u0142atny.<\/p>\n\n\n\n<p style=\"text-align:right\">Przygotowa\u0142 <strong>(mg)<\/strong> na podstawie <em><strong>www.pruszkow.pl<\/strong><\/em><\/p>\n","protected":false},"excerpt":{"rendered":"<p>W najbli\u017csz\u0105 sobot\u0119 18 maja w ca\u0142ej Polsce odbywa\u0107 si\u0119 b\u0119dzie kolejna edycja Nocy Muze\u00f3w. Z tek okazji w\u0142adze Pruszkowa zapraszaj\u0105 wszystkich Mieszka\u0144c\u00f3w oraz Go\u015bci do skorzystania z oferty pruszkowskich instytucji, kt\u00f3re z taj okazji przygotowa\u0142y wiele ciekawych atrakcji. W Urz\u0119dzie Miasta Pruszkowa przy ul. Kraszewskiego 14\/16, w godzinach 19:00 \u2013 1:00 dost\u0119pne b\u0119d\u0105: gabinet [&hellip;]<\/p>\n","protected":false},"author":2,"featured_media":3140,"comment_status":"closed","ping_status":"open","sticky":false,"template":"","format":"standard","meta":{"footnotes":""},"categories":[9,6,5],"tags":[],"class_list":["post-3139","post","type-post","status-publish","format-standard","has-post-thumbnail","hentry","category-edukacja","category-kultura","category-wiadomosci"],"_links":{"self":[{"href":"https:\/\/fleschmazowsza.com.pl\/index.php?rest_route=\/wp\/v2\/posts\/3139","targetHints":{"allow":["GET"]}}],"collection":[{"href":"https:\/\/fleschmazowsza.com.pl\/index.php?rest_route=\/wp\/v2\/posts"}],"about":[{"href":"https:\/\/fleschmazowsza.com.pl\/index.php?rest_route=\/wp\/v2\/types\/post"}],"author":[{"embeddable":true,"href":"https:\/\/fleschmazowsza.com.pl\/index.php?rest_route=\/wp\/v2\/users\/2"}],"replies":[{"embeddable":true,"href":"https:\/\/fleschmazowsza.com.pl\/index.php?rest_route=%2Fwp%2Fv2%2Fcomments&post=3139"}],"version-history":[{"count":1,"href":"https:\/\/fleschmazowsza.com.pl\/index.php?rest_route=\/wp\/v2\/posts\/3139\/revisions"}],"predecessor-version":[{"id":3141,"href":"https:\/\/fleschmazowsza.com.pl\/index.php?rest_route=\/wp\/v2\/posts\/3139\/revisions\/3141"}],"wp:featuredmedia":[{"embeddable":true,"href":"https:\/\/fleschmazowsza.com.pl\/index.php?rest_route=\/wp\/v2\/media\/3140"}],"wp:attachment":[{"href":"https:\/\/fleschmazowsza.com.pl\/index.php?rest_route=%2Fwp%2Fv2%2Fmedia&parent=3139"}],"wp:term":[{"taxonomy":"category","embeddable":true,"href":"https:\/\/fleschmazowsza.com.pl\/index.php?rest_route=%2Fwp%2Fv2%2Fcategories&post=3139"},{"taxonomy":"post_tag","embeddable":true,"href":"https:\/\/fleschmazowsza.com.pl\/index.php?rest_route=%2Fwp%2Fv2%2Ftags&post=3139"}],"curies":[{"name":"wp","href":"https:\/\/api.w.org\/{rel}","templated":true}]}}