{"id":3121,"date":"2019-04-30T12:14:11","date_gmt":"2019-04-30T11:14:11","guid":{"rendered":"http:\/\/fleschmazowsza.com.pl\/?p=3121"},"modified":"2019-04-30T12:14:13","modified_gmt":"2019-04-30T11:14:13","slug":"symbol-szczescia-i-dostatku","status":"publish","type":"post","link":"https:\/\/fleschmazowsza.com.pl\/?p=3121","title":{"rendered":"Symbol szcz\u0119\u015bcia i dostatku"},"content":{"rendered":"\n<p><strong>Kolejna edycja Festiwalu Kolor\u00f3w w Grodzisku Mazowieckim ju\u017c wkr\u00f3tce. Stawy Walczewskiego ponownie stan\u0105 si\u0119 feeri\u0105 kolor\u00f3w i barw. W wydarzeniu b\u0119d\u0105 mog\u0142y wzi\u0105\u0107 udzia\u0142 ca\u0142e rodziny. Zwariowana impreza, Color Fest Party jest form\u0105 plenerowego happeningu, kt\u00f3ra w nietypowy spos\u00f3b jednoczy ludzi w ka\u017cdym wieku i pozwala \u015bwietnie si\u0119 bawi\u0107.  <\/strong><\/p>\n\n\n\n<p>\nUbieg\u0142oroczna edycja, kt\u00f3ra mia\u0142a miejsce w sierpniu, zgromadzi\u0142a\nwielu mieszka\u0144c\u00f3w Grodziska oraz okolic, kt\u00f3rzy ch\u0119tnie wzi\u0119li\nudzia\u0142 w \u015awi\u0119cie Kolor\u00f3w. Mo\u017cna si\u0119 spodziewa\u0107, \u017ce i w tym\nroku b\u0119dzie podobnie. Bezp\u0142atna, plenerowa atrakcja muzyczna\nzaprasza osoby w ka\u017cdym wieku, kt\u00f3re chc\u0105 rado\u015bnie sp\u0119dzi\u0107 czas\nw towarzystwie t\u0119czowych barw. Inspiracja do organizowania w Polsce\ntego typu imprez pochodzi z Indii. Celebracja tego \u015bwi\u0119ta odbywa\nsi\u0119 tam w podobny spos\u00f3b i jest symbolem szcz\u0119\u015bcia i dostatku. \n<\/p>\n\n\n\n<p>Festiwal Kolor\u00f3w polega na obsypywaniu\nsi\u0119 nawzajem kolorowym proszkiem oraz malowaniu. Towarzysz\u0105 temu\ntak\u017ce barwne serpentyny, balony, a ca\u0142o\u015b\u0107 okraszona jest radosn\u0105\nmuzyk\u0105. Podczas wydarzenia mo\u017cliwe b\u0119dzie zjedzenie kolorowych\nlod\u00f3w lub waty cukrowej. \n<\/p>\n\n\n\n<p>Impreza odb\u0119dzie si\u0119 22 czerwca w\ngodzinach 15.00-22.00. B\u0119dzie to fantastyczny spos\u00f3b na  powitanie\nlata. Wydarzenie jest obj\u0119te honorowym patronatem Burmistrza Miasta\ni Gminy Grodziska Mazowieckiego. Wst\u0119p jest wolny. Nie mo\u017ce nikogo\nzabrakn\u0105\u0107 na tym zwariowanym wydarzeniu. \n<\/p>\n\n\n\n<p style=\"text-align:right\"><strong>Aneta Czarnecka<\/strong><br>Fot.: <em><strong>https:\/\/www.facebook.com\/pg\/Festiwal.Kolorow<\/strong><\/em><\/p>\n","protected":false},"excerpt":{"rendered":"<p>Kolejna edycja Festiwalu Kolor\u00f3w w Grodzisku Mazowieckim ju\u017c wkr\u00f3tce. Stawy Walczewskiego ponownie stan\u0105 si\u0119 feeri\u0105 kolor\u00f3w i barw. W wydarzeniu b\u0119d\u0105 mog\u0142y wzi\u0105\u0107 udzia\u0142 ca\u0142e rodziny. Zwariowana impreza, Color Fest Party jest form\u0105 plenerowego happeningu, kt\u00f3ra w nietypowy spos\u00f3b jednoczy ludzi w ka\u017cdym wieku i pozwala \u015bwietnie si\u0119 bawi\u0107. Ubieg\u0142oroczna edycja, kt\u00f3ra mia\u0142a miejsce w [&hellip;]<\/p>\n","protected":false},"author":2,"featured_media":3122,"comment_status":"closed","ping_status":"open","sticky":false,"template":"","format":"standard","meta":{"footnotes":""},"categories":[6,8],"tags":[],"class_list":["post-3121","post","type-post","status-publish","format-standard","has-post-thumbnail","hentry","category-kultura","category-roznosci"],"_links":{"self":[{"href":"https:\/\/fleschmazowsza.com.pl\/index.php?rest_route=\/wp\/v2\/posts\/3121","targetHints":{"allow":["GET"]}}],"collection":[{"href":"https:\/\/fleschmazowsza.com.pl\/index.php?rest_route=\/wp\/v2\/posts"}],"about":[{"href":"https:\/\/fleschmazowsza.com.pl\/index.php?rest_route=\/wp\/v2\/types\/post"}],"author":[{"embeddable":true,"href":"https:\/\/fleschmazowsza.com.pl\/index.php?rest_route=\/wp\/v2\/users\/2"}],"replies":[{"embeddable":true,"href":"https:\/\/fleschmazowsza.com.pl\/index.php?rest_route=%2Fwp%2Fv2%2Fcomments&post=3121"}],"version-history":[{"count":1,"href":"https:\/\/fleschmazowsza.com.pl\/index.php?rest_route=\/wp\/v2\/posts\/3121\/revisions"}],"predecessor-version":[{"id":3123,"href":"https:\/\/fleschmazowsza.com.pl\/index.php?rest_route=\/wp\/v2\/posts\/3121\/revisions\/3123"}],"wp:featuredmedia":[{"embeddable":true,"href":"https:\/\/fleschmazowsza.com.pl\/index.php?rest_route=\/wp\/v2\/media\/3122"}],"wp:attachment":[{"href":"https:\/\/fleschmazowsza.com.pl\/index.php?rest_route=%2Fwp%2Fv2%2Fmedia&parent=3121"}],"wp:term":[{"taxonomy":"category","embeddable":true,"href":"https:\/\/fleschmazowsza.com.pl\/index.php?rest_route=%2Fwp%2Fv2%2Fcategories&post=3121"},{"taxonomy":"post_tag","embeddable":true,"href":"https:\/\/fleschmazowsza.com.pl\/index.php?rest_route=%2Fwp%2Fv2%2Ftags&post=3121"}],"curies":[{"name":"wp","href":"https:\/\/api.w.org\/{rel}","templated":true}]}}