{"id":3108,"date":"2019-04-30T10:50:04","date_gmt":"2019-04-30T09:50:04","guid":{"rendered":"http:\/\/fleschmazowsza.com.pl\/?p=3108"},"modified":"2019-04-30T11:00:20","modified_gmt":"2019-04-30T10:00:20","slug":"fundusze-na-szkolne-e-pracownie","status":"publish","type":"post","link":"https:\/\/fleschmazowsza.com.pl\/?p=3108","title":{"rendered":"Fundusze na szkolne e-pracownie"},"content":{"rendered":"\n<p style=\"text-align:left\"><strong>Z kasy Mazowsza znowu mo\u017ce wp\u0142yn\u0105\u0107 suma, kt\u00f3ra zasili bud\u017cet samorz\u0105d\u00f3w. Tym razem dofinansowanie ma dotyczy\u0107 rozwoju pracowni informatycznych i j\u0119zykowych oraz modernizacji tych, kt\u00f3re ju\u017c funkcjonuj\u0105. Do podzia\u0142u b\u0119dzie oko\u0142o pi\u0119\u0107 milion\u00f3w z\u0142otych.  <\/strong><\/p>\n\n\n\n<p>Mazowiecki Program Dofinansowania\nPracowni Informatycznych i J\u0119zykowych jest projektem, kt\u00f3ry\nobejmuje teren wojew\u00f3dztwa mazowieckiego. Pomys\u0142 skierowany jest\ng\u0142\u00f3wnie do dzieci i m\u0142odzie\u017cy, kt\u00f3rzy w najwi\u0119kszym stopniu\nkorzystaj\u0105 z obiekt\u00f3w tego rodzaju. Program dotyczy gmin, powiat\u00f3w\noraz miast na prawach powiatu.<\/p>\n\n\n\n<p>Zasadno\u015b\u0107 dotacji uzasadniana jest\nsiln\u0105 potrzeb\u0105 poprawienia warunk\u00f3w oraz efekt\u00f3w nauki m\u0142odych\nludzi z naszego regionu. Samorz\u0105dom cz\u0119sto brakuje funduszy, aby\nsamodzielnie dokona\u0107 takiego przedsi\u0119wzi\u0119cia. Marsza\u0142ek\nwojew\u00f3dztwa, Adam Struzik zaznacza, \u017ce inwestycja w sprz\u0119t oraz\nwyposa\u017cenie plac\u00f3wek jest bardzo wa\u017cna i w znacz\u0105cy spos\u00f3b\npodnosi jako\u015b\u0107 nauczania m\u0142odych ludzi. \n<\/p>\n\n\n\n<p>Program umo\u017cliwi unowocze\u015bnienie\npracowni informatycznych oraz j\u0119zykowych, kt\u00f3re ju\u017c istniej\u0105, ale\ntak\u017ce stworzenie nowych miejsc do nauki. Fundusze umo\u017cliwi\u0105 zakup\nnowego sprz\u0119tu oraz oprogramowania, a tak\u017ce wymian\u0119 lub zakup\ncz\u0119\u015bci wyposa\u017cenia. Wszystko po to, aby m\u0142odzie\u017c ze szk\u00f3\u0142\npodstawowych oraz \u015brednich mog\u0142a rozwija\u0107 swoje zainteresowania za\npo\u015brednictwem nowoczesnego sprz\u0119tu dydaktycznego. Dofinansowanie\nnie mo\u017ce przekroczy\u0107 70 tys. z\u0142otych oraz nie mo\u017ce stanowi\u0107\nwi\u0119cej ni\u017c 70 proc. ca\u0142kowitego kosztu remontu. \n<\/p>\n\n\n\n<p>Aby m\u00f3c ubiega\u0107 si\u0119 o dotacje,\nnale\u017cy z\u0142o\u017cy\u0107 wniosek do 30 kwietnia. Dokument powinien zosta\u0107\nz\u0142o\u017cony w formie papierowej, osobi\u015bcie lub kurierem w Kancelarii\nOg\u00f3lnej Urz\u0119du Marsza\u0142kowskiego Wojew\u00f3dztwa Mazowieckiego w\nWarszawie. \n<\/p>\n\n\n\n<p style=\"text-align:right\"><strong>Aneta Czarnecka<\/strong><br>Fot.:<strong><em> www.pixabay.com<\/em><\/strong><\/p>\n","protected":false},"excerpt":{"rendered":"<p>Z kasy Mazowsza znowu mo\u017ce wp\u0142yn\u0105\u0107 suma, kt\u00f3ra zasili bud\u017cet samorz\u0105d\u00f3w. Tym razem dofinansowanie ma dotyczy\u0107 rozwoju pracowni informatycznych i j\u0119zykowych oraz modernizacji tych, kt\u00f3re ju\u017c funkcjonuj\u0105. Do podzia\u0142u b\u0119dzie oko\u0142o pi\u0119\u0107 milion\u00f3w z\u0142otych. Mazowiecki Program Dofinansowania Pracowni Informatycznych i J\u0119zykowych jest projektem, kt\u00f3ry obejmuje teren wojew\u00f3dztwa mazowieckiego. Pomys\u0142 skierowany jest g\u0142\u00f3wnie do dzieci i [&hellip;]<\/p>\n","protected":false},"author":2,"featured_media":3109,"comment_status":"closed","ping_status":"open","sticky":false,"template":"","format":"standard","meta":{"footnotes":""},"categories":[9,5],"tags":[],"class_list":["post-3108","post","type-post","status-publish","format-standard","has-post-thumbnail","hentry","category-edukacja","category-wiadomosci"],"_links":{"self":[{"href":"https:\/\/fleschmazowsza.com.pl\/index.php?rest_route=\/wp\/v2\/posts\/3108","targetHints":{"allow":["GET"]}}],"collection":[{"href":"https:\/\/fleschmazowsza.com.pl\/index.php?rest_route=\/wp\/v2\/posts"}],"about":[{"href":"https:\/\/fleschmazowsza.com.pl\/index.php?rest_route=\/wp\/v2\/types\/post"}],"author":[{"embeddable":true,"href":"https:\/\/fleschmazowsza.com.pl\/index.php?rest_route=\/wp\/v2\/users\/2"}],"replies":[{"embeddable":true,"href":"https:\/\/fleschmazowsza.com.pl\/index.php?rest_route=%2Fwp%2Fv2%2Fcomments&post=3108"}],"version-history":[{"count":2,"href":"https:\/\/fleschmazowsza.com.pl\/index.php?rest_route=\/wp\/v2\/posts\/3108\/revisions"}],"predecessor-version":[{"id":3113,"href":"https:\/\/fleschmazowsza.com.pl\/index.php?rest_route=\/wp\/v2\/posts\/3108\/revisions\/3113"}],"wp:featuredmedia":[{"embeddable":true,"href":"https:\/\/fleschmazowsza.com.pl\/index.php?rest_route=\/wp\/v2\/media\/3109"}],"wp:attachment":[{"href":"https:\/\/fleschmazowsza.com.pl\/index.php?rest_route=%2Fwp%2Fv2%2Fmedia&parent=3108"}],"wp:term":[{"taxonomy":"category","embeddable":true,"href":"https:\/\/fleschmazowsza.com.pl\/index.php?rest_route=%2Fwp%2Fv2%2Fcategories&post=3108"},{"taxonomy":"post_tag","embeddable":true,"href":"https:\/\/fleschmazowsza.com.pl\/index.php?rest_route=%2Fwp%2Fv2%2Ftags&post=3108"}],"curies":[{"name":"wp","href":"https:\/\/api.w.org\/{rel}","templated":true}]}}