{"id":3097,"date":"2019-04-12T13:06:29","date_gmt":"2019-04-12T12:06:29","guid":{"rendered":"http:\/\/fleschmazowsza.com.pl\/?p=3097"},"modified":"2019-04-12T13:06:31","modified_gmt":"2019-04-12T12:06:31","slug":"dodatkowe-pasy-ruchu-koniec-bramek-na-a2","status":"publish","type":"post","link":"https:\/\/fleschmazowsza.com.pl\/?p=3097","title":{"rendered":"Dodatkowe pasy ruchu, koniec bramek na A2"},"content":{"rendered":"\n<p><strong>Poszerzenie autostrady A2 ju\u017c niebawem stanie si\u0119 faktem. Generalna Dyrekcja Dr\u00f3g Krajowych i Autostrad podpisa\u0142a umow\u0119 z wykonawc\u0105, kt\u00f3ra obliguje do opracowania projektu oraz stosownej dokumentacji umo\u017cliwiaj\u0105cej rozpocz\u0119cie prac.<\/strong><\/p>\n\n\n\n<p>Idea poszerzenia autostrady A2 na\n88-kilometrowym odcinku Warszawa-Stryk\u00f3w zrodzi\u0142a si\u0119 w ubieg\u0142ym\nroku. Jednak o rozbudow\u0119 infrastruktury komunikacyjnej na tym\nodcinku apelowano od dawna. G\u0142\u00f3wn\u0105 przyczyn\u0105 jest gwa\u0142townie\nzwi\u0119kszaj\u0105ce si\u0119 nat\u0119\u017cenie ruchu, kt\u00f3re znacz\u0105co odbiega od\nprognoz ekspert\u00f3w z lat, kiedy projektowano autostrad\u0119. Skutek\nmo\u017cemy obserwowa\u0107 w godzinach szczytu \u2013 kierowcy przemieszczaj\u0105\nsi\u0119 znacznie wolniej ni\u017c dopuszczaj\u0105 przepisy. Dalsze szacunki\nnat\u0119\u017cenia ruchu nie napawaj\u0105 optymizmem. Wreszcie zapad\u0142y\nkonkretne decyzje.<\/p>\n\n\n\n<p>Poszerzenie zak\u0142ada budow\u0119\ndodatkowych pas\u00f3w ruchu oraz likwidacj\u0119 nieu\u017cywanych bramek w\nokolicach Pruszkowa. Umowa zosta\u0142a ju\u017c podpisana, a wykonawca\nniemal niezw\u0142ocznie rozpocz\u0105\u0142 prace. Przypuszcza si\u0119, \u017ce ju\u017c w\nprzysz\u0142ym tygodniu zostanie uk\u0142adana podbudowa w nieczynnym Punkcie\nPoboru Op\u0142at. \n<\/p>\n\n\n\n<p>Dodatkowe pasy ruchu b\u0119d\u0105 dobudowane\ndo jezdni po jej wewn\u0119trznej stronie. Zgodnie z za\u0142o\u017ceniami\nprojektowymi, ju\u017c podczas budowy pozostawiono rezerw\u0119 pod trzeci\npas, dzi\u0119ki czemu nie b\u0119dzie konieczna przebudowa obiekt\u00f3w\nin\u017cynieryjnych. Generalna Dyrekcja Dr\u00f3g Krajowych i Autostrad\ninformuje, \u017ce czas trwania prac przygotowawczych do inwestycji\nocenia si\u0119 na 19 miesi\u0119cy, wobec czego nie potrwaj\u0105 one d\u0142u\u017cej\nni\u017c do 2021 roku. Ca\u0142kowity czas realizacji ocenia si\u0119 na okres do\nnawet 3 lat. Szacowany koszt przedsi\u0119wzi\u0119cia to oko\u0142o 600 milion\u00f3w\nz\u0142otych.<\/p>\n\n\n\n<p>G\u0142\u00f3wnym celem rozbudowy jest\ndostosowanie infrastruktury autostrady do wci\u0105\u017c rosn\u0105cego stopnia\nnat\u0119\u017cenia ruchu. Dodatkowe pasy ruchu zwi\u0119ksz\u0105 bezpiecze\u0144stwo i\nprzepustowo\u015b\u0107 na odcinku Warszawa-Stryk\u00f3w. Zmodernizowana\ninfrastruktura zapewni adekwatne warunki drogowe w przypadku\npowstania planowanego Centralnego Portu Komunikacyjnego.<\/p>\n\n\n\n<p style=\"text-align:right\"><strong>Aneta Czarnecka<\/strong><\/p>\n\n\n\n<p style=\"text-align:right\">Fot.: <em><strong>www.auto.dziennik.pl<\/strong><\/em><\/p>\n","protected":false},"excerpt":{"rendered":"<p>Poszerzenie autostrady A2 ju\u017c niebawem stanie si\u0119 faktem. Generalna Dyrekcja Dr\u00f3g Krajowych i Autostrad podpisa\u0142a umow\u0119 z wykonawc\u0105, kt\u00f3ra obliguje do opracowania projektu oraz stosownej dokumentacji umo\u017cliwiaj\u0105cej rozpocz\u0119cie prac. Idea poszerzenia autostrady A2 na 88-kilometrowym odcinku Warszawa-Stryk\u00f3w zrodzi\u0142a si\u0119 w ubieg\u0142ym roku. Jednak o rozbudow\u0119 infrastruktury komunikacyjnej na tym odcinku apelowano od dawna. G\u0142\u00f3wn\u0105 przyczyn\u0105 [&hellip;]<\/p>\n","protected":false},"author":2,"featured_media":3098,"comment_status":"closed","ping_status":"open","sticky":false,"template":"","format":"standard","meta":{"footnotes":""},"categories":[5],"tags":[],"class_list":["post-3097","post","type-post","status-publish","format-standard","has-post-thumbnail","hentry","category-wiadomosci"],"_links":{"self":[{"href":"https:\/\/fleschmazowsza.com.pl\/index.php?rest_route=\/wp\/v2\/posts\/3097","targetHints":{"allow":["GET"]}}],"collection":[{"href":"https:\/\/fleschmazowsza.com.pl\/index.php?rest_route=\/wp\/v2\/posts"}],"about":[{"href":"https:\/\/fleschmazowsza.com.pl\/index.php?rest_route=\/wp\/v2\/types\/post"}],"author":[{"embeddable":true,"href":"https:\/\/fleschmazowsza.com.pl\/index.php?rest_route=\/wp\/v2\/users\/2"}],"replies":[{"embeddable":true,"href":"https:\/\/fleschmazowsza.com.pl\/index.php?rest_route=%2Fwp%2Fv2%2Fcomments&post=3097"}],"version-history":[{"count":1,"href":"https:\/\/fleschmazowsza.com.pl\/index.php?rest_route=\/wp\/v2\/posts\/3097\/revisions"}],"predecessor-version":[{"id":3099,"href":"https:\/\/fleschmazowsza.com.pl\/index.php?rest_route=\/wp\/v2\/posts\/3097\/revisions\/3099"}],"wp:featuredmedia":[{"embeddable":true,"href":"https:\/\/fleschmazowsza.com.pl\/index.php?rest_route=\/wp\/v2\/media\/3098"}],"wp:attachment":[{"href":"https:\/\/fleschmazowsza.com.pl\/index.php?rest_route=%2Fwp%2Fv2%2Fmedia&parent=3097"}],"wp:term":[{"taxonomy":"category","embeddable":true,"href":"https:\/\/fleschmazowsza.com.pl\/index.php?rest_route=%2Fwp%2Fv2%2Fcategories&post=3097"},{"taxonomy":"post_tag","embeddable":true,"href":"https:\/\/fleschmazowsza.com.pl\/index.php?rest_route=%2Fwp%2Fv2%2Ftags&post=3097"}],"curies":[{"name":"wp","href":"https:\/\/api.w.org\/{rel}","templated":true}]}}