{"id":3087,"date":"2019-04-12T12:28:46","date_gmt":"2019-04-12T11:28:46","guid":{"rendered":"http:\/\/fleschmazowsza.com.pl\/?p=3087"},"modified":"2019-04-12T12:28:48","modified_gmt":"2019-04-12T11:28:48","slug":"powstanie-najglebszy-basen-na-swiecie","status":"publish","type":"post","link":"https:\/\/fleschmazowsza.com.pl\/?p=3087","title":{"rendered":"Powstanie najg\u0142\u0119bszy basen na \u015bwiecie!"},"content":{"rendered":"\n<p><strong>Otwarcie najwi\u0119kszego i najbardziej nowoczesnego aquaparku w Polsce ju\u017c blisko. Park of Poland (o kt\u00f3rym wielokrotnie pisali\u015bmy) to powstaj\u0105cy w miejscowo\u015bci Wr\u0119cza pod Mszczonowem wodny park rozrywki, najwi\u0119kszy tego typu kompleks w Europie \u015arodkowo-Wschodniej. Promocja regionu jest pewna \u2013 obiekt \u015bwiatowej klasy b\u0119dzie przyci\u0105ga\u0142 turyst\u00f3w z ca\u0142ej Europy. Otwarcie ju\u017c niebawem.  <\/strong><\/p>\n\n\n\n<p>Wodne atrakcje, kt\u00f3re s\u0105 przewidziane\nna terenie parku zadowol\u0105 nawet najbardziej wybrednych klient\u00f3w,\nznaj\u0105cych podobne miejsca z ca\u0142ego \u015bwiata. Obiekt ma by\u0107\nprzeznaczony dla ca\u0142ych rodzin, zar\u00f3wno dla najm\u0142odszych, jak i\nstarszych os\u00f3b. Aquapark, zgodnie z zapowiedziami b\u0119dzie czynny\ncodziennie, a w jednym czasie b\u0119dzie m\u00f3g\u0142 pomie\u015bci\u0107 nawet ok. 15\ntys. os\u00f3b.<\/p>\n\n\n\n<p>To ogromne przedsi\u0119wzi\u0119cie. Nie dziwi\nto jednak, bior\u0105c pod uwag\u0119 planowan\u0105 powierzchni\u0119. Szacuje si\u0119,\n\u017ce Park of Poland zajowa\u0107 b\u0119dzie ok. 67 tys. m2. Ca\u0142kowity koszt\nbudowy obiektu ma wynie\u015b\u0107 niebotyczn\u0105 kwot\u0119 ok. miliarda z\u0142otych.\n\u015arodki na budow\u0119 pozyskane zosta\u0142y z kredyt\u00f3w bankowych oraz\nfunduszu w\u0142asnego inwestora Global City Holdings.<\/p>\n\n\n\n<p>Jedn\u0105 z najwi\u0119kszych atrakcji\naquaparku ma by\u0107 deepspot \u2013 najg\u0142\u0119bszy basen do nurkowania na\n\u015bwiecie. Przy zastosowaniu najnowocze\u015bniejszych technologii budowy,\nzbiornik b\u0119dzie dostosowany dla ka\u017cdego u\u017cytkownika \u2013 zar\u00f3wno\ndla os\u00f3b pocz\u0105tkuj\u0105cych, jak i profesjonalnych nurk\u00f3w. Co wi\u0119cej,\nbasen ma zosta\u0107 wyposa\u017cony w specjalny podwodny tunel,\numo\u017cliwiaj\u0105cy widzom obserwowanie poczyna\u0144 nurk\u00f3w. \n<\/p>\n\n\n\n<p>Deepspot b\u0119dzie mia\u0142 a\u017c 45 m\ng\u0142\u0119boko\u015bci i pomie\u015bci ok. 8 tys. m3 wody, czyli mniej wi\u0119cej 25\nrazy wi\u0119cej ni\u017c obj\u0119to\u015b\u0107 przeci\u0119tnego basenu sportowego.\nZbiornik b\u0119dzie o 5 m g\u0142\u0119bszy ni\u017c dotychczasowy lider w tej\ndziedzinie \u2013 w\u0142oski basen Y-40. \n<\/p>\n\n\n\n<p>\u015arodowisko p\u0142ywak\u00f3w oraz nurk\u00f3w z\nniecierpliwo\u015bci\u0105 oczekuje na nowy obiekt. Da on bowiem mo\u017cliwo\u015b\u0107\ndoskonalenia swoich umiej\u0119tno\u015bci w prawdziwie profesjonalnych\nwarunkach. Prawdopodobnie, przyczyni si\u0119 tak\u017ce do promowania\nnurkowania i zach\u0119ci wiele os\u00f3b do spr\u00f3bowania tego ekstremalnego\nprze\u017cycia. Ponadto, warto pami\u0119ta\u0107, \u017ce funkcjonalno\u015b\u0107 takiego\nbasenu pozwoli przeszkoli\u0107 osoby, aby m\u00f3c bezpiecznie zazna\u0107 w\nprzysz\u0142o\u015bci pi\u0119kna podwodnego \u015bwiata w realnych \u2013 oceanicznych\ni morskich okoliczno\u015bciach. Zapobiegnie to wielu b\u0142\u0119dom, kt\u00f3re\npope\u0142niaj\u0105 osoby pocz\u0105tkuj\u0105ce. Otwarcie obiektu przewidziane jest\nna sierpie\u0144-wrzesie\u0144 2019.<\/p>\n\n\n\n<p style=\"text-align:right\"><strong>Aneta Czarnecka<\/strong><\/p>\n\n\n\n<p style=\"text-align:right\">Fot.:<strong><em> www.flyspot.com<\/em><\/strong><\/p>\n","protected":false},"excerpt":{"rendered":"<p>Otwarcie najwi\u0119kszego i najbardziej nowoczesnego aquaparku w Polsce ju\u017c blisko. Park of Poland (o kt\u00f3rym wielokrotnie pisali\u015bmy) to powstaj\u0105cy w miejscowo\u015bci Wr\u0119cza pod Mszczonowem wodny park rozrywki, najwi\u0119kszy tego typu kompleks w Europie \u015arodkowo-Wschodniej. Promocja regionu jest pewna \u2013 obiekt \u015bwiatowej klasy b\u0119dzie przyci\u0105ga\u0142 turyst\u00f3w z ca\u0142ej Europy. Otwarcie ju\u017c niebawem. Wodne atrakcje, kt\u00f3re s\u0105 [&hellip;]<\/p>\n","protected":false},"author":2,"featured_media":3088,"comment_status":"closed","ping_status":"open","sticky":false,"template":"","format":"standard","meta":{"footnotes":""},"categories":[8,5],"tags":[],"class_list":["post-3087","post","type-post","status-publish","format-standard","has-post-thumbnail","hentry","category-roznosci","category-wiadomosci"],"_links":{"self":[{"href":"https:\/\/fleschmazowsza.com.pl\/index.php?rest_route=\/wp\/v2\/posts\/3087","targetHints":{"allow":["GET"]}}],"collection":[{"href":"https:\/\/fleschmazowsza.com.pl\/index.php?rest_route=\/wp\/v2\/posts"}],"about":[{"href":"https:\/\/fleschmazowsza.com.pl\/index.php?rest_route=\/wp\/v2\/types\/post"}],"author":[{"embeddable":true,"href":"https:\/\/fleschmazowsza.com.pl\/index.php?rest_route=\/wp\/v2\/users\/2"}],"replies":[{"embeddable":true,"href":"https:\/\/fleschmazowsza.com.pl\/index.php?rest_route=%2Fwp%2Fv2%2Fcomments&post=3087"}],"version-history":[{"count":1,"href":"https:\/\/fleschmazowsza.com.pl\/index.php?rest_route=\/wp\/v2\/posts\/3087\/revisions"}],"predecessor-version":[{"id":3089,"href":"https:\/\/fleschmazowsza.com.pl\/index.php?rest_route=\/wp\/v2\/posts\/3087\/revisions\/3089"}],"wp:featuredmedia":[{"embeddable":true,"href":"https:\/\/fleschmazowsza.com.pl\/index.php?rest_route=\/wp\/v2\/media\/3088"}],"wp:attachment":[{"href":"https:\/\/fleschmazowsza.com.pl\/index.php?rest_route=%2Fwp%2Fv2%2Fmedia&parent=3087"}],"wp:term":[{"taxonomy":"category","embeddable":true,"href":"https:\/\/fleschmazowsza.com.pl\/index.php?rest_route=%2Fwp%2Fv2%2Fcategories&post=3087"},{"taxonomy":"post_tag","embeddable":true,"href":"https:\/\/fleschmazowsza.com.pl\/index.php?rest_route=%2Fwp%2Fv2%2Ftags&post=3087"}],"curies":[{"name":"wp","href":"https:\/\/api.w.org\/{rel}","templated":true}]}}