{"id":3076,"date":"2019-03-29T12:11:59","date_gmt":"2019-03-29T11:11:59","guid":{"rendered":"http:\/\/fleschmazowsza.com.pl\/?p=3076"},"modified":"2019-03-29T12:12:01","modified_gmt":"2019-03-29T11:12:01","slug":"podwyzki-cen-za-wywoz-odpadow","status":"publish","type":"post","link":"https:\/\/fleschmazowsza.com.pl\/?p=3076","title":{"rendered":"Podwy\u017cki cen za wyw\u00f3z odpad\u00f3w"},"content":{"rendered":"\n<p><strong>Nowe przepisy zwi\u0105zane z gospodarowaniem odpadami w regionie przynios\u0142y podwy\u017cki cen za wyw\u00f3z \u015bmieci w gminach: Brwin\u00f3w, Grodzisk Mazowiecki, Podkowa Le\u015bna. Z podobn\u0105 sytuacj\u0105 b\u0119dzie zmaga\u0142 si\u0119 tak\u017ce prawdopodobnie Milan\u00f3wek.  <\/strong><\/p>\n\n\n\n<p>Znowelizowane prawo nak\u0142adaj\u0105ce na\ngminy obowi\u0105zek segregacji odpad\u00f3w na pi\u0119\u0107 frakcji skutkuje\npodwy\u017cszeniem cen za wyw\u00f3z \u015bmieci. Przyczyn\u0105 tego stanu jest\nmi\u0119dzy innymi zamkni\u0119cie wielu wysypisk \u015bmierci na Mazowszu oraz\nbrak dofinansowania ze strony samorz\u0105d\u00f3w. Efektem tego jest\npodniesienie koszt\u00f3w firm \u015bmieciowych zajmuj\u0105cych si\u0119 wywozem\nodpad\u00f3w, a co za tym idzie op\u0142at dla mieszka\u0144c\u00f3w.<\/p>\n\n\n\n<p>Milan\u00f3wek jest miastem, kt\u00f3re zd\u0105\u017cy\u0142o\nju\u017c odczu\u0107 podwy\u017ck\u0119 cen. W\u0142adze musia\u0142y wybra\u0107 ofert\u0119 o 800\ntys. z\u0142 dro\u017csz\u0105, ni\u017c by\u0142o to w planach. Urz\u0119dnicy s\u0105 zdania,\n\u017ce by\u0107 mo\u017ce zmiana cen pozytywnie wp\u0142ynie na nawyki mieszka\u0144c\u00f3w\ngmin w sferze konsumowania i przyczyni si\u0119 do zmniejszenia ilo\u015bci\nwytwarzanych odpad\u00f3w. Obecnie, szacuje si\u0119, \u017ce od kwietnia ceny za\nwyw\u00f3z odpad\u00f3w na jednego mieszka\u0144ca b\u0119d\u0119 klasyfikowa\u0142y si\u0119\nnast\u0119puj\u0105co: Brwin\u00f3w \u2013 16 z\u0142, Grodzisk Mazowiecki \u2013 19 z\u0142.\nW\u0142adze Milan\u00f3wka zawiadamiaj\u0105, \u017ce podwy\u017cka jest nieunikniona. \n<\/p>\n\n\n\n<p>Urz\u0119dy miast sugeruj\u0105, co zrobi\u0107,\naby ograniczy\u0107 ilo\u015b\u0107 produkowanych \u015bmieci w gospodarstwach\ndomowych:<\/p>\n\n\n\n<ul class=\"wp-block-list\"><li>zast\u0105pienie\n\tplastikowych butelek od napoj\u00f3w butelkami szklanymi wielokrotnego\n\tu\u017cytku,\n\t<\/li><li>zmiana\n\tnawyk\u00f3w konsumenckich oraz wymiana plastikowych torebek na ich\n\twielorazowe zamienniki,\n\t<\/li><li>kupowanie\n\tprodukt\u00f3w z d\u0142ugim okresem przydatno\u015bci w wi\u0119kszych\n\topakowaniach, kt\u00f3re wystarczaj\u0105 na d\u0142u\u017cszy czas,\n\t<\/li><li>wyb\u00f3r\n\tprodukt\u00f3w bez opakowa\u0144, np. owoc\u00f3w, warzyw, orzech\u00f3w, itp.,\n\t<\/li><li>korzystanie\n\tw miar\u0119 mo\u017cliwo\u015bci z opakowa\u0144 drewnianych, szklanych,\n\t<\/li><li>kompostowanie\n\todpad\u00f3w pochodzenia naturalnego.\n<\/li><\/ul>\n\n\n\n<p>W\u0142adze gmin regionu apeluj\u0105 o\nzachowanie zdrowego rozs\u0105dku nie tylko podczas dokonywania wybor\u00f3w\nkonsumenckich, ale tak\u017ce przy segregacji odpad\u00f3w, kt\u00f3ra powinna\nby\u0107 nale\u017cycie przeprowadzana w ka\u017cdym gospodarstwie domowym.<\/p>\n\n\n\n<p style=\"text-align:right\"><strong>Aneta Czarnecka<\/strong><\/p>\n\n\n\n<p style=\"text-align:right\">Fot.: <em><strong>www.pixabay.com<\/strong><\/em><\/p>\n","protected":false},"excerpt":{"rendered":"<p>Nowe przepisy zwi\u0105zane z gospodarowaniem odpadami w regionie przynios\u0142y podwy\u017cki cen za wyw\u00f3z \u015bmieci w gminach: Brwin\u00f3w, Grodzisk Mazowiecki, Podkowa Le\u015bna. Z podobn\u0105 sytuacj\u0105 b\u0119dzie zmaga\u0142 si\u0119 tak\u017ce prawdopodobnie Milan\u00f3wek. Znowelizowane prawo nak\u0142adaj\u0105ce na gminy obowi\u0105zek segregacji odpad\u00f3w na pi\u0119\u0107 frakcji skutkuje podwy\u017cszeniem cen za wyw\u00f3z \u015bmieci. Przyczyn\u0105 tego stanu jest mi\u0119dzy innymi zamkni\u0119cie wielu [&hellip;]<\/p>\n","protected":false},"author":2,"featured_media":3077,"comment_status":"closed","ping_status":"open","sticky":false,"template":"","format":"standard","meta":{"footnotes":""},"categories":[5],"tags":[],"class_list":["post-3076","post","type-post","status-publish","format-standard","has-post-thumbnail","hentry","category-wiadomosci"],"_links":{"self":[{"href":"https:\/\/fleschmazowsza.com.pl\/index.php?rest_route=\/wp\/v2\/posts\/3076","targetHints":{"allow":["GET"]}}],"collection":[{"href":"https:\/\/fleschmazowsza.com.pl\/index.php?rest_route=\/wp\/v2\/posts"}],"about":[{"href":"https:\/\/fleschmazowsza.com.pl\/index.php?rest_route=\/wp\/v2\/types\/post"}],"author":[{"embeddable":true,"href":"https:\/\/fleschmazowsza.com.pl\/index.php?rest_route=\/wp\/v2\/users\/2"}],"replies":[{"embeddable":true,"href":"https:\/\/fleschmazowsza.com.pl\/index.php?rest_route=%2Fwp%2Fv2%2Fcomments&post=3076"}],"version-history":[{"count":1,"href":"https:\/\/fleschmazowsza.com.pl\/index.php?rest_route=\/wp\/v2\/posts\/3076\/revisions"}],"predecessor-version":[{"id":3078,"href":"https:\/\/fleschmazowsza.com.pl\/index.php?rest_route=\/wp\/v2\/posts\/3076\/revisions\/3078"}],"wp:featuredmedia":[{"embeddable":true,"href":"https:\/\/fleschmazowsza.com.pl\/index.php?rest_route=\/wp\/v2\/media\/3077"}],"wp:attachment":[{"href":"https:\/\/fleschmazowsza.com.pl\/index.php?rest_route=%2Fwp%2Fv2%2Fmedia&parent=3076"}],"wp:term":[{"taxonomy":"category","embeddable":true,"href":"https:\/\/fleschmazowsza.com.pl\/index.php?rest_route=%2Fwp%2Fv2%2Fcategories&post=3076"},{"taxonomy":"post_tag","embeddable":true,"href":"https:\/\/fleschmazowsza.com.pl\/index.php?rest_route=%2Fwp%2Fv2%2Ftags&post=3076"}],"curies":[{"name":"wp","href":"https:\/\/api.w.org\/{rel}","templated":true}]}}