{"id":3055,"date":"2019-03-29T10:30:07","date_gmt":"2019-03-29T09:30:07","guid":{"rendered":"http:\/\/fleschmazowsza.com.pl\/?p=3055"},"modified":"2019-03-29T11:16:03","modified_gmt":"2019-03-29T10:16:03","slug":"to-byly-piekne-dni","status":"publish","type":"post","link":"https:\/\/fleschmazowsza.com.pl\/?p=3055","title":{"rendered":"\u201eTo by\u0142y pi\u0119kne dni\u201d"},"content":{"rendered":"\n<p><strong>W tym roku Zesp\u00f3\u0142 Operetkowy Belcanto dzia\u0142aj\u0105cy w Domu Kultury \u201eKolorowa\u201d w Ursusie obchodzi wyj\u0105tkowy jubileusz &#8211; swoje 15-lecie dzia\u0142alno\u015bci muzycznej. Z tej okazji 1 marca br. w Sali Widowiskowej O\u015brodka Kultury Arsus w Ursusie odby\u0142 si\u0119 wyj\u0105tkowy koncert pt. \u201eOdcienie mi\u0142o\u015bci\u201d.<\/strong><\/p>\n\n\n\n<p>W programie koncertu znalaz\u0142y si\u0119\narie operowe i operetkowe jak r\u00f3wnie\u017c znane utwory wokalne w\nprzepi\u0119knych aran\u017cacjach Olgi Romaszko \u2013 Niewiadomskiej oraz\nutwory fortepianowe wykonane przez zaproszonych m\u0142odych go\u015bci,\nkt\u00f3rzy byli niew\u0105tpliwie ozdob\u0105 wydarzenia. Koncert prowadzi\u0142a\nzwi\u0105zana z zespo\u0142em Bo\u017cena Sikorska, kt\u00f3ra wprowadza\u0142a s\u0142uchaczy\nnie tylko w tematyk\u0119 utwor\u00f3w ale przede wszystkim przedstawia\u0142a\nsylwetki wyst\u0119puj\u0105cych artyst\u00f3w. (&#8230;)<\/p>\n\n\n\n<p>Pe\u0142en rzewnych uczu\u0107 romans o mi\u0142o\u015bci\nwykona\u0142 90-letni cz\u0142onek Zespo\u0142u Ignacy Olszewski (tenor) w\npi\u0119knej arii Nadira z opery G. Bizeta \u201ePo\u0142awiacze pere\u0142\u201d. W\njego wykonaniu us\u0142ysze\u0107 mo\u017cna by\u0142o r\u00f3wnie\u017c s\u0142awn\u0105 Ari\u0119 z\nKurantem ze \u201eStrasznego Dworu\u201d S. Moniuszki.(&#8230;)<\/p>\n\n\n\n<p>Niezwykle ujmuj\u0105cym momentem koncertu\nby\u0142o wykonanie s\u0142awnej arii \u201eO sole mio\u201d E. di Capua w\nwykonaniu zaproszonego ma\u0142ego go\u015bcia \u2013 solisty \u2013 Jasia Basa,\nucznia Olgi Romaszko \u2013 Niewiadomskiej.<\/p>\n\n\n\n<p>(\u2026) Pi\u0119kny, uczuciowy duet\n\u201ePrzemin\u0119\u0142o z wiatrem\u201d A. Lewandowskiej, nawi\u0105zuj\u0105cy do\nminionych, wsp\u00f3lnie sp\u0119dzonych przez zesp\u00f3\u0142 lat, wykonali:\nKrzysztof Ho\u0142ymczuk wraz z Gra\u017cyn\u0105 \u017b\u00f3rawsk\u0105. (&#8230;)<\/p>\n\n\n\n<p>Mi\u0142o\u015b\u0107 jako szalony taniec\nprzedstawi\u0142a Klaudia Kulik w niezwykle dynamicznym i brawurowym\nwykonaniu tarantelli neapolita\u0144skiej G. Rossini \u201eLa Danza\u201d\nwywo\u0142uj\u0105c ogromny aplauz publiczno\u015bci.<\/p>\n\n\n\n<p>Zwie\u0144czeniem cz\u0119\u015bci solistycznej\nby\u0142a \u201eWielka mi\u0142o\u015b\u0107\u201d z rep. S. Krajewskiego w bardzo\nuczuciowym wykonaniu Tadeusza Kowalczyka.<\/p>\n\n\n\n<p>Na zako\u0144czenie koncertu ca\u0142y zesp\u00f3\u0142\nwykona\u0142 wsp\u00f3lnie utw\u00f3r \u201eStrangers in the night\u201d B. Kaempferta,\na nast\u0119pnie wraz z publiczno\u015bci\u0105 wy\u015bpiewany zosta\u0142 bardzo znany\nutw\u00f3r \u201eTo by\u0142y pi\u0119kne dni\u201d, b\u0119d\u0105cy symbolem 15. lat\ndzia\u0142alno\u015bci muzycznej zespo\u0142u. (&#8230;)<\/p>\n\n\n\n<p>W\u015br\u00f3d go\u015bci zaproszonych do udzia\u0142u\nw koncercie, nale\u017cy wymieni\u0107 uczni\u00f3w Dymitra Romaszko oraz Olgi\nRomaszko \u2013 Niewiadomskiej, kolejno: Wiktoria Barszcz, Weronika\nGrabowska, Weronika Schab, Micha\u0142 Schab, Piotr Jasia oraz Kinga\nMaciak(&#8230;)<\/p>\n\n\n\n<p>O Zespole Operetkowym Belcanto:<\/p>\n\n\n\n<ul class=\"wp-block-list\"><li>Inicjatork\u0105 powo\u0142ania zespo\u0142u,\n\tkierownikiem artystycznym oraz jego akompaniatorem jest Olga\n\tRomaszko \u2013 Niewiadomska, kt\u00f3ra aran\u017cuje i przygotowuje programy\n\tkoncert\u00f3w. Pianistka jest zdobywczyni\u0105 wielu nagr\u00f3d i wyr\u00f3\u017cnie\u0144\n\tm.in.: medalu im. Janusza G\u00f3rskiego za upowszechnianie kultury,\n\todznaki honorowej \u201eZas\u0142u\u017cony dla Kultury Polskiej\u201d i medalu\n\t\u201eZas\u0142u\u017cony Kulturze Gloria Artis\u201d.\n\t<\/li><li>Zesp\u00f3\u0142 sk\u0142ada si\u0119 zar\u00f3wno ze\n\t\u015bpiewak\u00f3w zawodowych \u2013 by\u0142ych artyst\u00f3w Teatru Wielkiego,\n\tOperetki Warszawskiej oraz znanych ch\u00f3r\u00f3w warszawskich, jak\n\tr\u00f3wnie\u017c amator\u00f3w, niezwykle utalentowanych, kt\u00f3rzy przygotowani\n\tdo muzycznych wyzwa\u0144 przez Olg\u0119 Romaszko \u2013 Niewiadomsk\u0105\n\t\u015bpiewaj\u0105 na \u015bwiatowym poziomie.\n<\/li><\/ul>\n\n\n\n<p>(&#8230;)<\/p>\n\n\n\n<p style=\"text-align:right\">Wierna fanka Zespo\u0142u Operetkowego\n\u201eBelcanto\u201d<\/p>\n\n\n\n<p style=\"text-align:right\"><strong>Barbara Mielcarz<\/strong><\/p>\n","protected":false},"excerpt":{"rendered":"<p>W tym roku Zesp\u00f3\u0142 Operetkowy Belcanto dzia\u0142aj\u0105cy w Domu Kultury \u201eKolorowa\u201d w Ursusie obchodzi wyj\u0105tkowy jubileusz &#8211; swoje 15-lecie dzia\u0142alno\u015bci muzycznej. Z tej okazji 1 marca br. w Sali Widowiskowej O\u015brodka Kultury Arsus w Ursusie odby\u0142 si\u0119 wyj\u0105tkowy koncert pt. \u201eOdcienie mi\u0142o\u015bci\u201d. W programie koncertu znalaz\u0142y si\u0119 arie operowe i operetkowe jak r\u00f3wnie\u017c znane utwory [&hellip;]<\/p>\n","protected":false},"author":2,"featured_media":3056,"comment_status":"closed","ping_status":"open","sticky":false,"template":"","format":"standard","meta":{"footnotes":""},"categories":[6],"tags":[],"class_list":["post-3055","post","type-post","status-publish","format-standard","has-post-thumbnail","hentry","category-kultura"],"_links":{"self":[{"href":"https:\/\/fleschmazowsza.com.pl\/index.php?rest_route=\/wp\/v2\/posts\/3055","targetHints":{"allow":["GET"]}}],"collection":[{"href":"https:\/\/fleschmazowsza.com.pl\/index.php?rest_route=\/wp\/v2\/posts"}],"about":[{"href":"https:\/\/fleschmazowsza.com.pl\/index.php?rest_route=\/wp\/v2\/types\/post"}],"author":[{"embeddable":true,"href":"https:\/\/fleschmazowsza.com.pl\/index.php?rest_route=\/wp\/v2\/users\/2"}],"replies":[{"embeddable":true,"href":"https:\/\/fleschmazowsza.com.pl\/index.php?rest_route=%2Fwp%2Fv2%2Fcomments&post=3055"}],"version-history":[{"count":1,"href":"https:\/\/fleschmazowsza.com.pl\/index.php?rest_route=\/wp\/v2\/posts\/3055\/revisions"}],"predecessor-version":[{"id":3057,"href":"https:\/\/fleschmazowsza.com.pl\/index.php?rest_route=\/wp\/v2\/posts\/3055\/revisions\/3057"}],"wp:featuredmedia":[{"embeddable":true,"href":"https:\/\/fleschmazowsza.com.pl\/index.php?rest_route=\/wp\/v2\/media\/3056"}],"wp:attachment":[{"href":"https:\/\/fleschmazowsza.com.pl\/index.php?rest_route=%2Fwp%2Fv2%2Fmedia&parent=3055"}],"wp:term":[{"taxonomy":"category","embeddable":true,"href":"https:\/\/fleschmazowsza.com.pl\/index.php?rest_route=%2Fwp%2Fv2%2Fcategories&post=3055"},{"taxonomy":"post_tag","embeddable":true,"href":"https:\/\/fleschmazowsza.com.pl\/index.php?rest_route=%2Fwp%2Fv2%2Ftags&post=3055"}],"curies":[{"name":"wp","href":"https:\/\/api.w.org\/{rel}","templated":true}]}}