{"id":3041,"date":"2019-03-18T12:12:16","date_gmt":"2019-03-18T11:12:16","guid":{"rendered":"http:\/\/fleschmazowsza.com.pl\/?p=3041"},"modified":"2019-03-18T12:12:20","modified_gmt":"2019-03-18T11:12:20","slug":"i-konferencja-fotowoltaiczna-w-grodzisku-mazowieckim","status":"publish","type":"post","link":"https:\/\/fleschmazowsza.com.pl\/?p=3041","title":{"rendered":"I Konferencja Fotowoltaiczna w Grodzisku Mazowieckim"},"content":{"rendered":"\n<p><strong>28 lutego w Grodzisku Mazowieckim odby\u0142a si\u0119 I Konferencja Fotowoltaiczna. Organizatorem by\u0142 Urz\u0105d Miejski. Spotkanie, adresowane do mieszka\u0144c\u00f3w gminy, mia\u0142o za zadanie przybli\u017cy\u0107  problematyk\u0119 instalacji fotowoltaicznych. Zaproszeni do Grodziska prelegenci w kolejnych prezentacjach obja\u015bnili teori\u0119, praktyk\u0119 i kwestie finansowania fotowoltaiki.  <\/strong><\/p>\n\n\n\n<p>Pozyskiwanie energii elektrycznej ze\ns\u0142o\u0144ca, a tym jest fotowoltaika, stanowi przysz\u0142o\u015bciow\u0105 opcj\u0119.\nWy\u0142\u0105cznie energia s\u0142o\u0144ca jest w stanie zaspokoi\u0107 zapotrzebowanie\nenergetyczne ca\u0142ej kuli ziemskiej, gdy\u017c potencja\u0142 innych \u017ar\u00f3de\u0142\njest niewystarczaj\u0105cy.<\/p>\n\n\n\n<p>Rosn\u0105ce zainteresowanie fotowoltaik\u0105\nbierze si\u0119 z rosn\u0105cej \u015bwiadomo\u015bci ekologicznej i potrzeby\nstosowania odnawialnych, czystych \u017ar\u00f3de\u0142 energii. Technologia\nfotowoltaiczna rozwija si\u0119 obecnie najszybciej spo\u015br\u00f3d technologii\nwykorzystania energii odnawialnej. Wraz z dynamicznym rozwojem\ntechnologii nast\u0119puje wyra\u017any ju\u017c spadek cen instalacji\nfotowoltaicznych. Tymczasem obecne koszty \u201etradycyjnie\u201d\nprodukowanej energii elektrycznej ca\u0142y czas rosn\u0105.<\/p>\n\n\n\n<p style=\"text-align:center\"><strong>Zagadnienia praktyczne instalacji fotowoltaicznej<\/strong><\/p>\n\n\n\n<p>W fazie projektowania instalacji\nfotowoltaicznej konieczny jest przemy\u015blany wyb\u00f3r lokalizacji. Czy\nwybierzemy instalacj\u0119 dachow\u0105, fasadow\u0105 czy naziemn\u0105 okre\u015blone\nzostanie przez mo\u017cliwo\u015bci (lokalizacji na elewacji p\u00f3\u0142nocnej\nbrakuje sensu), ale te\u017c wp\u0142ynie na koszty (lokalizacja na budynku\nlub na gruncie poci\u0105ga inn\u0105 wysoko\u015b\u0107 podatku VAT; jednak w\ngranicach okre\u015blonej powierzchni). Zamiast instalowa\u0107 modu\u0142y o\nwi\u0119kszej mocy na mniejszej powierzchni, prawdopodobnie bardziej\nop\u0142acalne b\u0119dzie zainstalowa\u0107 modu\u0142y s\u0142absze na wi\u0119kszej\npowierzchni, o ile tak\u0105 dysponujemy. Absolutnie konieczna jest\nanaliza zacienienia powierzchni, obecna, ale i w przysz\u0142o\u015bci, przez\ndrzewa czy budynki w s\u0105siedztwie. \n<\/p>\n\n\n\n<p style=\"text-align:center\"><strong>Konserwacja<\/strong><\/p>\n\n\n\n<p>Na etapie zakupu i monta\u017cu, obok kalkulacji koszt\u00f3w, nale\u017cy wzi\u0105\u0107 pod uwag\u0119 jako\u015b\u0107 paneli i kompetencje wykonawcy. Istotna jest odporno\u015b\u0107 paneli na opady gradu czy wytrzyma\u0142o\u015b\u0107 instalacji na du\u017c\u0105 pr\u0119dko\u015b\u0107 wiatru. Konieczna jest gwarancja na produkt oraz, b\u0119d\u0105ca czym innym, gwarancja na zachowanie sprawno\u015bci modu\u0142\u00f3w (wraz z up\u0142ywem czasu stopniowy spadek ich mocy jest p\u00f3ki co technologicznie nieunikniony).  <\/p>\n\n\n\n<p>Nie ob\u0119dzie si\u0119 bez bie\u017c\u0105cej\nkonserwacji instalacji: jej mycia (wod\u0105 z w\u0119\u017ca) lub od\u015bnie\u017cania\n(przemy\u015blanego, nie powoduj\u0105c uszkodze\u0144). Wszelkie osadzanie si\u0119\npy\u0142\u00f3w, ptasich odchod\u00f3w czy zaleganie \u015bniegu znacz\u0105co obni\u017ca\nwydajno\u015b\u0107 energetyczn\u0105 modu\u0142\u00f3w. Instalacja fotowoltaiczna to\ntaka ma\u0142a prywatna elektrownia, o kt\u00f3r\u0105 trzeba na bie\u017c\u0105co dba\u0107\nw\u0142asnym sumptem, lub zleci\u0107 konserwacj\u0119 wyspecjalizowanej firmie.<\/p>\n\n\n\n<p style=\"text-align:center\"><strong>Finansowanie<\/strong><\/p>\n\n\n\n<p>Uzyskanie dofinansowania na instalacj\u0119\nfotowoltaiczn\u0105 to temat na tyle skomplikowany, \u017ce warto zacz\u0105\u0107 od\nwizyty w Urz\u0119dzie Miasta. W warunkach grodziskich jest to najlepsza\ndroga do sukcesu \u2013 od dnia 1 stycznia 2017 r. w Urz\u0119dzie Miejskim\nw Grodzisku funkcjonuje Energetyczny Punkt Informacyjny i Samodzielne\nStanowisko ds. Zarz\u0105dzania Energi\u0105, kt\u00f3re kompetentnie sprawuje p.\nMarian Czy\u017cewski. Jednym s\u0142owem \u201eenergetyk  miejski\u201d czy\n\u201eenergetyk gminny\u201d funkcjonuj\u0105cy przy Urz\u0119dzie Miasta czy\nUrz\u0119dzie Gminy b\u0119dzie na pocz\u0105tek najlepszym \u017ar\u00f3d\u0142em informacji\nw tym zakresie.<\/p>\n\n\n\n<p style=\"text-align:right\">Tekst i foto<strong> (PS)<\/strong><\/p>\n","protected":false},"excerpt":{"rendered":"<p>28 lutego w Grodzisku Mazowieckim odby\u0142a si\u0119 I Konferencja Fotowoltaiczna. Organizatorem by\u0142 Urz\u0105d Miejski. Spotkanie, adresowane do mieszka\u0144c\u00f3w gminy, mia\u0142o za zadanie przybli\u017cy\u0107 problematyk\u0119 instalacji fotowoltaicznych. Zaproszeni do Grodziska prelegenci w kolejnych prezentacjach obja\u015bnili teori\u0119, praktyk\u0119 i kwestie finansowania fotowoltaiki. Pozyskiwanie energii elektrycznej ze s\u0142o\u0144ca, a tym jest fotowoltaika, stanowi przysz\u0142o\u015bciow\u0105 opcj\u0119. Wy\u0142\u0105cznie energia s\u0142o\u0144ca [&hellip;]<\/p>\n","protected":false},"author":2,"featured_media":3042,"comment_status":"closed","ping_status":"open","sticky":false,"template":"","format":"standard","meta":{"footnotes":""},"categories":[9,5],"tags":[],"class_list":["post-3041","post","type-post","status-publish","format-standard","has-post-thumbnail","hentry","category-edukacja","category-wiadomosci"],"_links":{"self":[{"href":"https:\/\/fleschmazowsza.com.pl\/index.php?rest_route=\/wp\/v2\/posts\/3041","targetHints":{"allow":["GET"]}}],"collection":[{"href":"https:\/\/fleschmazowsza.com.pl\/index.php?rest_route=\/wp\/v2\/posts"}],"about":[{"href":"https:\/\/fleschmazowsza.com.pl\/index.php?rest_route=\/wp\/v2\/types\/post"}],"author":[{"embeddable":true,"href":"https:\/\/fleschmazowsza.com.pl\/index.php?rest_route=\/wp\/v2\/users\/2"}],"replies":[{"embeddable":true,"href":"https:\/\/fleschmazowsza.com.pl\/index.php?rest_route=%2Fwp%2Fv2%2Fcomments&post=3041"}],"version-history":[{"count":1,"href":"https:\/\/fleschmazowsza.com.pl\/index.php?rest_route=\/wp\/v2\/posts\/3041\/revisions"}],"predecessor-version":[{"id":3043,"href":"https:\/\/fleschmazowsza.com.pl\/index.php?rest_route=\/wp\/v2\/posts\/3041\/revisions\/3043"}],"wp:featuredmedia":[{"embeddable":true,"href":"https:\/\/fleschmazowsza.com.pl\/index.php?rest_route=\/wp\/v2\/media\/3042"}],"wp:attachment":[{"href":"https:\/\/fleschmazowsza.com.pl\/index.php?rest_route=%2Fwp%2Fv2%2Fmedia&parent=3041"}],"wp:term":[{"taxonomy":"category","embeddable":true,"href":"https:\/\/fleschmazowsza.com.pl\/index.php?rest_route=%2Fwp%2Fv2%2Fcategories&post=3041"},{"taxonomy":"post_tag","embeddable":true,"href":"https:\/\/fleschmazowsza.com.pl\/index.php?rest_route=%2Fwp%2Fv2%2Ftags&post=3041"}],"curies":[{"name":"wp","href":"https:\/\/api.w.org\/{rel}","templated":true}]}}