{"id":3038,"date":"2019-03-18T12:08:10","date_gmt":"2019-03-18T11:08:10","guid":{"rendered":"http:\/\/fleschmazowsza.com.pl\/?p=3038"},"modified":"2019-03-18T12:08:12","modified_gmt":"2019-03-18T11:08:12","slug":"czy-parking-przy-parku-skarbkow-bedzie-czesciowo-bezplatny","status":"publish","type":"post","link":"https:\/\/fleschmazowsza.com.pl\/?p=3038","title":{"rendered":"Czy parking przy Parku Skarbk\u00f3w b\u0119dzie cz\u0119\u015bciowo bezp\u0142atny?"},"content":{"rendered":"\n<p><strong>W Grodzisku Mazowieckim w grudniu ubieg\u0142ego roku zosta\u0142a przyj\u0119ta uchwa\u0142a zak\u0142adaj\u0105ca rozszerzenie strefy p\u0142atnego parkowania w mie\u015bcie. Spotka\u0142o si\u0119 toz krytyk\u0105 mieszka\u0144c\u00f3w, wobec kt\u00f3rej w\u0142adze samorz\u0105du chc\u0105 si\u0119 ustosunkowa\u0107 i dokona\u0107 oczekiwanej modyfikacji projektu.  <\/strong><\/p>\n\n\n\n<p>Rozszerzenie strefy parkowania mia\u0142o\ndotyczy\u0107 trzech ulic: 3-ego Maja, Lutnianej oraz Okulickiego. Co\nwi\u0119cej, na parkingach, kt\u00f3re do tej pory nie wymaga\u0142y op\u0142aty za\npost\u00f3j, r\u00f3wnie\u017c wprowadzono parkometry. Sta\u0142o si\u0119 tak w\nmiejscach, w kt\u00f3rych zaparkowa\u0107 pojazd by\u0142o szczeg\u00f3lnie trudno:\nprzy Parku Skarbk\u00f3w, Mediatece oraz Centrum Kultury. Cho\u0107 op\u0142ata\ndotyczy wy\u0142\u0105cznie w\u0142a\u015bcicieli, kt\u00f3rzy pozostawiaj\u0105 samoch\u00f3d na\nwi\u0119cej ni\u017c trzy godziny, spowodowa\u0142o to niezadowolenie wielu\nkierowc\u00f3w. \n<\/p>\n\n\n\n<p>Dwumiesi\u0119czna praktyka oraz obserwacja\nskutk\u00f3w wprowadzonego rozwi\u0105zania sprawi\u0142y, \u017ce obecnie magistrat\nnie wyklucza modyfikacji. Pojawi\u0142a si\u0119 tak\u017ce inicjatywa, aby\nparking przy Parku Skarbk\u00f3w podzieli\u0107 na dwie strefy: p\u0142atn\u0105 oraz\nbezp\u0142atn\u0105. Przyczyn\u0105 jest du\u017ca liczba parkowanych samochod\u00f3w,\nkt\u00f3rych w\u0142a\u015bciciele przesiadaj\u0105 si\u0119 do poci\u0105g\u00f3w jad\u0105cych do\nWarszawy. Z pewno\u015bci\u0105 takie rozstrzygni\u0119cie zadowoli\u0142oby spor\u0105\ncz\u0119\u015b\u0107 kierowc\u00f3w, kt\u00f3rzy pozostawiaj\u0105 tam samochody w godzinach\npracy, do kt\u00f3rej doje\u017cd\u017caj\u0105 poci\u0105gami.<\/p>\n\n\n\n<p>W\u0142adze przewiduj\u0105 niezw\u0142oczne\npodj\u0119cie decyzji w sprawie ewentualnych zmian, a nast\u0119pnie\nwprowadzenie ich w \u017cycie. Burmistrz miasta, Grzegorz Benedykci\u0144ski\nzapewnia, \u017ce rozmowy zostan\u0105 rozpocz\u0119te najszybciej jak b\u0119dzie to\nmo\u017cliwe. Oczekiwane rozstrzygni\u0119cia przewidywane s\u0105 w ci\u0105gu\ntygodnia.<\/p>\n\n\n\n<p style=\"text-align:right\"><strong>Aneta Czarnecka<\/strong><\/p>\n\n\n\n<p style=\"text-align:right\">Fot.:<em><strong> Pixabay<\/strong><\/em><\/p>\n","protected":false},"excerpt":{"rendered":"<p>W Grodzisku Mazowieckim w grudniu ubieg\u0142ego roku zosta\u0142a przyj\u0119ta uchwa\u0142a zak\u0142adaj\u0105ca rozszerzenie strefy p\u0142atnego parkowania w mie\u015bcie. Spotka\u0142o si\u0119 toz krytyk\u0105 mieszka\u0144c\u00f3w, wobec kt\u00f3rej w\u0142adze samorz\u0105du chc\u0105 si\u0119 ustosunkowa\u0107 i dokona\u0107 oczekiwanej modyfikacji projektu. Rozszerzenie strefy parkowania mia\u0142o dotyczy\u0107 trzech ulic: 3-ego Maja, Lutnianej oraz Okulickiego. Co wi\u0119cej, na parkingach, kt\u00f3re do tej pory nie [&hellip;]<\/p>\n","protected":false},"author":2,"featured_media":3039,"comment_status":"closed","ping_status":"open","sticky":false,"template":"","format":"standard","meta":{"footnotes":""},"categories":[8,5],"tags":[],"class_list":["post-3038","post","type-post","status-publish","format-standard","has-post-thumbnail","hentry","category-roznosci","category-wiadomosci"],"_links":{"self":[{"href":"https:\/\/fleschmazowsza.com.pl\/index.php?rest_route=\/wp\/v2\/posts\/3038","targetHints":{"allow":["GET"]}}],"collection":[{"href":"https:\/\/fleschmazowsza.com.pl\/index.php?rest_route=\/wp\/v2\/posts"}],"about":[{"href":"https:\/\/fleschmazowsza.com.pl\/index.php?rest_route=\/wp\/v2\/types\/post"}],"author":[{"embeddable":true,"href":"https:\/\/fleschmazowsza.com.pl\/index.php?rest_route=\/wp\/v2\/users\/2"}],"replies":[{"embeddable":true,"href":"https:\/\/fleschmazowsza.com.pl\/index.php?rest_route=%2Fwp%2Fv2%2Fcomments&post=3038"}],"version-history":[{"count":1,"href":"https:\/\/fleschmazowsza.com.pl\/index.php?rest_route=\/wp\/v2\/posts\/3038\/revisions"}],"predecessor-version":[{"id":3040,"href":"https:\/\/fleschmazowsza.com.pl\/index.php?rest_route=\/wp\/v2\/posts\/3038\/revisions\/3040"}],"wp:featuredmedia":[{"embeddable":true,"href":"https:\/\/fleschmazowsza.com.pl\/index.php?rest_route=\/wp\/v2\/media\/3039"}],"wp:attachment":[{"href":"https:\/\/fleschmazowsza.com.pl\/index.php?rest_route=%2Fwp%2Fv2%2Fmedia&parent=3038"}],"wp:term":[{"taxonomy":"category","embeddable":true,"href":"https:\/\/fleschmazowsza.com.pl\/index.php?rest_route=%2Fwp%2Fv2%2Fcategories&post=3038"},{"taxonomy":"post_tag","embeddable":true,"href":"https:\/\/fleschmazowsza.com.pl\/index.php?rest_route=%2Fwp%2Fv2%2Ftags&post=3038"}],"curies":[{"name":"wp","href":"https:\/\/api.w.org\/{rel}","templated":true}]}}